{"id":630915,"date":"2025-12-30T23:37:13","date_gmt":"2025-12-30T23:37:13","guid":{"rendered":"https:\/\/www.europesays.com\/fr\/630915\/"},"modified":"2025-12-30T23:37:13","modified_gmt":"2025-12-30T23:37:13","slug":"gaza-la-situation-humanitaire-demeure-catastrophique-alertent-10-pays-dont-la-france","status":"publish","type":"post","link":"https:\/\/www.europesays.com\/fr\/630915\/","title":{"rendered":"Gaza : \u00ab\u00a0la situation humanitaire demeure catastrophique\u00a0\u00bb, alertent 10 pays, dont la France"},"content":{"rendered":"<ul class=\"jsx-862013697 ArticleChapo__List\">\n<li class=\"jsx-862013697 ArticleChapo__List_Item flex\">Les ministres des Affaires \u00e9trang\u00e8res de 10 pays ont exhort\u00e9 ce mardi les autorit\u00e9s isra\u00e9liennes \u00e0 \u00ab\u00a0garantir un acc\u00e8s\u00a0\u00bb \u00e0 l&rsquo;aide \u00e0 Gaza.<\/li>\n<li class=\"jsx-862013697 ArticleChapo__List_Item flex\">La situation humanitaire y demeure \u00ab\u00a0catastrophique\u00a0\u00bb selon eux.<\/li>\n<li class=\"jsx-862013697 ArticleChapo__List_Item flex\">Ils appellent en outre \u00e0 la lev\u00e9e des restrictions sur les importations et \u00e0 l&rsquo;ouverture de points de passage.<\/li>\n<\/ul>\n<p><a href=\"https:\/\/www.tf1info.fr\/actualite\/guerre-israel-hamas-le-plan-de-paix-de-donald-trump-enfin-un-tournant-dans-la-guerre-a-gaza-13863\/\" rel=\"noopener\" class=\"jsx-484472199 Link jsx-1428418400 jsx-554215408\" target=\"_blank\"><\/p>\n<p style=\"font-weight:400\" class=\"jsx-1837267516\">Suivez la couverture compl\u00e8te<\/p>\n<p style=\"font-weight:800\" class=\"jsx-1837267516\">\u00c0 Gaza, un fragile cessez-le-feu dans le cadre du plan Trump<\/p>\n<p><\/a><\/p>\n<p data-module=\"article-paragraph\" class=\"jsx-157965717 Paragraph Paragraph__End\">La situation humanitaire \u00e0 <a href=\"https:\/\/www.tf1info.fr\/international\/bande-de-gaza-israel-annonce-que-les-habitants-pourront-sortir-par-l-egypte-dans-les-prochains-jours-2410490.html\" target=\"_blank\" rel=\"noopener\">Gaza<\/a> demeure \u00ab\u00a0catastrophique\u00a0\u00bb. Pr\u00e8s de deux mois apr\u00e8s l&rsquo;entr\u00e9e en vigueur d&rsquo;un <a href=\"https:\/\/www.tf1info.fr\/international\/guerre-israel-hamas-netanyahou-prevoit-de-passer-tres-bientot-a-la-2-phase-de-l-accord-de-cessez-le-feu-et-a-terme-de-deradicaliser-gaza-2411371.html\" target=\"_blank\" rel=\"noopener\">cessez-le-feu pr\u00e9caire<\/a>, les ministres des Affaires \u00e9trang\u00e8res de dix <a href=\"https:\/\/www.tf1info.fr\/international\/plusieurs-pays-dont-la-france-appellent-israel-a-cesser-l-expansion-des-colonies-2414744.html\" target=\"_blank\" rel=\"noopener\">pays, dont la France<\/a>, ont exhort\u00e9 ce mardi 30 d\u00e9cembre <a href=\"https:\/\/www.tf1info.fr\/international\/guerre-gaza-donald-trump-recoit-benyamin-netanyahou-pour-aborder-les-suites-de-la-treve-2415414.html\" target=\"_blank\" rel=\"noopener\">les autorit\u00e9s isra\u00e9liennes<\/a> \u00e0 \u00ab\u00a0garantir un acc\u00e8s\u00a0\u00bb \u00e0 l&rsquo;aide \u00e0 Gaza.\u00a0<\/p>\n<p data-module=\"article-paragraph\" class=\"jsx-157965717 Paragraph Paragraph__End\">\u00ab\u00a0Nous exprimons notre profonde inqui\u00e9tude face \u00e0 la nouvelle d\u00e9gradation de la situation humanitaire \u00e0 Gaza, qui demeure catastrophique\u00a0\u00bb, \u00e9crivent dans un communiqu\u00e9 commun les chefs de la diplomatie du Canada, du Danemark, de la Finlande, de la France, de l&rsquo;Islande, du Japon, de la Norv\u00e8ge, de la Su\u00e8de, de la Suisse et du Royaume-Uni.<\/p>\n<blockquote class=\"jsx-2786790838 Quote__Text\"><p>1,3 million de personnes ont toujours urgemment besoin d&rsquo;un abri<\/p><\/blockquote>\n<p>Les ministres des Affaires \u00e9trang\u00e8res de dix pays<\/p>\n<p data-module=\"article-paragraph\" class=\"jsx-157965717 Paragraph Paragraph__End\">Dans le territoire palestinien qui compte 2,2 millions d&rsquo;habitants, \u00ab\u00a01,3 million de personnes ont toujours urgemment besoin d&rsquo;un abri\u00a0\u00bb, \u00e9crivent les ministres. \u00ab\u00a0Plus de la moiti\u00e9 des \u00e9tablissements de sant\u00e9 ne fonctionnent que partiellement\u00a0\u00bb et \u00ab\u00a0la majorit\u00e9 de la population (1,6 million de personnes) est confront\u00e9e \u00e0 des niveaux \u00e9lev\u00e9s d&rsquo;ins\u00e9curit\u00e9 alimentaire aigu\u00eb\u00a0\u00bb, d\u00e9plorent-ils en outre.<\/p>\n<p data-module=\"article-paragraph\" class=\"jsx-157965717 Paragraph Paragraph__End\">Face \u00e0 la \u00ab\u00a0d\u00e9tresse de la population civile\u00a0\u00bb, ces dix pays demandent au gouvernement isra\u00e9lien de \u00ab\u00a0veiller \u00e0 ce que les ONG internationales puissent op\u00e9rer \u00e0 Gaza de mani\u00e8re durable et dans un cadre pr\u00e9visible\u00a0\u00bb. Une grande incertitude p\u00e8se notamment sur des organisations, qui devraient \u00eatre fix\u00e9es sur leur sort le 31 d\u00e9cembre, apr\u00e8s la mise en place de proc\u00e9dures draconiennes d&rsquo;enregistrement par Isra\u00ebl.\u00a0<\/p>\n<p>L&rsquo;aide des ONG internationales en suspens<\/p>\n<p data-module=\"article-paragraph\" class=\"jsx-157965717 Paragraph Paragraph__End\">\u00ab\u00a0De nombreuses ONG internationales partenaires reconnues risquent d&rsquo;\u00eatre radi\u00e9es\u00a0\u00bb, s&rsquo;inqui\u00e8tent les chefs de la diplomatie. \u00ab\u00a0Si les op\u00e9rations des ONG internationales sont interrompues, un \u00e9tablissement de sant\u00e9 sur trois fermera \u00e0 Gaza\u00a0\u00bb, alertent-ils dans le communiqu\u00e9. Fin novembre, 14 organisations avaient d\u00e9j\u00e0 \u00e9t\u00e9 interdites d&rsquo;acc\u00e8s, dont Save the children, l&rsquo;une des plus connues et anciennes \u00e0 Gaza, o\u00f9 elle vient en aide \u00e0 120.000 enfants.<\/p>\n<p data-module=\"article-paragraph\" class=\"jsx-157965717 Paragraph Paragraph__End\">Les dix ministres des Affaires \u00e9trang\u00e8res demandent par ailleurs la lev\u00e9e des \u00ab\u00a0restrictions excessives sur les importations de biens consid\u00e9r\u00e9s \u00e0 double usage\u00a0\u00bb et l&rsquo;ouverture de points de passage pour accro\u00eetre \u00ab\u00a0les flux d&rsquo;aide humanitaire parvenant \u00e0 Gaza\u00a0\u00bb, afin que \u00ab\u00a0les Nations unies et leurs partenaires puissent poursuivre leur travail vital\u00a0\u00bb.<\/p>\n<p><a href=\"https:\/\/www.tf1info.fr\/international\/gaza-le-hamas-refuse-de-desarmer-trump-menace-qu-il-pourrait-payer-le-prix-fort-2415578.html\" rel=\"noopener\" class=\"jsx-3308031228 Link flex\" target=\"_blank\"><img decoding=\"async\" src=\"https:\/\/www.europesays.com\/fr\/wp-content\/uploads\/2025\/12\/donald-trump-au-cours-de-sa-conference-de-presse-avec-netanyahou-a-palm-beach-le-29-dec-2025-4af86d-.jpeg\" alt=\"Jim WATSON \/ AFP\" loading=\"lazy\" importance=\"low\" fetchpriority=\"low\" class=\"\" aria-hidden=\"true\"\/><\/p>\n<p class=\"jsx-3657663356 ReadMoreArticle__Title\">Lire aussi<\/p>\n<p class=\"jsx-3657663356\">Gaza : le Hamas refuse de d\u00e9sarmer, Trump menace qu&rsquo;il pourrait \u00ab\u00a0payer le prix fort\u00a0\u00bb<\/p>\n<p><\/a><\/p>\n<p data-module=\"article-paragraph\" class=\"jsx-157965717 Paragraph Paragraph__End\">Enfin, les dix ministres signataires du communiqu\u00e9 saluent \u00ab\u00a0les avanc\u00e9es importantes r\u00e9alis\u00e9es pour mettre un terme aux effusions de sang \u00e0 Gaza\u00a0\u00bb. Ils demandent \u00e0 nouveau au Hamas \u00ab\u00a0de d\u00e9poser les armes et de renoncer \u00e0 la violence\u00a0\u00bb et appellent \u00e0 \u00ab\u00a0la restitution sans d\u00e9lai de la d\u00e9pouille du dernier otage d\u00e9c\u00e9d\u00e9\u00a0\u00bb.<\/p>\n<p>Victor GAUTIER avec AFP<\/p>\n","protected":false},"excerpt":{"rendered":"Les ministres des Affaires \u00e9trang\u00e8res de 10 pays ont exhort\u00e9 ce mardi les autorit\u00e9s isra\u00e9liennes \u00e0 \u00ab\u00a0garantir un&hellip;\n","protected":false},"author":2,"featured_media":630916,"comment_status":"","ping_status":"","sticky":false,"template":"","format":"standard","meta":{"footnotes":""},"categories":[4],"tags":[59771,1111,11,1921,4628,574,145,219,1011,27,3519,1922,12528,664,2070,12,673,3518,2543,25,473,7199,3067,59772,133,1920],"class_list":{"0":"post-630915","1":"post","2":"type-post","3":"status-publish","4":"format-standard","5":"has-post-thumbnail","7":"category-france","8":"tag-a-gaza","9":"tag-actu","10":"tag-actualites","11":"tag-article-video","12":"tag-bande-de-gaza","13":"tag-canada","14":"tag-danemark","15":"tag-finlande","16":"tag-fr","17":"tag-france","18":"tag-hamas","19":"tag-info","20":"tag-islande","21":"tag-israel","22":"tag-japon","23":"tag-news","24":"tag-norvege","25":"tag-palestine","26":"tag-relations-internationales","27":"tag-republique-francaise","28":"tag-royaume-uni","29":"tag-suede","30":"tag-suisse","31":"tag-un-fragile-cessez-le-feu-dans-le-cadre-du-plan-trump","32":"tag-video","33":"tag-video-international"},"share_on_mastodon":{"url":"https:\/\/pubeurope.com\/@fr\/115811152284804006","error":""},"_links":{"self":[{"href":"https:\/\/www.europesays.com\/fr\/wp-json\/wp\/v2\/posts\/630915","targetHints":{"allow":["GET"]}}],"collection":[{"href":"https:\/\/www.europesays.com\/fr\/wp-json\/wp\/v2\/posts"}],"about":[{"href":"https:\/\/www.europesays.com\/fr\/wp-json\/wp\/v2\/types\/post"}],"author":[{"embeddable":true,"href":"https:\/\/www.europesays.com\/fr\/wp-json\/wp\/v2\/users\/2"}],"replies":[{"embeddable":true,"href":"https:\/\/www.europesays.com\/fr\/wp-json\/wp\/v2\/comments?post=630915"}],"version-history":[{"count":0,"href":"https:\/\/www.europesays.com\/fr\/wp-json\/wp\/v2\/posts\/630915\/revisions"}],"wp:featuredmedia":[{"embeddable":true,"href":"https:\/\/www.europesays.com\/fr\/wp-json\/wp\/v2\/media\/630916"}],"wp:attachment":[{"href":"https:\/\/www.europesays.com\/fr\/wp-json\/wp\/v2\/media?parent=630915"}],"wp:term":[{"taxonomy":"category","embeddable":true,"href":"https:\/\/www.europesays.com\/fr\/wp-json\/wp\/v2\/categories?post=630915"},{"taxonomy":"post_tag","embeddable":true,"href":"https:\/\/www.europesays.com\/fr\/wp-json\/wp\/v2\/tags?post=630915"}],"curies":[{"name":"wp","href":"https:\/\/api.w.org\/{rel}","templated":true}]}}