{"id":630917,"date":"2025-12-30T23:40:11","date_gmt":"2025-12-30T23:40:11","guid":{"rendered":"https:\/\/www.europesays.com\/fr\/630917\/"},"modified":"2025-12-30T23:40:11","modified_gmt":"2025-12-30T23:40:11","slug":"crise-a-venir-a-bayonne","status":"publish","type":"post","link":"https:\/\/www.europesays.com\/fr\/630917\/","title":{"rendered":"Crise \u00e0 venir \u00e0 Bayonne ?"},"content":{"rendered":"<p><strong>Malmen\u00e9 par le Stade Fran\u00e7ais<br \/>\nsamedi dernier, l\u2019Aviron Bayonnais a fini par l\u2019emporter lors de la<br \/>\n13\u00e8me journ\u00e9e de Top 14. Mais le pr\u00e9sident du club basque Philippe<br \/>\nTayeb et le directeur du rugby Laurent Travers veulent plus de bons<br \/>\nr\u00e9sultats, notamment \u00e0 l\u2019ext\u00e9rieur, ce qui am\u00e8ne \u00e0 quelques<br \/>\ntensions dans les coulisses selon L\u2019\u00c9quipe.<\/strong><\/p>\n<p>L\u2019Aviron Bayonnais couve t-il un d\u00e9but de crise ? S\u2019il est<br \/>\npeut-\u00eatre un peu t\u00f4t pour employer ce terme, le journal<br \/>\nL\u2019\u00c9quipe nous apprend que l\u2019ambiance n\u2019est pas tellement<br \/>\nau beau fixe en ce moment. Le club basque sort certes d\u2019une<br \/>\nvictoire \u00e0 Jean-Dauger contre le Stade Fran\u00e7ais (35-34) mais<br \/>\ncelle-ci a permis de stopper une s\u00e9rie de trois revers de rang,<br \/>\ndeux en Champions Cup et plus r\u00e9cemment face au Stade Rochelais.<br \/>\nAvec 34 points, Bayonne figure \u00e0 la 6\u00e8me place du Top 14, en l\u00e9ger<br \/>\nrecul par rapport \u00e0 l\u2019an dernier (4\u00e8me, 38 points).<\/p>\n<p>\u00c0 en croire le quotidien sportif, les r\u00e9cents r\u00e9sultats, qui<br \/>\nplus est \u00e0 l\u2019ext\u00e9rieur, agacent de plus en plus dans les hautes<br \/>\nsph\u00e8res du club. Comme indiqu\u00e9 par L\u2019\u00c9quipe, le pr\u00e9sident du club<br \/>\nbasque Philippe Tayeb et le directeur du rugby Laurent Travers ont<br \/>\nr\u00e9cemment r\u00e9uni les joueurs sans leur coach puis ce dernier, \u00e0 part<br \/>\n\u00e9galement, pour un point avant le passage \u00e0 2026.<\/p>\n<p>Un pr\u00e9sident en<br \/>\ncol\u00e8re<\/p>\n<p>Le moins que l\u2019on puisse dire est que les deux dirigeants<br \/>\npr\u00e9c\u00e9demment cit\u00e9s ont certes distribu\u00e9 les bons points mais n\u2019ont<br \/>\npas fait dans l\u2019\u00e9conomie quand il a fallu \u00e9voquer les mauvais : la<br \/>\nm\u00eal\u00e9e et la touche pour ne pas les citer. Le duo Tayeb et Travers<br \/>\nestime que l\u2019\u00e9quipe affiche des carences et trop de failles alors<br \/>\nque l\u2019Aviron a jou\u00e9 davantage \u00e0 la maison (son point fort) qu\u2019\u00e0<br \/>\nl\u2019ext\u00e9rieur. Et justement, les r\u00e9sultats de Bayonne en d\u00e9placement<br \/>\nont tendance \u00e0 crisper la direction puisqu\u2019ils sont jug\u00e9s \u00ab<br \/>\ncatastrophiques \u00bb avec des \u00e9carts consid\u00e9rables.<\/p>\n<p>D\u2019apr\u00e8s le journal, ces grossi\u00e8res d\u00e9faites \u00ab nuisent \u00e0<br \/>\nl\u2019image du club et d\u00e9courageraient certains futurs possibles<br \/>\npartenaires financiers \u00bb. Aupr\u00e8s de son cercle rapproch\u00e9,<br \/>\nTayeb aurait m\u00eame parl\u00e9 de \u00ab honte \u00bb pour \u00e9voquer le revers contre<br \/>\nHarlequins (68-14). Le pr\u00e9sident bayonnais entretient \u00e9galement une<br \/>\nrelation ti\u00e8de si ce n\u2019est fra\u00eeche avec l\u2019entra\u00eeneur principal<br \/>\nGr\u00e9gory Patat, qu\u2019il a pourtant prolong\u00e9 de deux ans conform\u00e9ment<br \/>\naux objectifs fix\u00e9s la saison pass\u00e9e. Ambiance.<\/p>\n","protected":false},"excerpt":{"rendered":"Malmen\u00e9 par le Stade Fran\u00e7ais samedi dernier, l\u2019Aviron Bayonnais a fini par l\u2019emporter lors de la 13\u00e8me journ\u00e9e&hellip;\n","protected":false},"author":2,"featured_media":630918,"comment_status":"","ping_status":"","sticky":false,"template":"","format":"standard","meta":{"footnotes":""},"categories":[1416],"tags":[1011,27,479,1468,57681,60],"class_list":{"0":"post-630917","1":"post","2":"type-post","3":"status-publish","4":"format-standard","5":"has-post-thumbnail","7":"category-rugby","8":"tag-fr","9":"tag-france","10":"tag-rugby","11":"tag-rugby-football","12":"tag-sport365-fr","13":"tag-sports"},"share_on_mastodon":{"url":"https:\/\/pubeurope.com\/@fr\/115811164062049999","error":""},"_links":{"self":[{"href":"https:\/\/www.europesays.com\/fr\/wp-json\/wp\/v2\/posts\/630917","targetHints":{"allow":["GET"]}}],"collection":[{"href":"https:\/\/www.europesays.com\/fr\/wp-json\/wp\/v2\/posts"}],"about":[{"href":"https:\/\/www.europesays.com\/fr\/wp-json\/wp\/v2\/types\/post"}],"author":[{"embeddable":true,"href":"https:\/\/www.europesays.com\/fr\/wp-json\/wp\/v2\/users\/2"}],"replies":[{"embeddable":true,"href":"https:\/\/www.europesays.com\/fr\/wp-json\/wp\/v2\/comments?post=630917"}],"version-history":[{"count":0,"href":"https:\/\/www.europesays.com\/fr\/wp-json\/wp\/v2\/posts\/630917\/revisions"}],"wp:featuredmedia":[{"embeddable":true,"href":"https:\/\/www.europesays.com\/fr\/wp-json\/wp\/v2\/media\/630918"}],"wp:attachment":[{"href":"https:\/\/www.europesays.com\/fr\/wp-json\/wp\/v2\/media?parent=630917"}],"wp:term":[{"taxonomy":"category","embeddable":true,"href":"https:\/\/www.europesays.com\/fr\/wp-json\/wp\/v2\/categories?post=630917"},{"taxonomy":"post_tag","embeddable":true,"href":"https:\/\/www.europesays.com\/fr\/wp-json\/wp\/v2\/tags?post=630917"}],"curies":[{"name":"wp","href":"https:\/\/api.w.org\/{rel}","templated":true}]}}