{"id":630925,"date":"2025-12-30T23:47:10","date_gmt":"2025-12-30T23:47:10","guid":{"rendered":"https:\/\/www.europesays.com\/fr\/630925\/"},"modified":"2025-12-30T23:47:10","modified_gmt":"2025-12-30T23:47:10","slug":"ce-que-lon-sait-du-deces-de-lancienne-enfant-star-et-representante-francaise-a-leurovision-est-morte","status":"publish","type":"post","link":"https:\/\/www.europesays.com\/fr\/630925\/","title":{"rendered":"ce que l&rsquo;on sait du d\u00e9c\u00e8s de l&rsquo;ancienne enfant star et repr\u00e9sentante fran\u00e7aise \u00e0 l&rsquo;Eurovision est morte"},"content":{"rendered":"<p>Le monde de la <a href=\"https:\/\/www.laprovence.com\/article\/culture-loisirs\/47325465138623\/a-avignon-le-festival-droles-d-oiseaux-promeut-la-chanson-francaise-alternative\" target=\"_blank\" rel=\"noopener\">chanson fran\u00e7aise<\/a> perd une voix famili\u00e8re : Fanny Biascamano, qui avait marqu\u00e9 les ann\u00e9es 90 d\u00e8s son plus jeune \u00e2ge, s&rsquo;est \u00e9teinte, suscitant \u00e9motion et souvenirs chez ses fans.<\/p>\n<p>Une longue maladie<\/p>\n<p>La chanteuse, originaire de S\u00e8te, dans l&rsquo;H\u00e9rault, est morte le 27 d\u00e9cembre 2025 \u00e0 l&rsquo;\u00e2ge de 46 ans apr\u00e8s une longue maladie, ont rapport\u00e9 nos confr\u00e8res de <a href=\"https:\/\/www.midilibre.fr\/2025\/12\/29\/rendue-celebre-pour-son-interpretation-de-lhomme-a-la-moto-de-piaf-la-chanteuse-setoise-fanny-est-decedee-13135098.php\" target=\"_blank\" rel=\"noopener\">Midi Libre<\/a>.<\/p>\n<p>R\u00e9v\u00e9l\u00e9e \u00e0 l&rsquo;\u00e2ge de 12 ans gr\u00e2ce \u00e0 sa reprise rock de \u00ab\u00a0L&rsquo;Homme \u00e0 la moto\u00a0\u00bb d<a href=\"https:\/\/www.laprovence.com\/article\/sortie-loisirs\/4678305593495614\/de-plus-belle-la-vie-a-edith-piaf-les-secrets-du-chateau-pastre-a-marseille\" target=\"_blank\" rel=\"noopener\">&lsquo;\u00c9dith Piaf<\/a> lors de l&rsquo;\u00e9mission t\u00e9l\u00e9vis\u00e9e Sacr\u00e9e Soir\u00e9e, elle avait rapidement connu le succ\u00e8s avec ce premier single.\u00a0<\/p>\n<p>Fanny avait ensuite repr\u00e9sent\u00e9 la France au Concours <a href=\"https:\/\/www.laprovence.com\/article\/culture-loisirs\/37771119448344\/eurovision-israel-pourra-bien-participer-plusieurs-pays-boycottent-le-concours\" target=\"_blank\" rel=\"noopener\">Eurovision <\/a>de la chanson 1997 \u00e0 Dublin avec \u00ab\u00a0Sentiments songes\u00a0\u00bb, terminant \u00e0 la 7e place, ce qui avait consolid\u00e9 sa notori\u00e9t\u00e9. Fanny termine alors \u00e0 la 7e place.<\/p>\n<p>Au-del\u00e0 de la sc\u00e8ne, elle s&rsquo;\u00e9tait tourn\u00e9e vers d&rsquo;autres projets, notamment l&rsquo;\u00e9criture de livres, avant de s&rsquo;\u00e9loigner progressivement des feux de la rampe.\u00a0<\/p>\n<p>Un dernier hommage est pr\u00e9vu le 3 janvier 2026 \u00e0 9h30 \u00e0 l&rsquo;\u00e9glise Saint-Joseph de <a href=\"https:\/\/www.laprovence.com\/article\/sante\/1684286657681514\/30-ans-et-toujours-en-forme-le-quotidien-et-l-alimentation-etonnants-du-chat-le-plus-age-du-monde\" target=\"_blank\" rel=\"noopener\">S\u00e8te<\/a>, sa ville natale, o\u00f9 proches et admirateurs pourront se recueillir.\u00a0<\/p>\n","protected":false},"excerpt":{"rendered":"Le monde de la chanson fran\u00e7aise perd une voix famili\u00e8re : Fanny Biascamano, qui avait marqu\u00e9 les ann\u00e9es&hellip;\n","protected":false},"author":2,"featured_media":630926,"comment_status":"","ping_status":"","sticky":false,"template":"","format":"standard","meta":{"footnotes":""},"categories":[1359],"tags":[17,1764,73980,1102,251,58,59,18594,1011,27,747,18,973,746,748],"class_list":{"0":"post-630925","1":"post","2":"type-post","3":"status-publish","4":"format-standard","5":"has-post-thumbnail","7":"category-people","8":"tag-17","9":"tag-ans","10":"tag-biascamano","11":"tag-breakingnews","12":"tag-culture","13":"tag-divertissement","14":"tag-entertainment","15":"tag-fanny","16":"tag-fr","17":"tag-france","18":"tag-lon","19":"tag-mort","20":"tag-people","21":"tag-que","22":"tag-sait"},"share_on_mastodon":{"url":"https:\/\/pubeurope.com\/@fr\/115811191670300415","error":""},"_links":{"self":[{"href":"https:\/\/www.europesays.com\/fr\/wp-json\/wp\/v2\/posts\/630925","targetHints":{"allow":["GET"]}}],"collection":[{"href":"https:\/\/www.europesays.com\/fr\/wp-json\/wp\/v2\/posts"}],"about":[{"href":"https:\/\/www.europesays.com\/fr\/wp-json\/wp\/v2\/types\/post"}],"author":[{"embeddable":true,"href":"https:\/\/www.europesays.com\/fr\/wp-json\/wp\/v2\/users\/2"}],"replies":[{"embeddable":true,"href":"https:\/\/www.europesays.com\/fr\/wp-json\/wp\/v2\/comments?post=630925"}],"version-history":[{"count":0,"href":"https:\/\/www.europesays.com\/fr\/wp-json\/wp\/v2\/posts\/630925\/revisions"}],"wp:featuredmedia":[{"embeddable":true,"href":"https:\/\/www.europesays.com\/fr\/wp-json\/wp\/v2\/media\/630926"}],"wp:attachment":[{"href":"https:\/\/www.europesays.com\/fr\/wp-json\/wp\/v2\/media?parent=630925"}],"wp:term":[{"taxonomy":"category","embeddable":true,"href":"https:\/\/www.europesays.com\/fr\/wp-json\/wp\/v2\/categories?post=630925"},{"taxonomy":"post_tag","embeddable":true,"href":"https:\/\/www.europesays.com\/fr\/wp-json\/wp\/v2\/tags?post=630925"}],"curies":[{"name":"wp","href":"https:\/\/api.w.org\/{rel}","templated":true}]}}