{"id":630927,"date":"2025-12-30T23:48:19","date_gmt":"2025-12-30T23:48:19","guid":{"rendered":"https:\/\/www.europesays.com\/fr\/630927\/"},"modified":"2025-12-30T23:48:19","modified_gmt":"2025-12-30T23:48:19","slug":"lannee-2025-dans-loeil-des-photographes-du-pays-de-concarneau-en-images","status":"publish","type":"post","link":"https:\/\/www.europesays.com\/fr\/630927\/","title":{"rendered":"L\u2019ann\u00e9e 2025 dans l\u2019\u0153il des photographes du pays de Concarneau [En images]"},"content":{"rendered":"<p>Le 30 d\u00e9cembre 2025 \u00e0 18h30<\/p>\n<p class=\"tlg-h5\">Toute l\u2019ann\u00e9e, vous avez encore \u00e9t\u00e9 nombreux \u00e0 nous adresser vos plus beaux clich\u00e9s du Pays de Concarneau, pour les partager, via notre rubrique L\u2019\u0152il du photographe. La s\u00e9lection n\u2019est jamais facile. Elle l\u2019est plus encore, quand il s\u2019agit de choisir les sept qui, \u00e0 nos yeux, auront marqu\u00e9 2025.<\/p>\n<p>fermetureprecedent1<br \/>\n            \/<br \/>\n            7suivant<\/p>\n<p><img fetchpriority=\"high\" decoding=\"async\" src=\"https:\/\/www.europesays.com\/fr\/wp-content\/uploads\/2025\/12\/6954143f0b29ee959c0079b0.1.jpeg\"   width=\"960\" height=\"600\" class=\"web_golden_xl\" loading=\"eager\" alt=\"Un beau matin de novembre au H\u00e9nan, \u00e0 N\u00e9vez, par Sophie Naour.\"\/>1<\/p>\n<p>Un beau matin de novembre au H\u00e9nan, \u00e0 N\u00e9vez, par Sophie Naour.<\/p>\n<p> Sophie Naour<\/p>\n<p><img decoding=\"async\" src=\"https:\/\/www.europesays.com\/fr\/wp-content\/uploads\/2025\/12\/6954143fd9d727108905ca8e.1.jpeg\"   width=\"960\" height=\"600\" class=\"web_golden_xl\" loading=\"eager\" alt=\"En septembre, le double envol d\u2019aigrettes \u00e0 Tr\u00e9gunc sur le Loch Coziou, \u00e0 Tr\u00e9gunc, par Joseph Briant.\"\/>2<\/p>\n<p>En septembre, le double envol d\u2019aigrettes \u00e0 Tr\u00e9gunc sur le Loch Coziou, \u00e0 Tr\u00e9gunc, par Joseph Briant.<\/p>\n<p> Joseph Briant<\/p>\n<p><img decoding=\"async\" src=\"https:\/\/www.europesays.com\/fr\/wp-content\/uploads\/2025\/12\/6954144005f43074bc02d920.1.jpeg\"   width=\"960\" height=\"600\" class=\"web_golden_xl\" loading=\"eager\" alt=\"En mai, cache-cache dans les hautes herbes autour de Concarneau, par Erick G\u00e9rard.\"\/>3<\/p>\n<p>En mai, cache-cache dans les hautes herbes autour de Concarneau, par Erick G\u00e9rard.<\/p>\n<p> Erick G\u00e9rard<\/p>\n<p><img decoding=\"async\" src=\"https:\/\/www.europesays.com\/fr\/wp-content\/uploads\/2025\/12\/695414406fe737abf90e9076.1.jpeg\"   width=\"960\" height=\"600\" class=\"web_golden_xl\" loading=\"eager\" alt=\"En janvier, sur la mer sereine entre la plage des Quatre Sardines et l\u2019anse Saint-Jean, \u00e0 Concarneau, par Ronan Dor\u00e9.\"\/>4<\/p>\n<p>En janvier, sur la mer sereine entre la plage des Quatre Sardines et l\u2019anse Saint-Jean, \u00e0 Concarneau, par Ronan Dor\u00e9.<\/p>\n<p> Ronan Dor\u00e9<\/p>\n<p><img decoding=\"async\" src=\"https:\/\/www.europesays.com\/fr\/wp-content\/uploads\/2025\/12\/69541441f2af94735603ed9e.1.jpeg\"   width=\"960\" height=\"600\" class=\"web_golden_xl\" loading=\"eager\" alt=\"En f\u00e9vrier, \u00e0 Concarneau, le go\u00e9land qui se prenait pour Isis, par Colomban des D\u00e9serts.\"\/>5<\/p>\n<p>En f\u00e9vrier, \u00e0 Concarneau, le go\u00e9land qui se prenait pour Isis, par Colomban des D\u00e9serts.<\/p>\n<p> Colomban des D\u00e9serts<\/p>\n<p><img decoding=\"async\" src=\"https:\/\/www.europesays.com\/fr\/wp-content\/uploads\/2025\/12\/69541441776f93879c02ff03.1.jpeg\"   width=\"960\" height=\"600\" class=\"web_golden_xl\" loading=\"eager\" alt=\"En avril, sur les \u00e9tangs de Tr\u00e9vignon, \u00e0 Tr\u00e9gunc, le vol de l\u2019hirondelle de rivage, par Gildas Funtun.\"\/>6<\/p>\n<p>En avril, sur les \u00e9tangs de Tr\u00e9vignon, \u00e0 Tr\u00e9gunc, le vol de l\u2019hirondelle de rivage, par Gildas Funtun.<\/p>\n<p> Gildas Funtun<\/p>\n<p><img decoding=\"async\" src=\"https:\/\/www.europesays.com\/fr\/wp-content\/uploads\/2025\/12\/69541441e2263960880ede7e.1.jpeg\"   width=\"960\" height=\"600\" class=\"web_golden_xl\" loading=\"eager\" alt=\"En juillet, \u00e0 Tr\u00e9gunc, le Ca\u00efman entre les rochers, par Daniel P\u00e9ron.\"\/>7<\/p>\n<p>En juillet, \u00e0 Tr\u00e9gunc, le Ca\u00efman entre les rochers, par Daniel P\u00e9ron.<\/p>\n<p> Daniel P\u00e9ron<\/p>\n","protected":false},"excerpt":{"rendered":"Le 30 d\u00e9cembre 2025 \u00e0 18h30 Toute l\u2019ann\u00e9e, vous avez encore \u00e9t\u00e9 nombreux \u00e0 nous adresser vos plus&hellip;\n","protected":false},"author":2,"featured_media":630928,"comment_status":"","ping_status":"","sticky":false,"template":"","format":"standard","meta":{"footnotes":""},"categories":[1358],"tags":[1348,1384,1385,3322,1386,58,21357,59,1011,27,12241,18723,8278,21358,21359,21360,19529],"class_list":{"0":"post-630927","1":"post","2":"type-post","3":"status-publish","4":"format-standard","5":"has-post-thumbnail","7":"category-arts-et-design","8":"tag-arts","9":"tag-arts-and-design","10":"tag-arts-et-design","11":"tag-concarneau","12":"tag-design","13":"tag-divertissement","14":"tag-elliant","15":"tag-entertainment","16":"tag-fr","17":"tag-france","18":"tag-melgven","19":"tag-nevez","20":"tag-pont-aven","21":"tag-rosporden","22":"tag-saint-yvi","23":"tag-tourch","24":"tag-tregunc"},"share_on_mastodon":{"url":"https:\/\/pubeurope.com\/@fr\/115811195849150979","error":""},"_links":{"self":[{"href":"https:\/\/www.europesays.com\/fr\/wp-json\/wp\/v2\/posts\/630927","targetHints":{"allow":["GET"]}}],"collection":[{"href":"https:\/\/www.europesays.com\/fr\/wp-json\/wp\/v2\/posts"}],"about":[{"href":"https:\/\/www.europesays.com\/fr\/wp-json\/wp\/v2\/types\/post"}],"author":[{"embeddable":true,"href":"https:\/\/www.europesays.com\/fr\/wp-json\/wp\/v2\/users\/2"}],"replies":[{"embeddable":true,"href":"https:\/\/www.europesays.com\/fr\/wp-json\/wp\/v2\/comments?post=630927"}],"version-history":[{"count":0,"href":"https:\/\/www.europesays.com\/fr\/wp-json\/wp\/v2\/posts\/630927\/revisions"}],"wp:featuredmedia":[{"embeddable":true,"href":"https:\/\/www.europesays.com\/fr\/wp-json\/wp\/v2\/media\/630928"}],"wp:attachment":[{"href":"https:\/\/www.europesays.com\/fr\/wp-json\/wp\/v2\/media?parent=630927"}],"wp:term":[{"taxonomy":"category","embeddable":true,"href":"https:\/\/www.europesays.com\/fr\/wp-json\/wp\/v2\/categories?post=630927"},{"taxonomy":"post_tag","embeddable":true,"href":"https:\/\/www.europesays.com\/fr\/wp-json\/wp\/v2\/tags?post=630927"}],"curies":[{"name":"wp","href":"https:\/\/api.w.org\/{rel}","templated":true}]}}