{"id":630929,"date":"2025-12-30T23:50:12","date_gmt":"2025-12-30T23:50:12","guid":{"rendered":"https:\/\/www.europesays.com\/fr\/630929\/"},"modified":"2025-12-30T23:50:12","modified_gmt":"2025-12-30T23:50:12","slug":"danse-avec-les-stars-un-candidat-de-la-prochaine-saison-est-vise-par-une-plainte-pour-coups-et-blessures","status":"publish","type":"post","link":"https:\/\/www.europesays.com\/fr\/630929\/","title":{"rendered":"Danse avec les stars : un candidat de la prochaine saison est vis\u00e9 par une plainte pour \u00ab\u00a0coups et blessures\u00a0\u00bb"},"content":{"rendered":"<p>C\u2019est une nouvelle qui tombe \u00e0 un mauvais moment. Il y a quelques jours, le casting de la prochaine saison de Danse avec les stars a \u00e9t\u00e9 d\u00e9voil\u00e9 par TF1. On a pu ainsi d\u00e9couvrir que des stars, telles que la streameuse Maghla, que   <a href=\"https:\/\/www.programme-television.org\/news\/tv\/emissions-tele\/stephane-bern-devoile-la-reaction-d-une-cadre-de-france-televisions-a-sa-participation-a-danse-avec-les-stars-cela-a-fait-rire-4748876\" target=\"_self\" rel=\"noopener\">l\u2019animateur St\u00e9phane Bern<\/a> ou encore qu\u2019  <a href=\"https:\/\/www.programme-television.org\/news\/tv\/emissions-tele\/l-annee-la-plus-intense-de-ma-vie-angelique-angarni-filopon-miss-france-2025-revient-sur-son-regne-avant-l-election-de-miss-france-2026-4748146\" target=\"_self\" rel=\"noopener\">Ang\u00e9lique Angarni-Filopon (Miss France 2025)<\/a> allaient fr\u00f4ler le c\u00e9l\u00e8bre parquet du programme d\u2019ici quelques semaines. Mais avant le coup d\u2019envoi officiel de cette prochaine saison, une mauvaise nouvelle vient tout juste de retentir dans les m\u00e9dias\u2026<\/p>\n<p><a id=\"eztoc103391762_1\"\/>Danse avec les stars : l\u2019acteur am\u00e9ricain Ian Zieger vis\u00e9 par la justice am\u00e9ricaine<\/p>\n<p>En effet, dans la journ\u00e9e du lundi 29 d\u00e9cembre, plusieurs m\u00e9dias am\u00e9ricains ont rapport\u00e9 la nouvelle que l\u2019acteur Ian Zieger (  <a href=\"https:\/\/www.programme-television.org\/news\/tv\/emissions-tele\/dals-on-connait-le-nom-de-la-star-internationale-qui-rejoint-le-casting-4748276\" target=\"_self\" rel=\"noopener\">pr\u00e9sent au casting de la prochaine saison de Danse avec les stars<\/a>) est actuellement vis\u00e9 par une plainte pour \u00ab\u00a0coups et blessures\u00a0\u00bb concernant une affaire qui se serait d\u00e9roul\u00e9e il y a d\u00e9j\u00e0 deux ans, le 31 d\u00e9cembre 2023. Ce jour-l\u00e0, plusieurs vid\u00e9os captur\u00e9es par le m\u00e9dia   <a href=\"https:\/\/www.tmz.com\/2023\/12\/31\/beverly-hills-90210-ian-ziering-attacked-bikers-streets-nye-los-angeles\/\" target=\"_self\" rel=\"noopener\">TMZ<\/a> montrent le com\u00e9dien attaqu\u00e9 par plusieurs motards, au niveau de Hollywood Boulevard (\u00e0 Los Angeles). Mais si l\u2019acteur avait \u00e9t\u00e9 consid\u00e9r\u00e9 comme une victime par les autorit\u00e9s, un nouveau t\u00e9moignage vient tout juste de contrebalancer cette th\u00e9orie.<\/p>\n<p><a id=\"eztoc103391762_2\"\/>Ian Zieger : ce que r\u00e9v\u00e8le la plainte faite \u00e0 son encontre<\/p>\n<p>En effet, dans une r\u00e9cente plainte d\u00e9pos\u00e9e par un certain Jacob Hernandez, consult\u00e9e par le magazine   <a href=\"https:\/\/people.com\/ian-ziering-accused-battery-assault-civil-lawsuit-11877155\" target=\"_self\" rel=\"noopener\">People<\/a>, on peut apprendre que l\u2019acteur Ian Ziering pourrait \u00eatre \u00e0 l\u2019origine de cette altercation. Selon le plaignant, l\u2019acteur de 61 ans l&rsquo;aurait agress\u00e9 verbalement et physiquement ce jour-l\u00e0 et l&rsquo;aurait bouscul\u00e9 sans raison \u2013 le faisant chuter de son v\u00e9lo. Et cela n\u2019aurait clairement pas laiss\u00e9 le plaignant sans s\u00e9quelles. \u00ab\u00a0Les actions de [Ziering] \u00e9taient intentionnelles, inutiles et pr\u00e9sentaient un risque pr\u00e9visible de pr\u00e9judice physique et \u00e9motionnel, dont [Hernandez] a effectivement souffert [&#8230;] Le nom d\u2019Hernandez a \u00e9t\u00e9 diffam\u00e9 dans les m\u00e9dias suite \u00e0 la m\u00e9diatisation dont a b\u00e9n\u00e9fici\u00e9 Ziering, qui a menti par omission dans de multiples interviews, faisant passer Hernandez pour l\u2019agresseur\u00a0\u00bb, peut-on d\u00e9couvrir dans les documents consult\u00e9s. Nul doute que ces nouvelles r\u00e9v\u00e9lations risquent de faire parler d\u2019ici quelque temps\u2026<\/p>\n","protected":false},"excerpt":{"rendered":"C\u2019est une nouvelle qui tombe \u00e0 un mauvais moment. Il y a quelques jours, le casting de la&hellip;\n","protected":false},"author":2,"featured_media":630930,"comment_status":"","ping_status":"","sticky":false,"template":"","format":"standard","meta":{"footnotes":""},"categories":[1356],"tags":[58,59,1011,27,252,1364],"class_list":{"0":"post-630929","1":"post","2":"type-post","3":"status-publish","4":"format-standard","5":"has-post-thumbnail","7":"category-television","8":"tag-divertissement","9":"tag-entertainment","10":"tag-fr","11":"tag-france","12":"tag-television","13":"tag-tv"},"share_on_mastodon":{"url":"https:\/\/pubeurope.com\/@fr\/115811204715740499","error":""},"_links":{"self":[{"href":"https:\/\/www.europesays.com\/fr\/wp-json\/wp\/v2\/posts\/630929","targetHints":{"allow":["GET"]}}],"collection":[{"href":"https:\/\/www.europesays.com\/fr\/wp-json\/wp\/v2\/posts"}],"about":[{"href":"https:\/\/www.europesays.com\/fr\/wp-json\/wp\/v2\/types\/post"}],"author":[{"embeddable":true,"href":"https:\/\/www.europesays.com\/fr\/wp-json\/wp\/v2\/users\/2"}],"replies":[{"embeddable":true,"href":"https:\/\/www.europesays.com\/fr\/wp-json\/wp\/v2\/comments?post=630929"}],"version-history":[{"count":0,"href":"https:\/\/www.europesays.com\/fr\/wp-json\/wp\/v2\/posts\/630929\/revisions"}],"wp:featuredmedia":[{"embeddable":true,"href":"https:\/\/www.europesays.com\/fr\/wp-json\/wp\/v2\/media\/630930"}],"wp:attachment":[{"href":"https:\/\/www.europesays.com\/fr\/wp-json\/wp\/v2\/media?parent=630929"}],"wp:term":[{"taxonomy":"category","embeddable":true,"href":"https:\/\/www.europesays.com\/fr\/wp-json\/wp\/v2\/categories?post=630929"},{"taxonomy":"post_tag","embeddable":true,"href":"https:\/\/www.europesays.com\/fr\/wp-json\/wp\/v2\/tags?post=630929"}],"curies":[{"name":"wp","href":"https:\/\/api.w.org\/{rel}","templated":true}]}}