{"id":630940,"date":"2025-12-30T23:56:14","date_gmt":"2025-12-30T23:56:14","guid":{"rendered":"https:\/\/www.europesays.com\/fr\/630940\/"},"modified":"2025-12-30T23:56:14","modified_gmt":"2025-12-30T23:56:14","slug":"la-nouvelle-liseuse-de-tcl-est-la-championne-de-la-prise-de-notes","status":"publish","type":"post","link":"https:\/\/www.europesays.com\/fr\/630940\/","title":{"rendered":"La nouvelle liseuse de TCL est la championne de la prise de notes"},"content":{"rendered":"<p>\u00c0 mi-chemin entre liseuse et tablette, TCL avance ses pions sur le terrain de la prise de notes. Avec la Note A1, le constructeur rejette l\u2019E-Ink au profit de son \u00e9cran NXTPAPER, qui promet un confort de lecture proche du papier, mais avec la couleur, la vid\u00e9o et une vraie ambition \u00ab\u00a0productivit\u00e9\u00a0\u00bb dop\u00e9e \u00e0 l\u2019IA.<\/p>\n<p>Les liseuses \u00e0 \u00e9cran couleur qui font aussi prise de notes commencent \u00e0 se d\u00e9mocratiser, entre <a href=\"https:\/\/www.01net.com\/tests\/test-de-la-remarkable-paper-pro-move-un-bloc-notes-numerique-qui-tient-presque-dans-la-poche.html\" target=\"_blank\" rel=\"noopener\">les Paper Pro de reMarkable<\/a> et le Kindle Scribe Colorsoft d\u2019Amazon. <strong>TCL<\/strong> veut sa part du g\u00e2teau, mais en troquant l\u2019\u00e9cran E-Ink par une dalle NXTPAPER. Le Note A1 int\u00e8gre en effet cette technologie maison qui repose sur une structure \u00e0 plusieurs couches modulant la diffusion de la lumi\u00e8re. Le r\u00e9sultat est un affichage mat, sans reflets, avec un minimum de lumi\u00e8re bleue et qui supprime le scintillement, tout en affichant jusqu\u2019\u00e0 16,7 millions de couleurs. Bonus\u00a0: ces \u00e9crans demeurent lisibles en plein jour.<\/p>\n<p> TCL brouille la fronti\u00e8re entre liseuse et tablette <\/p>\n<p>TCL, qui a d\u2019abord r\u00e9serv\u00e9 NXTPAPER \u00e0 ses liseuses <a href=\"https:\/\/www.01net.com\/tests\/test-tcl-nxtpaper-60-ultra-avis.html\" target=\"_blank\" rel=\"noopener\">avant de l\u2019adapter \u00e0 des smartphones<\/a>, a lanc\u00e9 plusieurs mod\u00e8les depuis la pr\u00e9sentation de cette technologie en 2020. La derni\u00e8re du genre est donc la Note A1, un appareil \u00e9quip\u00e9 d\u2019un \u00e9cran de 11,5 pouces (2\u00a0200 x 1\u00a0440) avec un taux de rafra\u00eechissement de 120 Hz \u2014 bien plus que ce que l\u2019E-Ink pourra jamais offrir. La dalle s\u2019int\u00e8gre dans un ch\u00e2ssis en alu d\u2019une \u00e9paisseur de 5,5 mm et d\u2019un poids de 500 grammes.<\/p>\n<p> <img loading=\"lazy\" decoding=\"async\" class=\"size-full wp-image-1317663\" src=\"https:\/\/www.europesays.com\/fr\/wp-content\/uploads\/2025\/12\/tcl-note-a1-2.jpg\" alt=\"Tcl Note A1 2\" width=\"1920\" height=\"1280\"  \/>\u00a9 TCL <\/p>\n<p>L\u00e0 o\u00f9 un reMarkable refuse obstin\u00e9ment d\u2019aller au-del\u00e0 de la prise de notes manuscrite, TCL multiplie les points d\u2019entr\u00e9e\u00a0: les notes bien s\u00fbr avec le stylet T-Pen Pro, mais aussi les m\u00e9mos vocaux (avec transcription texte\u00a0!) avec l\u2019aide d\u2019un syst\u00e8me \u00e0 8 micros, ainsi qu\u2019un capteur photo 13 mpx qui sera mis \u00e0 contribution pour scanner des documents. TCL ajoute un arsenal IA pour traduire des notes, am\u00e9liorer un message ou g\u00e9n\u00e9rer des r\u00e9sum\u00e9s.<\/p>\n<p>La Note A1 est une tablette v\u00e9ritablement orient\u00e9e vers la productivit\u00e9, avec par exemple ce mode double \u00e9cran qui permet de prendre des notes d\u2019un c\u00f4t\u00e9 et de consulter un fichier de l\u2019autre. Il y a aussi un affichage cast pour diffuser du contenu sur un t\u00e9l\u00e9viseur, ainsi que le support Dropbox, Google Drive et OneDrive. Le constructeur ne pr\u00e9cise malheureusement pas l\u2019autonomie. En revanche, il lance un projet <a href=\"https:\/\/www.kickstarter.com\/projects\/tclnotea1nxtpaper\/tcl-note-a1-nxtpaper-pure-focus-smarter-thinking?ref=discovery&amp;term=tcl&amp;total_hits=107&amp;category_id=337\" target=\"_blank\" rel=\"noopener\">Kickstarter<\/a> pour attirer les amateurs\u00a0; la tablette sera commercialis\u00e9e d\u00e8s la fin f\u00e9vrier au prix de 549\u00a0$.<\/p>\n<blockquote style=\"border:1px solid grey;border-radius:8px;\">\n<p class=\"text-base text-neutral-700 dark:text-neutral-300\" style=\"color:grey;\">\ud83d\udc49\ud83c\udffb Suivez l\u2019actualit\u00e9 tech en temps r\u00e9el\u00a0: ajoutez 01net \u00e0 vos sources sur <a href=\"https:\/\/profile.google.com\/cp\/CgovbS8wd2Juam1fGhZodHRwczovL3d3dy4wMW5ldC5jb20v?pf=6\" target=\"_blank\" rel=\"noopener\">Google<\/a>, et abonnez-vous \u00e0 notre canal <a href=\"https:\/\/whatsapp.com\/channel\/0029VaH5gKg6xCSG9nQQhQ1Z\" target=\"_blank\" rel=\"noopener\">WhatsApp<\/a>.<\/p>\n<\/blockquote>\n","protected":false},"excerpt":{"rendered":"\u00c0 mi-chemin entre liseuse et tablette, TCL avance ses pions sur le terrain de la prise de notes.&hellip;\n","protected":false},"author":2,"featured_media":630941,"comment_status":"","ping_status":"","sticky":false,"template":"","format":"standard","meta":{"footnotes":""},"categories":[7],"tags":[1011,27,43,40,41,39,10213,42,44],"class_list":{"0":"post-630940","1":"post","2":"type-post","3":"status-publish","4":"format-standard","5":"has-post-thumbnail","7":"category-sciences-et-technologies","8":"tag-fr","9":"tag-france","10":"tag-science","11":"tag-science-and-technology","12":"tag-sciences","13":"tag-sciences-et-technologies","14":"tag-tcl","15":"tag-technologies","16":"tag-technology"},"share_on_mastodon":{"url":"https:\/\/pubeurope.com\/@fr\/115811227198877085","error":""},"_links":{"self":[{"href":"https:\/\/www.europesays.com\/fr\/wp-json\/wp\/v2\/posts\/630940","targetHints":{"allow":["GET"]}}],"collection":[{"href":"https:\/\/www.europesays.com\/fr\/wp-json\/wp\/v2\/posts"}],"about":[{"href":"https:\/\/www.europesays.com\/fr\/wp-json\/wp\/v2\/types\/post"}],"author":[{"embeddable":true,"href":"https:\/\/www.europesays.com\/fr\/wp-json\/wp\/v2\/users\/2"}],"replies":[{"embeddable":true,"href":"https:\/\/www.europesays.com\/fr\/wp-json\/wp\/v2\/comments?post=630940"}],"version-history":[{"count":0,"href":"https:\/\/www.europesays.com\/fr\/wp-json\/wp\/v2\/posts\/630940\/revisions"}],"wp:featuredmedia":[{"embeddable":true,"href":"https:\/\/www.europesays.com\/fr\/wp-json\/wp\/v2\/media\/630941"}],"wp:attachment":[{"href":"https:\/\/www.europesays.com\/fr\/wp-json\/wp\/v2\/media?parent=630940"}],"wp:term":[{"taxonomy":"category","embeddable":true,"href":"https:\/\/www.europesays.com\/fr\/wp-json\/wp\/v2\/categories?post=630940"},{"taxonomy":"post_tag","embeddable":true,"href":"https:\/\/www.europesays.com\/fr\/wp-json\/wp\/v2\/tags?post=630940"}],"curies":[{"name":"wp","href":"https:\/\/api.w.org\/{rel}","templated":true}]}}