{"id":630949,"date":"2025-12-31T00:03:10","date_gmt":"2025-12-31T00:03:10","guid":{"rendered":"https:\/\/www.europesays.com\/fr\/630949\/"},"modified":"2025-12-31T00:03:10","modified_gmt":"2025-12-31T00:03:10","slug":"un-depart-qui-en-dit-long-sur-les-coulisses-de-lasse","status":"publish","type":"post","link":"https:\/\/www.europesays.com\/fr\/630949\/","title":{"rendered":"Un d\u00e9part qui en dit long sur les coulisses de l\u2019ASSE"},"content":{"rendered":"<p data-start=\"497\" data-end=\"1011\">\u00c0 l\u2019approche du mercato<br \/>\nhivernal, l\u2019<a href=\"https:\/\/www.football365.fr\/france-football\/ligue-1-france-football\/saint-etienne-club-france-football\" target=\"_blank\" rel=\"noopener\">AS<br \/>\nSaint-\u00c9tienne<\/a> s\u2019active en coulisses.<br \/>\nOfficiellement, rien de spectaculaire. Officieusement, certains<br \/>\ndossiers traduisent une volont\u00e9 claire de faire le m\u00e9nage dans un<br \/>\neffectif construit par strates successives, parfois sans r\u00e9elle<br \/>\ncontinuit\u00e9 sportive. Ces derni\u00e8res heures, une rumeur de d\u00e9part a<br \/>\ncommenc\u00e9 \u00e0 circuler dans l\u2019\u00e9cosyst\u00e8me vert, sans faire encore de<br \/>\nbruit au niveau national, mais suffisamment pour interpeller les<br \/>\nobservateurs attentifs.<\/p>\n<p>Une sortie par la petite<br \/>\nporte<\/p>\n<p data-start=\"1048\" data-end=\"1495\">Le joueur concern\u00e9 est<\/p>\n<p>Yvann Ma\u00e7on. Le<br \/>\nlat\u00e9ral droit, sous contrat jusqu\u2019en 2026, ne figure plus dans les<br \/>\nplans sportifs depuis plusieurs mois. Peu utilis\u00e9 cette saison,<br \/>\nsouvent rel\u00e9gu\u00e9 hors du groupe, <a href=\"https:\/\/www.foot01.com\/st-etienne\/lasse-pousse-un-indesirable-vers-la-grece\" target=\"_blank\" rel=\"nofollow noopener\">il se dirige vers un pr\u00eat \u00e0<br \/>\nl\u2019AEL<br \/>\nLarissa,<\/a> en premi\u00e8re division grecque. Un d\u00e9part<br \/>\nsans option d\u2019achat, pens\u00e9 avant tout comme une solution de sortie<br \/>\npour un joueur devenu p\u00e9riph\u00e9rique.<\/p>\n<p data-start=\"1548\" data-end=\"1944\">Ce possible exil en dit long<br \/>\nsur certaines d\u00e9cisions prises ces derni\u00e8res saisons. Entre<br \/>\nblessures mal anticip\u00e9es, pr\u00eats peu concluants et changements<br \/>\nd\u2019entra\u00eeneurs, Ma\u00e7on incarne malgr\u00e9 lui une partie des errements<br \/>\nsportifs r\u00e9cents. \u00c0 Saint-\u00c9tienne, ce pr\u00eat est per\u00e7u comme un moyen<br \/>\nde lib\u00e9rer de la masse salariale et de la place dans un effectif<br \/>\nappel\u00e9 \u00e0 \u00eatre remodel\u00e9 en profondeur cet hiver.<\/p>\n<p>Un mercato r\u00e9v\u00e9lateur d\u2019un<br \/>\ntournant \u00e0 l\u2019ASSE<\/p>\n<p data-start=\"1986\" data-end=\"2392\" data-is-last-node=\"\" data-is-only-node=\"\">Au-del\u00e0 du cas individuel, ce dossier illustre<br \/>\nune tendance plus large. L\u2019ASSE cherche \u00e0 tourner certaines pages,<br \/>\nparfois sans m\u00e9nagement, pour r\u00e9\u00e9quilibrer son projet. Reste \u00e0<br \/>\nsavoir si ces d\u00e9parts discrets seront suivis d\u2019arriv\u00e9es<br \/>\nstructurantes. \u00c0 d\u00e9faut, ils risqueraient surtout de rappeler que<br \/>\nles Verts sont encore en phase de transition, loin de la stabilit\u00e9<br \/>\nesp\u00e9r\u00e9e depuis leur descente en Ligue 2.<\/p>\n","protected":false},"excerpt":{"rendered":"\u00c0 l\u2019approche du mercato hivernal, l\u2019AS Saint-\u00c9tienne s\u2019active en coulisses. Officiellement, rien de spectaculaire. Officieusement, certains dossiers traduisent&hellip;\n","protected":false},"author":2,"featured_media":630950,"comment_status":"","ping_status":"","sticky":false,"template":"","format":"standard","meta":{"footnotes":""},"categories":[9653],"tags":[1111,11,2430,1777,674,1011,27,12,25,4001],"class_list":{"0":"post-630949","1":"post","2":"type-post","3":"status-publish","4":"format-standard","5":"has-post-thumbnail","7":"category-saint-etienne","8":"tag-actu","9":"tag-actualites","10":"tag-auvergne-rhone-alpes","11":"tag-eu","12":"tag-europe","13":"tag-fr","14":"tag-france","15":"tag-news","16":"tag-republique-francaise","17":"tag-saint-etienne"},"share_on_mastodon":{"url":"https:\/\/pubeurope.com\/@fr\/115811254501939689","error":""},"_links":{"self":[{"href":"https:\/\/www.europesays.com\/fr\/wp-json\/wp\/v2\/posts\/630949","targetHints":{"allow":["GET"]}}],"collection":[{"href":"https:\/\/www.europesays.com\/fr\/wp-json\/wp\/v2\/posts"}],"about":[{"href":"https:\/\/www.europesays.com\/fr\/wp-json\/wp\/v2\/types\/post"}],"author":[{"embeddable":true,"href":"https:\/\/www.europesays.com\/fr\/wp-json\/wp\/v2\/users\/2"}],"replies":[{"embeddable":true,"href":"https:\/\/www.europesays.com\/fr\/wp-json\/wp\/v2\/comments?post=630949"}],"version-history":[{"count":0,"href":"https:\/\/www.europesays.com\/fr\/wp-json\/wp\/v2\/posts\/630949\/revisions"}],"wp:featuredmedia":[{"embeddable":true,"href":"https:\/\/www.europesays.com\/fr\/wp-json\/wp\/v2\/media\/630950"}],"wp:attachment":[{"href":"https:\/\/www.europesays.com\/fr\/wp-json\/wp\/v2\/media?parent=630949"}],"wp:term":[{"taxonomy":"category","embeddable":true,"href":"https:\/\/www.europesays.com\/fr\/wp-json\/wp\/v2\/categories?post=630949"},{"taxonomy":"post_tag","embeddable":true,"href":"https:\/\/www.europesays.com\/fr\/wp-json\/wp\/v2\/tags?post=630949"}],"curies":[{"name":"wp","href":"https:\/\/api.w.org\/{rel}","templated":true}]}}