{"id":630951,"date":"2025-12-31T00:04:42","date_gmt":"2025-12-31T00:04:42","guid":{"rendered":"https:\/\/www.europesays.com\/fr\/630951\/"},"modified":"2025-12-31T00:04:42","modified_gmt":"2025-12-31T00:04:42","slug":"saint-max-un-apres-midi-rythme-par-la-chanson-au-clos-pre","status":"publish","type":"post","link":"https:\/\/www.europesays.com\/fr\/630951\/","title":{"rendered":"Saint-Max. Un apr\u00e8s-midi rythm\u00e9 par la chanson au Clos Pr\u00e9"},"content":{"rendered":"<p>Le Clos Pr\u00e9 a accueilli Jessica Blue pour un apr\u00e8s-midi musical plac\u00e9 sous le signe de la convivialit\u00e9, de l\u2019\u00e9motion et du partage. Au-del\u00e0 de la qualit\u00e9 de la prestation musicale, Jessica Blue a \u00e9t\u00e9 bienveillante, \u00e0 l\u2019\u00e9coute et proche des r\u00e9sidents, qui ont largement contribu\u00e9 \u00e0 faire de ce moment un temps fort.<\/p>\n<p>Cette prestation a permis de cl\u00f4turer l\u2019ann\u00e9e en beaut\u00e9, offrant aux r\u00e9sidents un v\u00e9ritable voyage musical \u00e0 travers les ann\u00e9es 1950 \u00e0 1990, avec des titres embl\u00e9matiques de Joe Dassin, Dalida, Sheila, Annie Cordy, Jeanne Mas et bien d\u2019autres.<\/p>\n","protected":false},"excerpt":{"rendered":"Le Clos Pr\u00e9 a accueilli Jessica Blue pour un apr\u00e8s-midi musical plac\u00e9 sous le signe de la convivialit\u00e9,&hellip;\n","protected":false},"author":2,"featured_media":630952,"comment_status":"","ping_status":"","sticky":false,"template":"","format":"standard","meta":{"footnotes":""},"categories":[9635],"tags":[1111,11,1687,1704,1777,674,1011,27,775,11260,873,1702,12,25,16937],"class_list":{"0":"post-630951","1":"post","2":"type-post","3":"status-publish","4":"format-standard","5":"has-post-thumbnail","7":"category-nancy","8":"tag-actu","9":"tag-actualites","10":"tag-culture-loisirs","11":"tag-edition-nancy-et-agglomeration","12":"tag-eu","13":"tag-europe","14":"tag-fr","15":"tag-france","16":"tag-grand-est","17":"tag-metropole-du-grand-nancy-54b4","18":"tag-musique","19":"tag-nancy","20":"tag-news","21":"tag-republique-francaise","22":"tag-saint-max"},"share_on_mastodon":{"url":"https:\/\/pubeurope.com\/@fr\/115811258626291420","error":""},"_links":{"self":[{"href":"https:\/\/www.europesays.com\/fr\/wp-json\/wp\/v2\/posts\/630951","targetHints":{"allow":["GET"]}}],"collection":[{"href":"https:\/\/www.europesays.com\/fr\/wp-json\/wp\/v2\/posts"}],"about":[{"href":"https:\/\/www.europesays.com\/fr\/wp-json\/wp\/v2\/types\/post"}],"author":[{"embeddable":true,"href":"https:\/\/www.europesays.com\/fr\/wp-json\/wp\/v2\/users\/2"}],"replies":[{"embeddable":true,"href":"https:\/\/www.europesays.com\/fr\/wp-json\/wp\/v2\/comments?post=630951"}],"version-history":[{"count":0,"href":"https:\/\/www.europesays.com\/fr\/wp-json\/wp\/v2\/posts\/630951\/revisions"}],"wp:featuredmedia":[{"embeddable":true,"href":"https:\/\/www.europesays.com\/fr\/wp-json\/wp\/v2\/media\/630952"}],"wp:attachment":[{"href":"https:\/\/www.europesays.com\/fr\/wp-json\/wp\/v2\/media?parent=630951"}],"wp:term":[{"taxonomy":"category","embeddable":true,"href":"https:\/\/www.europesays.com\/fr\/wp-json\/wp\/v2\/categories?post=630951"},{"taxonomy":"post_tag","embeddable":true,"href":"https:\/\/www.europesays.com\/fr\/wp-json\/wp\/v2\/tags?post=630951"}],"curies":[{"name":"wp","href":"https:\/\/api.w.org\/{rel}","templated":true}]}}