{"id":630955,"date":"2025-12-31T00:08:23","date_gmt":"2025-12-31T00:08:23","guid":{"rendered":"https:\/\/www.europesays.com\/fr\/630955\/"},"modified":"2025-12-31T00:08:23","modified_gmt":"2025-12-31T00:08:23","slug":"navigateurs-toulonnais-en-quete-des-longitudes-10-02-2026-toulon","status":"publish","type":"post","link":"https:\/\/www.europesays.com\/fr\/630955\/","title":{"rendered":"Navigateurs Toulonnais en qu\u00eate des longitudes &#8211; 10\/02\/2026 &#8211; Toulon"},"content":{"rendered":"<p>De Chabert de Cogolin \u00e0 Dumont d\u2019Urville, cette conf\u00e9rence propose un voyage au c\u0153ur des grandes avanc\u00e9es scientifiques qui ont permis aux navigateurs de mesurer la longitude en mer. \u00c0 travers des exp\u00e9ditions embl\u00e9matiques parties de Toulon, Philippe Dutarte retrace l\u2019\u00e9volution des m\u00e9thodes astronomiques et l\u2019essor des chronom\u00e8tres de marine aux XVIII\u1d49 et XIX\u1d49 si\u00e8cles.<\/p>\n<p>La longitude est un terme bien connu des marins car elle est l\u2019une des principales mesures \u00e0 prendre en compte pour se rep\u00e9rer en mer. Entre le voyage de Chabert de Cogolin en 1750 et celui de Dumont d\u2019Urville en 1826, vous d\u00e9couvrirez l\u2019\u00e9volution des techniques de mesure et l\u2019apparition progressive des chronom\u00e8tres de marine. A l\u2019aide de plusieurs voyages le conf\u00e9rencier vous invite \u00e0 d\u00e9couvrir ces \u00e9volutions.<\/p>\n<p>Lors de son voyage sur les c\u00f4tes du Canada en 1750-1751, Chabert de Cogolin mesure les longitudes \u00e0 terre en utilisant des m\u00e9thodes astronomiques, notamment l\u2019observation des satellites de Jupiter et les distances lunaires. Il est ensuite l\u2019un des premiers \u00e0 tester et \u00e0 pr\u00e9coniser l\u2019utilisation des chronom\u00e8tres de marine d\u00e8s 1778.<\/p>\n<p>Le voyage d\u2019Entrecasteaux et celui de Dumont d\u2019Urville, tous deux partis de Toulon \u00e0 des \u00e9poques diff\u00e9rentes, voient l\u2019\u00e9volution et l\u2019apog\u00e9e des m\u00e9thodes astronomiques de recherche de longitudes.<\/p>\n<p>Intervenant<br \/>Philippe Dutarte, auteur de l\u2019ouvrage \u00ab Les instruments de l&rsquo;astronomie ancienne \u00bb et membre de \u201cl\u2019Association Science en Seine et Patrimoine\u201d<\/p>\n<p>Prochaine conf\u00e9rence<br \/>Le mardi 17 mars 2026 par St\u00e9phane Meffre sur l\u2019Amiral Vence dans le cadre des 400 ans de la marine nationale.<\/p>\n","protected":false},"excerpt":{"rendered":"De Chabert de Cogolin \u00e0 Dumont d\u2019Urville, cette conf\u00e9rence propose un voyage au c\u0153ur des grandes avanc\u00e9es scientifiques&hellip;\n","protected":false},"author":2,"featured_media":630956,"comment_status":"","ping_status":"","sticky":false,"template":"","format":"standard","meta":{"footnotes":""},"categories":[9619],"tags":[1111,11,1777,674,1011,27,12,882,25,2310],"class_list":{"0":"post-630955","1":"post","2":"type-post","3":"status-publish","4":"format-standard","5":"has-post-thumbnail","7":"category-toulon","8":"tag-actu","9":"tag-actualites","10":"tag-eu","11":"tag-europe","12":"tag-fr","13":"tag-france","14":"tag-news","15":"tag-provence-alpes-cote-dazur","16":"tag-republique-francaise","17":"tag-toulon"},"share_on_mastodon":{"url":"https:\/\/pubeurope.com\/@fr\/115811274122965866","error":""},"_links":{"self":[{"href":"https:\/\/www.europesays.com\/fr\/wp-json\/wp\/v2\/posts\/630955","targetHints":{"allow":["GET"]}}],"collection":[{"href":"https:\/\/www.europesays.com\/fr\/wp-json\/wp\/v2\/posts"}],"about":[{"href":"https:\/\/www.europesays.com\/fr\/wp-json\/wp\/v2\/types\/post"}],"author":[{"embeddable":true,"href":"https:\/\/www.europesays.com\/fr\/wp-json\/wp\/v2\/users\/2"}],"replies":[{"embeddable":true,"href":"https:\/\/www.europesays.com\/fr\/wp-json\/wp\/v2\/comments?post=630955"}],"version-history":[{"count":0,"href":"https:\/\/www.europesays.com\/fr\/wp-json\/wp\/v2\/posts\/630955\/revisions"}],"wp:featuredmedia":[{"embeddable":true,"href":"https:\/\/www.europesays.com\/fr\/wp-json\/wp\/v2\/media\/630956"}],"wp:attachment":[{"href":"https:\/\/www.europesays.com\/fr\/wp-json\/wp\/v2\/media?parent=630955"}],"wp:term":[{"taxonomy":"category","embeddable":true,"href":"https:\/\/www.europesays.com\/fr\/wp-json\/wp\/v2\/categories?post=630955"},{"taxonomy":"post_tag","embeddable":true,"href":"https:\/\/www.europesays.com\/fr\/wp-json\/wp\/v2\/tags?post=630955"}],"curies":[{"name":"wp","href":"https:\/\/api.w.org\/{rel}","templated":true}]}}