{"id":630957,"date":"2025-12-31T00:09:31","date_gmt":"2025-12-31T00:09:31","guid":{"rendered":"https:\/\/www.europesays.com\/fr\/630957\/"},"modified":"2025-12-31T00:09:31","modified_gmt":"2025-12-31T00:09:31","slug":"inondations-dans-lherault-meteo-beziers-centralise-les-elans-daide-pour-mettre-en-relation-sinistres-et-benevoles","status":"publish","type":"post","link":"https:\/\/www.europesays.com\/fr\/630957\/","title":{"rendered":"Inondations dans l\u2019H\u00e9rault : M\u00e9t\u00e9o B\u00e9ziers centralise les \u00e9lans d\u2019aide pour mettre en relation sinistr\u00e9s et b\u00e9n\u00e9voles"},"content":{"rendered":"<p>En parall\u00e8le, M\u00e9t\u00e9o B\u00e9ziers propose un appui sp\u00e9cifique aux personnes touch\u00e9es par les inondations. \u00ab Si vous avez besoin de donn\u00e9es m\u00e9t\u00e9o pour les assurances, vous pouvez nous envoyer un message priv\u00e9. Nous rendons ce service totalement gratuit \u00bb, indique l\u2019association. Une aide qui peut s\u2019av\u00e9rer pr\u00e9cieuse pour constituer des dossiers et appuyer les d\u00e9clarations de sinistre. \u00c0 travers cette initiative, l\u2019association entend faciliter la solidarit\u00e9 locale et accompagner, \u00e0 son \u00e9chelle, le retour progressif \u00e0 la normale pour les habitants et professionnels touch\u00e9s par les inondations.<\/p>\n","protected":false},"excerpt":{"rendered":"En parall\u00e8le, M\u00e9t\u00e9o B\u00e9ziers propose un appui sp\u00e9cifique aux personnes touch\u00e9es par les inondations. \u00ab Si vous avez&hellip;\n","protected":false},"author":2,"featured_media":630958,"comment_status":"","ping_status":"","sticky":false,"template":"","format":"standard","meta":{"footnotes":""},"categories":[9599],"tags":[1111,11,1777,674,1011,27,2208,12,2680,25],"class_list":{"0":"post-630957","1":"post","2":"type-post","3":"status-publish","4":"format-standard","5":"has-post-thumbnail","7":"category-montpellier","8":"tag-actu","9":"tag-actualites","10":"tag-eu","11":"tag-europe","12":"tag-fr","13":"tag-france","14":"tag-montpellier","15":"tag-news","16":"tag-occitanie","17":"tag-republique-francaise"},"share_on_mastodon":{"url":"https:\/\/pubeurope.com\/@fr\/115811278270568996","error":""},"_links":{"self":[{"href":"https:\/\/www.europesays.com\/fr\/wp-json\/wp\/v2\/posts\/630957","targetHints":{"allow":["GET"]}}],"collection":[{"href":"https:\/\/www.europesays.com\/fr\/wp-json\/wp\/v2\/posts"}],"about":[{"href":"https:\/\/www.europesays.com\/fr\/wp-json\/wp\/v2\/types\/post"}],"author":[{"embeddable":true,"href":"https:\/\/www.europesays.com\/fr\/wp-json\/wp\/v2\/users\/2"}],"replies":[{"embeddable":true,"href":"https:\/\/www.europesays.com\/fr\/wp-json\/wp\/v2\/comments?post=630957"}],"version-history":[{"count":0,"href":"https:\/\/www.europesays.com\/fr\/wp-json\/wp\/v2\/posts\/630957\/revisions"}],"wp:featuredmedia":[{"embeddable":true,"href":"https:\/\/www.europesays.com\/fr\/wp-json\/wp\/v2\/media\/630958"}],"wp:attachment":[{"href":"https:\/\/www.europesays.com\/fr\/wp-json\/wp\/v2\/media?parent=630957"}],"wp:term":[{"taxonomy":"category","embeddable":true,"href":"https:\/\/www.europesays.com\/fr\/wp-json\/wp\/v2\/categories?post=630957"},{"taxonomy":"post_tag","embeddable":true,"href":"https:\/\/www.europesays.com\/fr\/wp-json\/wp\/v2\/tags?post=630957"}],"curies":[{"name":"wp","href":"https:\/\/api.w.org\/{rel}","templated":true}]}}