{"id":630959,"date":"2025-12-31T00:10:15","date_gmt":"2025-12-31T00:10:15","guid":{"rendered":"https:\/\/www.europesays.com\/fr\/630959\/"},"modified":"2025-12-31T00:10:15","modified_gmt":"2025-12-31T00:10:15","slug":"transferts-top-14-linternational-ecossais-adam-hastings-futur-numero-10-de-montpellier","status":"publish","type":"post","link":"https:\/\/www.europesays.com\/fr\/630959\/","title":{"rendered":"Transferts \/ Top 14 &#8211; L&rsquo;international \u00e9cossais Adam Hastings, futur num\u00e9ro 10 de Montpellier"},"content":{"rendered":"<p>\n                Selon nos informations, le MHR a trouv\u00e9 son nouvel ouvreur pour la saison prochaine : le club h\u00e9raultais a obtenu l\u2019accord de l\u2019international \u00e9cossais Adam Hastings (29 ans, 36 s\u00e9lections), qui porte actuellement les couleurs de Glasgow.\n            <\/p>\n<p>Depuis des semaines, Montpellier scrutait le march\u00e9 des ouvreurs et avait avanc\u00e9 sur diverses pistes, allant du Baby Black Rivez Reihana \u00e0 Anthony Belleau en passant par Enzo Herv\u00e9. Selon nos informations, le club h\u00e9raultais a finalement jet\u00e9 son d\u00e9volu sur Adam Hastings (29 ans, 36 s\u00e9lections).<\/p>\n<p>L\u2019ouvreur international \u00e9cossais a, selon nos informations, donn\u00e9 son accord aux dirigeants du MHR en vue de la saison prochaine. Fils du glorieux Gavin, Adam Hastings \u00e9volue actuellement sous les couleurs des Glasgow Warriors, r\u00e9cents tombeurs du Stade toulousain en Champions Cup. Pass\u00e9 par Bath et Gloucester, la doublure de Finn Russell avec le XV du Chardon est donc d\u00e9cid\u00e9e \u00e0 relever le challenge fran\u00e7ais \u00e0 compter de l\u2019\u00e9t\u00e9 2026.<\/p>\n<p>Direction Oyonnax pour Vincent<\/p>\n<p>Ironie de l\u2019histoire, Hastings aura l\u2019occasion de composer une charni\u00e8re 100 % \u00e9cossaise dans l\u2019H\u00e9rault, aux c\u00f4t\u00e9s du demi de m\u00eal\u00e9e Ali Price, arriv\u00e9 en juillet dernier en provenance d\u2019Edimbourg ; et il se partagera le num\u00e9ro 10 avec un autre compatriote, le polyvalent Stuart Hogg.<\/p>\n<p>Pendant que le MHR finalisait ce dossier prioritaire, un de ses actuels ouvreurs a trouv\u00e9 un point de chute : Thomas Vincent (26 ans) va prendre la direction d\u2019Oyonnax l\u2019\u00e9t\u00e9 prochain. L\u2019ancien Agenais arrive au terme de son contrat de deux ans avec Montpellier dont il a jusqu\u2019\u00e0 pr\u00e9sent port\u00e9 les couleurs \u00e0 vingt-et-une reprises sans parvenir \u00e0 s\u2019imposer.<\/p>\n","protected":false},"excerpt":{"rendered":"Selon nos informations, le MHR a trouv\u00e9 son nouvel ouvreur pour la saison prochaine : le club h\u00e9raultais&hellip;\n","protected":false},"author":2,"featured_media":630960,"comment_status":"","ping_status":"","sticky":false,"template":"","format":"standard","meta":{"footnotes":""},"categories":[9599],"tags":[1111,11,73981,1777,674,1011,27,2208,12,2680,25,10662],"class_list":{"0":"post-630959","1":"post","2":"type-post","3":"status-publish","4":"format-standard","5":"has-post-thumbnail","7":"category-montpellier","8":"tag-actu","9":"tag-actualites","10":"tag-adam-hastings","11":"tag-eu","12":"tag-europe","13":"tag-fr","14":"tag-france","15":"tag-montpellier","16":"tag-news","17":"tag-occitanie","18":"tag-republique-francaise","19":"tag-transferts"},"share_on_mastodon":{"url":"https:\/\/pubeurope.com\/@fr\/115811281972973156","error":""},"_links":{"self":[{"href":"https:\/\/www.europesays.com\/fr\/wp-json\/wp\/v2\/posts\/630959","targetHints":{"allow":["GET"]}}],"collection":[{"href":"https:\/\/www.europesays.com\/fr\/wp-json\/wp\/v2\/posts"}],"about":[{"href":"https:\/\/www.europesays.com\/fr\/wp-json\/wp\/v2\/types\/post"}],"author":[{"embeddable":true,"href":"https:\/\/www.europesays.com\/fr\/wp-json\/wp\/v2\/users\/2"}],"replies":[{"embeddable":true,"href":"https:\/\/www.europesays.com\/fr\/wp-json\/wp\/v2\/comments?post=630959"}],"version-history":[{"count":0,"href":"https:\/\/www.europesays.com\/fr\/wp-json\/wp\/v2\/posts\/630959\/revisions"}],"wp:featuredmedia":[{"embeddable":true,"href":"https:\/\/www.europesays.com\/fr\/wp-json\/wp\/v2\/media\/630960"}],"wp:attachment":[{"href":"https:\/\/www.europesays.com\/fr\/wp-json\/wp\/v2\/media?parent=630959"}],"wp:term":[{"taxonomy":"category","embeddable":true,"href":"https:\/\/www.europesays.com\/fr\/wp-json\/wp\/v2\/categories?post=630959"},{"taxonomy":"post_tag","embeddable":true,"href":"https:\/\/www.europesays.com\/fr\/wp-json\/wp\/v2\/tags?post=630959"}],"curies":[{"name":"wp","href":"https:\/\/api.w.org\/{rel}","templated":true}]}}