{"id":630963,"date":"2025-12-31T00:14:17","date_gmt":"2025-12-31T00:14:17","guid":{"rendered":"https:\/\/www.europesays.com\/fr\/630963\/"},"modified":"2025-12-31T00:14:17","modified_gmt":"2025-12-31T00:14:17","slug":"hockey-sur-glace-ligue-magnus-grenoble-et-briancon-renversants-gap-accrocheur-mais-battu-chamonix-senfonce-tous-les-resultats-de-la-28e-journee","status":"publish","type":"post","link":"https:\/\/www.europesays.com\/fr\/630963\/","title":{"rendered":"Hockey sur glace &#8211; Ligue Magnus. Grenoble et Brian\u00e7on renversants, Gap accrocheur mais battu, Chamonix s&rsquo;enfonce&#8230; Tous les r\u00e9sultats de la 28e journ\u00e9e"},"content":{"rendered":"<p class=\"insetTitle\">La fiche technique<\/p>\n<p>            <strong>Chamonix 3 &#8211; Marseille 5<\/strong><\/p>\n<p><strong>\u00c0\u00a0Chamonix (Richard-Bozon),<\/strong>\u00a0d\u00e9tail des tiers-temps : 1-0, 0-3, 2-2<\/p>\n<p>Arbitres \u00a0: MM. Baudry et Bernoussi assist\u00e9s de MM.Margry et Constantineau.<\/p>\n<p>Affluence\u00a0: 1900\u00a0<\/p>\n<p><strong>Buts pour Chamonix :<\/strong>\u00a017&rsquo;57 Kivinen (Lopachuk, Koponen), 40&rsquo;26 G.Ville (Walhgren, M.Ville), 44&rsquo;23 [5-4]\u00a0Lopachuk (Wahlgren, G.Ville)<\/p>\n<p><strong>But pour\u00a0Marseille :<\/strong>\u00a021&rsquo;40 Dufek, 28&rsquo;53 Bouvet (Welsh, Thompson), 31&rsquo;52 Coulaud (Dufek, Thompson), 45&rsquo;08 [5-4] Joubert (Dufek, Lindgren), 59&rsquo;01 Welsh (Bouvet)<\/p>\n<p><strong>P\u00e9nalit\u00e9s\u00a0:<\/strong>\u00a012&prime; (6&#215;2&prime;) contre Chamonix ; 8&prime; (4&#215;2&prime;) contre Marseille<\/p>\n","protected":false},"excerpt":{"rendered":"La fiche technique Chamonix 3 &#8211; Marseille 5 \u00c0\u00a0Chamonix (Richard-Bozon),\u00a0d\u00e9tail des tiers-temps : 1-0, 0-3, 2-2 Arbitres \u00a0:&hellip;\n","protected":false},"author":2,"featured_media":630964,"comment_status":"","ping_status":"","sticky":false,"template":"","format":"standard","meta":{"footnotes":""},"categories":[9566],"tags":[1111,11,2430,12923,19384,22849,112,4521,9543,1777,674,1701,1011,27,1085,16204,2731,2732,4638,881,4133,19383,22848,35795,10145,108,10146,12,25,517],"class_list":{"0":"post-630963","1":"post","2":"type-post","3":"status-publish","4":"format-standard","5":"has-post-thumbnail","7":"category-grenoble","8":"tag-actu","9":"tag-actualites","10":"tag-auvergne-rhone-alpes","11":"tag-briancon","12":"tag-briancon-bassin","13":"tag-chamonix-mont-blanc","14":"tag-edition-grenoble-agglomeration","15":"tag-edition-hautes-alpes-alpes-de-haute-provence","16":"tag-edition-mont-blanc-arve","17":"tag-eu","18":"tag-europe","19":"tag-fil-info-sport","20":"tag-fr","21":"tag-france","22":"tag-gap","23":"tag-gap-bassin","24":"tag-grenoble","25":"tag-grenoble-bassin","26":"tag-haute-savoie","27":"tag-hautes-alpes","28":"tag-hockey-sur-glace","29":"tag-hockey-sur-glace-briancon","30":"tag-hockey-sur-glace-chamonix","31":"tag-hockey-sur-glace-gap","32":"tag-hockey-sur-glace-grenoble","33":"tag-isere","34":"tag-ligue-magnus-hockey-sur-glace","35":"tag-news","36":"tag-republique-francaise","37":"tag-sport"},"share_on_mastodon":{"url":"","error":"Validation failed: Text character limit of 500 exceeded"},"_links":{"self":[{"href":"https:\/\/www.europesays.com\/fr\/wp-json\/wp\/v2\/posts\/630963","targetHints":{"allow":["GET"]}}],"collection":[{"href":"https:\/\/www.europesays.com\/fr\/wp-json\/wp\/v2\/posts"}],"about":[{"href":"https:\/\/www.europesays.com\/fr\/wp-json\/wp\/v2\/types\/post"}],"author":[{"embeddable":true,"href":"https:\/\/www.europesays.com\/fr\/wp-json\/wp\/v2\/users\/2"}],"replies":[{"embeddable":true,"href":"https:\/\/www.europesays.com\/fr\/wp-json\/wp\/v2\/comments?post=630963"}],"version-history":[{"count":0,"href":"https:\/\/www.europesays.com\/fr\/wp-json\/wp\/v2\/posts\/630963\/revisions"}],"wp:featuredmedia":[{"embeddable":true,"href":"https:\/\/www.europesays.com\/fr\/wp-json\/wp\/v2\/media\/630964"}],"wp:attachment":[{"href":"https:\/\/www.europesays.com\/fr\/wp-json\/wp\/v2\/media?parent=630963"}],"wp:term":[{"taxonomy":"category","embeddable":true,"href":"https:\/\/www.europesays.com\/fr\/wp-json\/wp\/v2\/categories?post=630963"},{"taxonomy":"post_tag","embeddable":true,"href":"https:\/\/www.europesays.com\/fr\/wp-json\/wp\/v2\/tags?post=630963"}],"curies":[{"name":"wp","href":"https:\/\/api.w.org\/{rel}","templated":true}]}}