{"id":630965,"date":"2025-12-31T00:16:58","date_gmt":"2025-12-31T00:16:58","guid":{"rendered":"https:\/\/www.europesays.com\/fr\/630965\/"},"modified":"2025-12-31T00:16:58","modified_gmt":"2025-12-31T00:16:58","slug":"a-rennes-une-grande-partie-du-blosne-privee-de-chauffage","status":"publish","type":"post","link":"https:\/\/www.europesays.com\/fr\/630965\/","title":{"rendered":"\u00e0 Rennes, une grande partie du Blosne priv\u00e9e de chauffage"},"content":{"rendered":"<p>                    Par<br \/>\n        <strong><br \/>\n            <a href=\"https:\/\/actu.fr\/auteur\/laurene-fertin\" title=\"Consulter tous les articles de Laur\u00e8ne Fertin\" target=\"_blank\" rel=\"noopener\">Laur\u00e8ne Fertin<\/a><br \/>\n                    <\/strong><\/p>\n<p>        Publi\u00e9 le<\/p>\n<p>            30 d\u00e9c. 2025 \u00e0 18h21        <\/p>\n<p>\u00ab\u2009C\u2019est une catastrophe.\u2009\u00bb Michel n\u2019en dort plus la nuit tellement le froid est saisissant. <strong>Au n\u00b0\u00a014 du boulevard Louis-Volclair,<\/strong> au <strong>Blosne, <\/strong>la tour est plong\u00e9e dans un froid glacial. \u00ab\u2009C\u2019est simple, raconte Michel, doudoune viss\u00e9e au corps, il fait <strong>6\u00a0\u00b0C la nuit<\/strong> et <strong>pas plus de 8\u00a0\u00b0C dans la journ\u00e9e.<\/strong> On a l\u2019impression d\u2019\u00eatre en guerre.\u2009\u00bb<\/p>\n<p>\u00ab\u2009Tout est congel\u00e9\u2009\u00bb<\/p>\n<p class=\" wall-content\">Une situation qui court depuis le r\u00e9veillon de No\u00ebl, le 24\u00a0d\u00e9cembre. Ses deux grands enfants ont d\u00fb quitter le logement pour quelques jours. \u00ab\u2009Mais <strong>ce probl\u00e8me est r\u00e9current,<\/strong> affirme celui qui habite <strong>au 8e \u00e9tage<\/strong> de cette tour de 14 niveaux. Le chauffage collectif au gaz \u00e9tait <strong>d\u00e9j\u00e0 en panne en octobre\u00a02024.<\/strong> \u00ab\u2009Et depuis deux mois, \u00e7a va, \u00e7a vient. Et quand le chauffage se met en route, les temp\u00e9ratures peinent \u00e0 grimper.\u2009\u00bb<\/p>\n<p>    <img   decoding=\"async\" loading=\"lazy\" src=\"https:\/\/www.europesays.com\/fr\/wp-content\/uploads\/2025\/12\/chauffage-rennes-le-blosne-960x640.jpeg\" alt=\"Michel a achet\u00e9 un chauffage d'appoint permettant de chauffer une pi\u00e8ce \u00e0 18\u00b0C.\" width=\"960\" height=\"640\"\/><br \/>\n    Michel a achet\u00e9 un chauffage d\u2019appoint permettant de chauffer une pi\u00e8ce \u00e0 18\u00b0C. (\u00a9Cl\u00e9mence Pays\/actu Rennes)<\/p>\n<p class=\" wall-content\">Pour tenter malgr\u00e9 tout de se r\u00e9chauffer, Michel a achet\u00e9 <strong>un petit chauffage d\u2019appoint<\/strong> qui souffle de l\u2019air chaud. \u00ab\u2009Je le d\u00e9place de pi\u00e8ce en pi\u00e8ce, mais j\u2019ai un T3\u2009: \u00e7a ne suffit pas pour chauffer la totalit\u00e9 d\u2019un logement, et \u00e7a consomme beaucoup. Je suis oblig\u00e9 de l\u2019\u00e9teindre la nuit et lorsque je me r\u00e9veille, <strong>tout est congel\u00e9.\u2009\u00bb<\/strong><\/p>\n<blockquote class=\"ac-article-quote wall-content\">\n<p>Je dors habill\u00e9, je suis en doudoune durant la journ\u00e9e. C\u2019est fatiguant, c\u2019est p\u00e9nible.<\/p>\n<p>    <strong>Michel<\/strong><br \/>\n        Riverain du n\u00b0 14 boulevard Louis-Volclair    <\/p><\/blockquote>\n<p>\u00ab\u00a0Pourquoi n\u2019ont-ils pas anticip\u00e9\u2009?<\/p>\n<p class=\" wall-content\">De son c\u00f4t\u00e9, Engie, le fournisseur en chauffage, a donn\u00e9 aux locataires <strong>des convecteurs \u00e9lectriques<\/strong> \u00ab\u2009mais certains sont d\u00e9fectueux\u2009\u00bb, soupire Michel, \u00ab\u2009ils font sauter l\u2019\u00e9lectricit\u00e9\u2009\u00bb. Le riverain du Blosne a sollicit\u00e9 plusieurs fois le groupe Engie qui fournit des \u00ab\u2009codes d\u2019intervention\u2009\u00bb et <strong>puis \u00ab\u2009plus rien\u2009\u00bb.<\/strong><\/p>\n<p>Votre r\u00e9gion, votre actu !<\/p>\n<p>Recevez chaque jour les infos qui comptent pour vous.<\/p>\n<p>\t<a href=\"https:\/\/actu.fr\/newsletter\" class=\"ac-btn ac-btn--corner ac-btn--medium ac-btn--blue800\" target=\"_blank\" rel=\"noopener\">S&rsquo;incrire<\/a><\/p>\n<p class=\" wall-content\">\u00ab\u2009Pourquoi n\u2019ont-ils pas anticip\u00e9\u2009?\u2009\u00bb, s\u2019impatiente Michel.<\/p>\n<blockquote class=\"ac-article-quote wall-content\">\n<p>L\u2019ann\u00e9e derni\u00e8re c\u2019\u00e9tait la m\u00eame chose. On tourne en rond.<\/p>\n<p>    <strong>Riverain du n\u00b0 14 boulevard Louis-Volclair<\/strong>\n            <\/p><\/blockquote>\n<p class=\" wall-content\">\u00ab\u2009Je ne comprends pas pourquoi ils ne mettent pas en place une unit\u00e9 de pompe \u00e0 chaleur<strong> en attendant de trouver la vraie panne\u2009\u00bb,<\/strong> abonde-t-il.<\/p>\n<p>Plusieurs quartiers concern\u00e9s<\/p>\n<p class=\" wall-content\"><strong>Ce probl\u00e8me<\/strong> est pourtant <strong>bien connu<\/strong>. Contact\u00e9 par la r\u00e9daction, Archipel Habitat indique en effet qu\u2019une grande partie du Blosne est concern\u00e9e\u00a0par cette panne qui fluctue selon les appartements et les colonnes de chauffage.<\/p>\n<p class=\" wall-content\">Il s\u2019agit des logements situ\u00e9s <strong>boulevard Louis-Volclair<\/strong>, mais \u00e9galement<strong> square des Grisons<\/strong> et<strong> square Alexis-Le-Strat<\/strong>. \u00ab\u2009La mise en chauffage a eu lieu le 15\u00a0octobre 2025, d\u00e9taille Archipel Habitat, mais des soucis sont apparus en sous-station.\u2009\u00bb <strong>Plusieurs interventions<\/strong> ont eu lieu depuis, mais l\u2019origine de la panne \u00e9tait encore m\u00e9connue.<\/p>\n<p class=\" wall-content\">Depuis, celle-ci a \u00e9t\u00e9 \u00e9lucid\u00e9e. Concr\u00e8tement, plusieurs colonnes montantes de chauffage, sur diff\u00e9rents secteurs, sont <strong>bouch\u00e9es,<\/strong> emp\u00eachant la chaleur de se r\u00e9partir dans les logements.<\/p>\n<p class=\" wall-content\">Pour r\u00e9parer la panne, <strong>une mise en pression<\/strong> doit \u00eatre effectu\u00e9e pour lib\u00e9rer les points de blocage. \u00ab\u2009Une intervention de la part <strong>d\u2019Engie<\/strong> est programm\u00e9e <strong>vendredi 2\u00a0janvier<\/strong>, en pr\u00e9sence <strong>d\u2019un plombier\u2009\u00bb,<\/strong> \u00e9taye Archipel Habitat.<\/p>\n<p>Deux fuites \u00e0 No\u00ebl<\/p>\n<p class=\" wall-content\">\u00ab\u2009Deux <strong>fuites importantes<\/strong> se sont produites sur le <strong>r\u00e9seau de chaleur Enersud,<\/strong> entra\u00eenant son <strong>arr\u00eat complet le 25\u00a0d\u00e9cembre<\/strong> \u00e0 7\u2009h du matin. Nos \u00e9quipes sont intervenues imm\u00e9diatement pour tenter de les localiser\u2009\u00bb, explique Engie \u00e0 actu Rennes.<\/p>\n<p class=\" wall-content\">Depuis No\u00ebl donc, les \u00e9quipes d\u2019astreinte \u00ab\u2009avec le soutien de coll\u00e8gues venus en renfort\u2009\u00bb ont travaill\u00e9 pour identifier le point de fuite. \u00ab\u2009Les tron\u00e7ons du r\u00e9seau ont \u00e9t\u00e9 <strong>remis en service progressivement,<\/strong> d\u00e8s que les contr\u00f4les confirmaient qu\u2019ils n\u2019\u00e9taient pas concern\u00e9s\u2009\u00bb, poursuit Engie.<\/p>\n<p class=\" wall-content\">Jeudi 26\u00a0d\u00e9cembre, \u00e0 1h, \u00ab\u2009environ <strong>1\u2009500 logements<\/strong> \u00e9taient encore priv\u00e9s de chaleur\u2009\u00bb. \u00c0 16h, une premi\u00e8re fuite a \u00e9t\u00e9 localis\u00e9e et r\u00e9par\u00e9e, assure le fournisseur d\u2019\u00e9nergie. \u00ab\u2009Il ne restait alors plus qu\u2019une centaine de logements coup\u00e9s\u2009\u00bb, dans une r\u00e9sidence all\u00e9e de Varsovie.\u00a0Une deuxi\u00e8me fuite a \u00e9t\u00e9 localis\u00e9e et a \u00e9t\u00e9 r\u00e9par\u00e9e.<\/p>\n<p>De nouvelles fuites d\u00e9tect\u00e9es<\/p>\n<p class=\" wall-content\">Mais voil\u00e0,<strong> d\u2019autres fuites ont depuis \u00e9t\u00e9 d\u00e9tect\u00e9es.<\/strong> Celles-ci sont \u00ab\u2009en cours de r\u00e9paration (avenue du Canada, secteur de la Poterie et au Triangle)\u2009\u00bb, poursuit Engie.<\/p>\n<blockquote class=\"ac-article-quote wall-content\">\n<p>N\u00e9anmoins, \u00e0 ce jour, l\u2019ensemble du r\u00e9seau primaire Enersud de Rennes est correctement aliment\u00e9 ainsi que les sous-stations raccord\u00e9es et qui ne sont pas impact\u00e9es par les fuites localis\u00e9es en cours de traitement.<\/p>\n<p>    <strong>Engie<\/strong>\n            <\/p><\/blockquote>\n<p class=\" wall-content\">\u00ab\u2009La <strong>situation est stable<\/strong> et la chaufferie, comme le r\u00e9seau, fonctionnent correctement malgr\u00e9 les quelques fuites qui persistent. Les b\u00e2timents raccord\u00e9s sont aliment\u00e9s en chaleur.\u2009\u00bb<\/p>\n<p>Le r\u00e9seau secondaire impact\u00e9<\/p>\n<p class=\" wall-content\">En parall\u00e8le, \u00ab\u2009ind\u00e9pendamment du r\u00e9seau d\u2019Enersud, il y a un <strong>souci sur le r\u00e9seau secondaire<\/strong> (le r\u00e9seau interne dans l\u2019immeuble), dont nous sommes le gestionnaire sur la r\u00e9sidence Volclair\/Les Grisons situ\u00e9e avenue des Pays-Bas et la sous-station (cours de Bilbao, all\u00e9e des Asturies et rue d\u2019Espagne)\u2009\u00bb, pr\u00e9cise encore Engie. Ce qui explique l\u2019absence de chauffage dans l\u2019immeuble occup\u00e9 par Michel.<\/p>\n<p class=\" wall-content\">Selon le fournisseur d\u2019\u00e9nergie, <strong>une intervention doit avoir lieu mercredi 31\u00a0d\u00e9cembre<\/strong> pour \u00ab\u2009am\u00e9liorer les soucis rencontr\u00e9s\u2009\u00bb.<\/p>\n<p class=\" wall-content\">\u00ab\u2009Nous sommes conscients des d\u00e9sagr\u00e9ments occasionn\u00e9s, particuli\u00e8rement en cette p\u00e9riode de f\u00eates et compte tenu des temp\u00e9ratures actuelles\u2009\u00bb, conclut Engie.<\/p>\n<p class=\" wall-content\">Personnalisez votre actualit\u00e9 en ajoutant vos villes et m\u00e9dias en favori avec <a href=\"https:\/\/moncompte.actu.fr\" title=\"D\u00e9couvez Mon Actu\" rel=\"nofollow noopener\" data-trk=\"{&quot;cta&quot;:{&quot;action&quot;:&quot;https:\\\/\\\/moncompte.actu.fr&quot;,&quot;category&quot;:&quot;mon compte&quot;,&quot;from&quot;:&quot;article footer&quot;,&quot;name&quot;:&quot;Mon actu&quot;,&quot;type&quot;:&quot;cta&quot;}}\" target=\"_blank\">Mon Actu<\/a>.<\/p>\n","protected":false},"excerpt":{"rendered":"Par Laur\u00e8ne Fertin Publi\u00e9 le 30 d\u00e9c. 2025 \u00e0 18h21 \u00ab\u2009C\u2019est une catastrophe.\u2009\u00bb Michel n\u2019en dort plus la&hellip;\n","protected":false},"author":2,"featured_media":630966,"comment_status":"","ping_status":"","sticky":false,"template":"","format":"standard","meta":{"footnotes":""},"categories":[2821],"tags":[1111,11,829,1777,674,1011,27,3447,7905,1908,12,584,25,104],"class_list":{"0":"post-630965","1":"post","2":"type-post","3":"status-publish","4":"format-standard","5":"has-post-thumbnail","7":"category-rennes","8":"tag-actu","9":"tag-actualites","10":"tag-bretagne","11":"tag-eu","12":"tag-europe","13":"tag-fr","14":"tag-france","15":"tag-froid","16":"tag-le-blosne","17":"tag-logement","18":"tag-news","19":"tag-rennes","20":"tag-republique-francaise","21":"tag-societe"},"share_on_mastodon":{"url":"https:\/\/pubeurope.com\/@fr\/115811309559794447","error":""},"_links":{"self":[{"href":"https:\/\/www.europesays.com\/fr\/wp-json\/wp\/v2\/posts\/630965","targetHints":{"allow":["GET"]}}],"collection":[{"href":"https:\/\/www.europesays.com\/fr\/wp-json\/wp\/v2\/posts"}],"about":[{"href":"https:\/\/www.europesays.com\/fr\/wp-json\/wp\/v2\/types\/post"}],"author":[{"embeddable":true,"href":"https:\/\/www.europesays.com\/fr\/wp-json\/wp\/v2\/users\/2"}],"replies":[{"embeddable":true,"href":"https:\/\/www.europesays.com\/fr\/wp-json\/wp\/v2\/comments?post=630965"}],"version-history":[{"count":0,"href":"https:\/\/www.europesays.com\/fr\/wp-json\/wp\/v2\/posts\/630965\/revisions"}],"wp:featuredmedia":[{"embeddable":true,"href":"https:\/\/www.europesays.com\/fr\/wp-json\/wp\/v2\/media\/630966"}],"wp:attachment":[{"href":"https:\/\/www.europesays.com\/fr\/wp-json\/wp\/v2\/media?parent=630965"}],"wp:term":[{"taxonomy":"category","embeddable":true,"href":"https:\/\/www.europesays.com\/fr\/wp-json\/wp\/v2\/categories?post=630965"},{"taxonomy":"post_tag","embeddable":true,"href":"https:\/\/www.europesays.com\/fr\/wp-json\/wp\/v2\/tags?post=630965"}],"curies":[{"name":"wp","href":"https:\/\/api.w.org\/{rel}","templated":true}]}}