{"id":630969,"date":"2025-12-31T00:19:50","date_gmt":"2025-12-31T00:19:50","guid":{"rendered":"https:\/\/www.europesays.com\/fr\/630969\/"},"modified":"2025-12-31T00:19:50","modified_gmt":"2025-12-31T00:19:50","slug":"9-bars-et-restos-strasbourgeois-qui-ont-ferme-ces-derniers-mois","status":"publish","type":"post","link":"https:\/\/www.europesays.com\/fr\/630969\/","title":{"rendered":"9 bars et restos strasbourgeois qui ont ferm\u00e9 ces derniers mois"},"content":{"rendered":"<p><strong>Vous l\u2019avez sans doute remarqu\u00e9 en vous baladant dans les rues : une ribambelle de restos et de bars ont ferm\u00e9 leurs portes \u00e0 Strasbourg ces derniers mois. Voici donc 9 adresses embl\u00e9matiques que l\u2019on ne reverra plus jamais, mais qui ont souvent laiss\u00e9 la place \u00e0 de jolies nouveaut\u00e9s. Bien s\u00fbr, on a pas cit\u00e9 toutes les fermetures, alors n\u2019h\u00e9sitez pas \u00e0 partager dans les commentaires les adresses qui ont disparu en bas de chez vous.\u00a0<\/strong><\/p>\n<p>La Peau d&rsquo;Vache (bar)<\/p>\n<p>La Peau d\u2019Vache, c\u2019\u00e9tait ce bar <strong>situ\u00e9 aux portes du Neudorf <\/strong>(2 avenue Jean-Jaur\u00e8s). On y venait <strong>pour s\u2019envoyer bi\u00e8res et burgers<\/strong> dans une ambiance de taverne de quartier, et parfois,<strong> la soir\u00e9e durait bien plus longtemps que pr\u00e9vu.\u00a0<\/strong><\/p>\n<p>Ferm\u00e9 au printemps, il a laiss\u00e9 sa place \u00e0 La Base, <strong>une adresse qui a fait des bi\u00e8res artisanales<\/strong> et des petits plats \u00e0 partager\u00a0<strong>sa sp\u00e9cialit\u00e9.\u00a0<\/strong><\/p>\n<p>                <a href=\"https:\/\/pokaa.fr\/2025\/09\/14\/la-base-le-nouveau-repaire-strasbourgeois-qui-mele-street-food-et-bieres-artisanales\/\" target=\"_blank\" rel=\"noopener\"><br \/>\n                    <img width=\"450\" height=\"270\" src=\"https:\/\/www.europesays.com\/fr\/wp-content\/uploads\/2025\/09\/la-base-bar-restaurant-burger-tapas-img-8565-2-450x270.jpeg\" class=\"attachment-card-horizontal--same-subject size-card-horizontal--same-subject wp-post-image\" alt=\"\" decoding=\"async\" loading=\"lazy\"\/>                <\/a><\/p>\n<p>                <img width=\"436\" height=\"500\" src=\"https:\/\/www.europesays.com\/fr\/wp-content\/uploads\/2025\/12\/img-1549-436x500.jpg\" class=\"attachment-gallery size-gallery\" alt=\"Peau de vache\" data-full-url=\"https:\/\/pokaa.fr\/wp-content\/uploads\/2025\/12\/23\/img-1549.jpg\" decoding=\"async\" loading=\"lazy\"  \/>            <\/p>\n<p>                <img width=\"470\" height=\"500\" src=\"https:\/\/www.europesays.com\/fr\/wp-content\/uploads\/2025\/12\/img-1550-470x500.jpg\" class=\"attachment-gallery size-gallery\" alt=\"Peau de vache\" data-full-url=\"https:\/\/pokaa.fr\/wp-content\/uploads\/2025\/12\/23\/img-1550.jpg\" decoding=\"async\" loading=\"lazy\"  \/>            <\/p>\n<p>                <img width=\"444\" height=\"500\" src=\"https:\/\/www.europesays.com\/fr\/wp-content\/uploads\/2025\/12\/img-1548-444x500.jpg\" class=\"attachment-gallery size-gallery\" alt=\"Peau de vache\" data-full-url=\"https:\/\/pokaa.fr\/wp-content\/uploads\/2025\/12\/23\/img-1548.jpg\" decoding=\"async\" loading=\"lazy\"  \/>            <\/p>\n<p>                <img width=\"500\" height=\"500\" src=\"https:\/\/www.europesays.com\/fr\/wp-content\/uploads\/2025\/12\/img-1547-500x500.jpg\" class=\"attachment-gallery size-gallery\" alt=\"Peau de vache\" data-full-url=\"https:\/\/pokaa.fr\/wp-content\/uploads\/2025\/12\/23\/img-1547.jpg\" decoding=\"async\" loading=\"lazy\"  \/>            <\/p>\n<p>                    \u00a9 La Peau d&rsquo;Vache \/ Documents remis<\/p>\n<p>Le Transsib\u00e9rien (restaurant russe)<\/p>\n<p>C\u2019\u00e9tait <strong>l\u2019un des derniers restaurants russes de la ville<\/strong>. Situ\u00e9 dans une rue de la Krutenau presque cach\u00e9e (la ruelle de la Bruche), <strong>on venait y d\u00e9guster goulasch, bortsch et autres b\u0153uf Stroganov.<\/strong> Sans oublier les shots de vodka, et ce n\u2019est pas un clich\u00e9.<\/p>\n<p>Apr\u00e8s de lourds travaux,<strong> c\u2019est le bar-resto Les Opportunistes<\/strong> qui nous accueille d\u00e9sormais avec <strong>des plats inspir\u00e9s de la street food du monde entier <\/strong>et des cocktails bien pens\u00e9s.<\/p>\n<p>                <a href=\"https:\/\/pokaa.fr\/2025\/08\/20\/bar-resto-et-krach-boursier-a-strasbourg-une-nouvelle-adresse-ouvre-pour-les-opportunistes\/\" target=\"_blank\" rel=\"noopener\"><br \/>\n                    <img width=\"450\" height=\"270\" src=\"https:\/\/www.europesays.com\/fr\/wp-content\/uploads\/2025\/09\/b4-450x270.png\" class=\"attachment-card-horizontal--same-subject size-card-horizontal--same-subject wp-post-image\" alt=\"\" decoding=\"async\" loading=\"lazy\"\/>                <\/a><\/p>\n<p>                <img width=\"727\" height=\"500\" src=\"https:\/\/www.europesays.com\/fr\/wp-content\/uploads\/2025\/12\/le-transsiberienimg_4096.jpg\" class=\"attachment-gallery size-gallery\" alt=\"Le transsibe\u0301rienIMG_4096\" data-full-url=\"https:\/\/www.europesays.com\/fr\/wp-content\/uploads\/2025\/12\/le-transsiberienimg_4096.jpg\" decoding=\"async\" loading=\"lazy\"  \/>            <\/p>\n<p>                <img width=\"667\" height=\"500\" src=\"https:\/\/www.europesays.com\/fr\/wp-content\/uploads\/2025\/12\/img-1555-667x500.jpg\" class=\"attachment-gallery size-gallery\" alt=\"le transsib\u00e9rien\" data-full-url=\"https:\/\/pokaa.fr\/wp-content\/uploads\/2025\/12\/23\/img-1555-1500x1125.jpg\" decoding=\"async\" loading=\"lazy\"  \/>            <\/p>\n<p>                <img width=\"761\" height=\"500\" src=\"https:\/\/www.europesays.com\/fr\/wp-content\/uploads\/2025\/12\/le-transsiberienimg_4104.jpg\" class=\"attachment-gallery size-gallery\" alt=\"Le transsibe\u0301rienIMG_4104\" data-full-url=\"https:\/\/www.europesays.com\/fr\/wp-content\/uploads\/2025\/12\/le-transsiberienimg_4104.jpg\" decoding=\"async\" loading=\"lazy\"  \/>            <\/p>\n<p>                <img width=\"683\" height=\"500\" src=\"https:\/\/www.europesays.com\/fr\/wp-content\/uploads\/2025\/12\/le-transsiberienimg_4103.jpg\" class=\"attachment-gallery size-gallery\" alt=\"Le transsibe\u0301rienIMG_4103\" data-full-url=\"https:\/\/www.europesays.com\/fr\/wp-content\/uploads\/2025\/12\/le-transsiberienimg_4103.jpg\" decoding=\"async\" loading=\"lazy\"  \/>            <\/p>\n<p>                <img width=\"667\" height=\"500\" src=\"https:\/\/www.europesays.com\/fr\/wp-content\/uploads\/2025\/12\/img-1552-667x500.jpg\" class=\"attachment-gallery size-gallery\" alt=\"le transsib\u00e9rien\" data-full-url=\"https:\/\/pokaa.fr\/wp-content\/uploads\/2025\/12\/23\/img-1552.jpg\" decoding=\"async\" loading=\"lazy\"  \/>            <\/p>\n<p>                    Le Transsib\u00e9rien. \u00a9 Bastien Pietronave \/ Pokaa<\/p>\n<p>Spuntino (restaurant italien)<\/p>\n<p>Situ\u00e9 au c\u0153ur de la Grande \u00cele, dans la rue des Aveugles, <strong>Spuntino surfait sur la mode des focaccias garnies\u2026<\/strong> Mais aussi sur une s\u00e9lection de <strong>spritz et de plats du soleil \u00e0 l\u2019italienne<\/strong> qui avaient fait son succ\u00e8s.<\/p>\n<p>D\u00e9sormais, c\u2019est <strong>le bar Hacienda Bernadette qui a pris ses quartiers,<\/strong> pour le plus grand bonheur des amateurs\/rices <strong>de bi\u00e8res artisanales et de jolis vins.<\/strong><\/p>\n<p>                <img width=\"375\" height=\"500\" src=\"https:\/\/www.europesays.com\/fr\/wp-content\/uploads\/2025\/12\/image00002-6-375x500.jpeg\" class=\"attachment-gallery size-gallery\" alt=\"Spuntino hiver raclette\" data-full-url=\"https:\/\/pokaa.fr\/wp-content\/uploads\/2023\/01\/image00002-6.jpeg\" decoding=\"async\" loading=\"lazy\"  \/>            <\/p>\n<p>                <img width=\"375\" height=\"500\" src=\"https:\/\/www.europesays.com\/fr\/wp-content\/uploads\/2025\/12\/image00019-4-375x500.jpeg\" class=\"attachment-gallery size-gallery\" alt=\"Spuntino hiver raclette\" data-full-url=\"https:\/\/pokaa.fr\/wp-content\/uploads\/2023\/01\/image00019-4.jpeg\" decoding=\"async\" loading=\"lazy\"  \/>            <\/p>\n<p>                <img width=\"667\" height=\"500\" src=\"https:\/\/www.europesays.com\/fr\/wp-content\/uploads\/2025\/12\/image00004.jpeg\" class=\"attachment-gallery size-gallery\" alt=\"Spuntino\" data-full-url=\"https:\/\/www.europesays.com\/fr\/wp-content\/uploads\/2025\/12\/image00004.jpeg\" decoding=\"async\" loading=\"lazy\"  \/>            <\/p>\n<p>                <img width=\"667\" height=\"500\" src=\"https:\/\/www.europesays.com\/fr\/wp-content\/uploads\/2025\/12\/image00012.jpeg\" class=\"attachment-gallery size-gallery\" alt=\"cocktail spritz alcool\" data-full-url=\"https:\/\/www.europesays.com\/fr\/wp-content\/uploads\/2025\/12\/image00012.jpeg\" decoding=\"async\" loading=\"lazy\"  \/>            <\/p>\n<p>                <img width=\"667\" height=\"500\" src=\"https:\/\/www.europesays.com\/fr\/wp-content\/uploads\/2025\/12\/image00020.jpeg\" class=\"attachment-gallery size-gallery\" alt=\"Spuntino\" data-full-url=\"https:\/\/www.europesays.com\/fr\/wp-content\/uploads\/2025\/12\/image00020.jpeg\" decoding=\"async\" loading=\"lazy\"  \/>            <\/p>\n<p>                    \u00a9 Bastien Pietronave \/ Pokaa<\/p>\n<p>L&rsquo;Algorythme (bar et tartes flamb\u00e9es)<\/p>\n<p>Install\u00e9 depuis belle lurette <strong>au milieu de l\u2019une des rues les plus passantes de la Krutenau<\/strong>, L\u2019Algorythme \u00e9tait devenu un bar d\u2019habitu\u00e9(e)s, <strong>un repaire de copains et copines rassurant<\/strong>.<\/p>\n<p>Apr\u00e8s des ann\u00e9es de service, c\u2019est un bar au nom \u00e9tonnant qui ouvrira bient\u00f4t \u00e0 cette adresse :<strong>\u00a0Le Bistrot O\u2019Go\u00fbt Doux<\/strong>. Bien s\u00fbr, on vous en parlera plus en d\u00e9tail en 2026.<\/p>\n<p>                <a href=\"https:\/\/pokaa.fr\/2025\/11\/10\/fini-de-jouer-a-la-krutenau-le-bar-lalgorythme-a-definitivement-baisse-le-rideau\/\" target=\"_blank\" rel=\"noopener\"><br \/>\n                    <img width=\"450\" height=\"270\" src=\"https:\/\/www.europesays.com\/fr\/wp-content\/uploads\/2025\/12\/468052889-2538134386373997-6671572504471713741-n-450x270.jpg\" class=\"attachment-card-horizontal--same-subject size-card-horizontal--same-subject wp-post-image\" alt=\"\" decoding=\"async\" loading=\"lazy\"\/>                <\/a><\/p>\n<p>                <img width=\"750\" height=\"500\" src=\"https:\/\/www.europesays.com\/fr\/wp-content\/uploads\/2025\/12\/algorythme-bar-strasbourg4.jpg\" class=\"attachment-gallery size-gallery\" alt=\"algorythme-bar-strasbourg4\" data-full-url=\"https:\/\/www.europesays.com\/fr\/wp-content\/uploads\/2025\/12\/algorythme-bar-strasbourg4.jpg\" decoding=\"async\" loading=\"lazy\"  \/>            <\/p>\n<p>                <img width=\"333\" height=\"500\" src=\"https:\/\/www.europesays.com\/fr\/wp-content\/uploads\/2025\/12\/algorythme-bar-strasbourg5.jpg\" class=\"attachment-gallery size-gallery\" alt=\"algorythme-bar-strasbourg5\" data-full-url=\"https:\/\/www.europesays.com\/fr\/wp-content\/uploads\/2025\/12\/algorythme-bar-strasbourg5.jpg\" decoding=\"async\" loading=\"lazy\"  \/>            <\/p>\n<p>                <img width=\"750\" height=\"500\" src=\"https:\/\/www.europesays.com\/fr\/wp-content\/uploads\/2025\/12\/algorythme-bar-strasbourg3.jpg\" class=\"attachment-gallery size-gallery\" alt=\"algorythme-bar-strasbourg3\" data-full-url=\"https:\/\/www.europesays.com\/fr\/wp-content\/uploads\/2025\/12\/algorythme-bar-strasbourg3.jpg\" decoding=\"async\" loading=\"lazy\"  \/>            <\/p>\n<p>                <img width=\"750\" height=\"500\" src=\"https:\/\/www.europesays.com\/fr\/wp-content\/uploads\/2025\/11\/494218883-1292064706259464-2287858506091570963-n-750x500.jpg\" class=\"attachment-gallery size-gallery\" alt=\"algorythme\" data-full-url=\"https:\/\/pokaa.fr\/wp-content\/uploads\/2025\/11\/10\/494218883-1292064706259464-2287858506091570963-n.jpg\" decoding=\"async\" loading=\"lazy\"  \/>            <\/p>\n<p>                    L&rsquo;Algorythme. \u00a9 Documents remis<\/p>\n<p>Niko Niko (restaurant japonais)<\/p>\n<p><strong>R\u00e9put\u00e9 pour la qualit\u00e9 et la fra\u00eecheur de ses plats<\/strong>, mais peut-\u00eatre un peu isol\u00e9 du c\u00f4t\u00e9 de l\u2019avenue des Vosges,<strong> le restaurant japonais Niko Niko a lui aussi succomb\u00e9<\/strong> au temps qui passe. <strong>On ignore encore le nom de l\u2019\u00e9tablissement<\/strong> qui prendra sa place, mais soyez certain(e)s que l\u2019on vous en touchera quelques mots en 2026.<\/p>\n<p>                <img width=\"738\" height=\"500\" src=\"https:\/\/www.europesays.com\/fr\/wp-content\/uploads\/2025\/12\/img-1561-738x500.jpg\" class=\"attachment-gallery size-gallery\" alt=\"Restaurant Niki Niko\" data-full-url=\"https:\/\/pokaa.fr\/wp-content\/uploads\/2025\/12\/23\/img-1561.jpg\" decoding=\"async\" loading=\"lazy\"  \/>            <\/p>\n<p>                <img width=\"820\" height=\"500\" src=\"https:\/\/www.europesays.com\/fr\/wp-content\/uploads\/2025\/12\/img-1559-820x500.jpg\" class=\"attachment-gallery size-gallery\" alt=\"Restaurant Niki Niko\" data-full-url=\"https:\/\/pokaa.fr\/wp-content\/uploads\/2025\/12\/23\/img-1559.jpg\" decoding=\"async\" loading=\"lazy\"  \/>            <\/p>\n<p>                    \u00a9 Niko Niko \/ Documents remis <\/p>\n<p>L\u2019Artisan du Wrap (sandwicherie premium)<\/p>\n<p>L\u2019Artisan du Wrap, <strong>c\u2019\u00e9tait ce comptoir de qualit\u00e9<\/strong> dont les recettes \u00e9taient inspir\u00e9es du monde entier. Pendant plus de 5 ans,<strong> le chef Yao Maglo proposait ses fameux sandwichs roul\u00e9s<\/strong>, mais l\u2019aventure a malheureusement pris fin en 2025.<\/p>\n<p>\u00c0 la place,<strong> pour les amoureux\/ses de focaccias garnies<\/strong>, on retrouve d\u00e9sormais la sandwicherie Abbiocco.<\/p>\n<p>                <img width=\"667\" height=\"500\" src=\"https:\/\/www.europesays.com\/fr\/wp-content\/uploads\/2025\/12\/lartisan-du-wrap-image00017.jpeg\" class=\"attachment-gallery size-gallery\" alt=\"L\u2019artisan du Wrap image00017\" data-full-url=\"https:\/\/www.europesays.com\/fr\/wp-content\/uploads\/2025\/12\/lartisan-du-wrap-image00017.jpeg\" decoding=\"async\" loading=\"lazy\"  \/>            <\/p>\n<p>                <img width=\"667\" height=\"500\" src=\"https:\/\/www.europesays.com\/fr\/wp-content\/uploads\/2025\/12\/lartisan-du-wrap-image00009.jpeg\" class=\"attachment-gallery size-gallery\" alt=\"L\u2019artisan du Wrap image00009\" data-full-url=\"https:\/\/www.europesays.com\/fr\/wp-content\/uploads\/2025\/12\/lartisan-du-wrap-image00009.jpeg\" decoding=\"async\" loading=\"lazy\"  \/>            <\/p>\n<p>                <img width=\"817\" height=\"500\" src=\"https:\/\/www.europesays.com\/fr\/wp-content\/uploads\/2025\/12\/lartisan-du-wrap-image00019.jpeg\" class=\"attachment-gallery size-gallery\" alt=\"L\u2019artisan du Wrap image00019\" data-full-url=\"https:\/\/www.europesays.com\/fr\/wp-content\/uploads\/2025\/12\/lartisan-du-wrap-image00019.jpeg\" decoding=\"async\" loading=\"lazy\"  \/>            <\/p>\n<p>                <img width=\"667\" height=\"500\" src=\"https:\/\/www.europesays.com\/fr\/wp-content\/uploads\/2025\/12\/lartisan-du-wrap-image00013.jpeg\" class=\"attachment-gallery size-gallery\" alt=\"L\u2019artisan du Wrap image00013\" data-full-url=\"https:\/\/www.europesays.com\/fr\/wp-content\/uploads\/2025\/12\/lartisan-du-wrap-image00013.jpeg\" decoding=\"async\" loading=\"lazy\"  \/>            <\/p>\n<p>                <img width=\"667\" height=\"500\" src=\"https:\/\/www.europesays.com\/fr\/wp-content\/uploads\/2025\/12\/lartisan-du-wrap-image00014.jpeg\" class=\"attachment-gallery size-gallery\" alt=\"L\u2019artisan du Wrap image00014\" data-full-url=\"https:\/\/www.europesays.com\/fr\/wp-content\/uploads\/2025\/12\/lartisan-du-wrap-image00014.jpeg\" decoding=\"async\" loading=\"lazy\"  \/>            <\/p>\n<p>                    L\u2019Artisan du Wrap. \u00a9 Bastien Pietronave \/ Pokaa<\/p>\n<p>Utopia (restaurant festif)<\/p>\n<p><strong>Restaurant festif malheureusement trop vite oubli\u00e9<\/strong>, Utopia n\u2019avait pas r\u00e9ussi \u00e0 convaincre une client\u00e8le fid\u00e8le pour p\u00e9renniser son activit\u00e9. Situ\u00e9 sur la place des Tripiers,<strong> \u00e0 proximit\u00e9 de plusieurs bars, restos et \u00e9tablissements de nuit<\/strong>, la concurrence \u00e9tait rude <strong>et son flambeau s\u2019est \u00e9teint<\/strong>.<\/p>\n<p>\u00c0 la place, on retrouve \u00e0 pr\u00e9sent <strong>un restaurant au nom on ne peut plus clair : L\u2019Entrec\u00f4te.<\/strong><\/p>\n<p>                <img width=\"454\" height=\"500\" src=\"https:\/\/www.europesays.com\/fr\/wp-content\/uploads\/2025\/12\/img-1564-454x500.jpg\" class=\"attachment-gallery size-gallery\" alt=\"Restaurant utopia\" data-full-url=\"https:\/\/pokaa.fr\/wp-content\/uploads\/2025\/12\/23\/img-1564.jpg\" decoding=\"async\" loading=\"lazy\"  \/>            <\/p>\n<p>                <img width=\"542\" height=\"500\" src=\"https:\/\/www.europesays.com\/fr\/wp-content\/uploads\/2025\/12\/img-1563-542x500.jpg\" class=\"attachment-gallery size-gallery\" alt=\"Restaurant utopia\" data-full-url=\"https:\/\/pokaa.fr\/wp-content\/uploads\/2025\/12\/23\/img-1563.jpg\" decoding=\"async\" loading=\"lazy\"  \/>            <\/p>\n<p>                <img width=\"471\" height=\"500\" src=\"https:\/\/www.europesays.com\/fr\/wp-content\/uploads\/2025\/12\/img-1562-471x500.jpg\" class=\"attachment-gallery size-gallery\" alt=\"Restaurant utopia\" data-full-url=\"https:\/\/pokaa.fr\/wp-content\/uploads\/2025\/12\/23\/img-1562.jpg\" decoding=\"async\" loading=\"lazy\"  \/>            <\/p>\n<p>                    \u00a9 Utopia \/ Documents remis <\/p>\n<p>Pan y Vino (restaurant espagnol) <\/p>\n<p>C\u2019\u00e9tait <strong>un restaurant chaleureux qui nous avait envoy\u00e9 une bonne dose de soleil<\/strong> et de gourmandise ib\u00e9riques : Pan y Vino.<\/p>\n<p><strong>Depuis seulement quelques semaines<\/strong>, \u00e0 la place des croquetas et des paellas, c\u2019est <strong>un bar de nuit ind\u00e9pendant flambant neuf qui a point\u00e9 son nez<\/strong>. Son nom, c\u2019est Austerlitz Square Garden.<\/p>\n<p>                <a href=\"https:\/\/pokaa.fr\/2025\/11\/10\/strasbourg-a-3-ils-ouvrent-un-nouveau-bar-independant-le-austerlitz-square-garden\/\" target=\"_blank\" rel=\"noopener\"><br \/>\n                    <img width=\"450\" height=\"270\" src=\"https:\/\/www.europesays.com\/fr\/wp-content\/uploads\/2025\/12\/a11-1-450x270.jpg\" class=\"attachment-card-horizontal--same-subject size-card-horizontal--same-subject wp-post-image\" alt=\"\" decoding=\"async\" loading=\"lazy\"\/>                <\/a><\/p>\n<p>                <img width=\"667\" height=\"500\" src=\"https:\/\/www.europesays.com\/fr\/wp-content\/uploads\/2025\/12\/image00033-667x500.jpeg\" class=\"attachment-gallery size-gallery\" alt=\"Pan y vino terrasse restaurant espagnol tapas\" data-full-url=\"https:\/\/pokaa.fr\/wp-content\/uploads\/2023\/10\/04\/image00033.jpeg\" decoding=\"async\" loading=\"lazy\"  \/>            <\/p>\n<p>                <img width=\"375\" height=\"500\" src=\"https:\/\/www.europesays.com\/fr\/wp-content\/uploads\/2025\/12\/image00007-375x500.jpeg\" class=\"attachment-gallery size-gallery\" alt=\"Pan y vino terrasse restaurant espagnol tapas\" data-full-url=\"https:\/\/pokaa.fr\/wp-content\/uploads\/2023\/10\/04\/image00007.jpeg\" decoding=\"async\" loading=\"lazy\"  \/>            <\/p>\n<p>                <img width=\"667\" height=\"500\" src=\"https:\/\/www.europesays.com\/fr\/wp-content\/uploads\/2025\/12\/image00021-667x500.jpeg\" class=\"attachment-gallery size-gallery\" alt=\"Pan y vino terrasse restaurant espagnol tapas\" data-full-url=\"https:\/\/pokaa.fr\/wp-content\/uploads\/2023\/10\/04\/image00021.jpeg\" decoding=\"async\" loading=\"lazy\"  \/>            <\/p>\n<p>                <img width=\"667\" height=\"500\" src=\"https:\/\/www.europesays.com\/fr\/wp-content\/uploads\/2025\/12\/image00001-667x500.jpeg\" class=\"attachment-gallery size-gallery\" alt=\"Pan y vino terrasse restaurant espagnol tapas\" data-full-url=\"https:\/\/pokaa.fr\/wp-content\/uploads\/2023\/10\/04\/image00001.jpeg\" decoding=\"async\" loading=\"lazy\"  \/>            <\/p>\n<p>                    \u00a9 Bastien Pietronave \/ Pokaa<\/p>\n<p>Arnaud &amp; Co (restaurant fran\u00e7ais) <\/p>\n<p>En place du c\u00f4t\u00e9 du parc de l\u2019Orangerie depuis de longues ann\u00e9es, <strong>le restaurant Arnaud &amp; Co \u00e9tait lui aussi une vraie table d\u2019habitu\u00e9(e)s<\/strong> qui a peu \u00e0 peu perdu de sa superbe avec le temps.<\/p>\n<p>Ferm\u00e9e \u00e0 l\u2019approche de l\u2019\u00e9t\u00e9, <strong>c\u2019est le restaurant La Foglia<\/strong>, ouvert entre autres <strong>par l\u2019\u00e9quipe du restaurant Capricciosa<\/strong>, qui le remplace depuis une poign\u00e9e de semaines <strong>dans un d\u00e9cor totalement repens\u00e9 qui vaut le coup d\u2019oeil.<\/strong><\/p>\n<p>                <a href=\"https:\/\/pokaa.fr\/2025\/10\/30\/strasbourg-apres-le-succes-de-capricciosa-son-equipe-ouvre-la-foglia-a-l-orangerie\/\" target=\"_blank\" rel=\"noopener\"><br \/>\n                    <img width=\"450\" height=\"270\" src=\"https:\/\/www.europesays.com\/fr\/wp-content\/uploads\/2025\/12\/la-foglia-retaurant-italien-pizza-poulpe-img-3041-450x270.jpeg\" class=\"attachment-card-horizontal--same-subject size-card-horizontal--same-subject wp-post-image\" alt=\"\" decoding=\"async\" loading=\"lazy\"\/>                <\/a><\/p>\n<p>                <img width=\"414\" height=\"500\" src=\"https:\/\/www.europesays.com\/fr\/wp-content\/uploads\/2025\/12\/img-1567-414x500.jpg\" class=\"attachment-gallery size-gallery\" alt=\"Arnaud &amp; Co\" data-full-url=\"https:\/\/pokaa.fr\/wp-content\/uploads\/2025\/12\/23\/img-1567.jpg\" decoding=\"async\" loading=\"lazy\"  \/>            <\/p>\n<p>                <img width=\"415\" height=\"500\" src=\"https:\/\/www.europesays.com\/fr\/wp-content\/uploads\/2025\/12\/img-1566-415x500.jpg\" class=\"attachment-gallery size-gallery\" alt=\"Arnaud &amp; Co\" data-full-url=\"https:\/\/pokaa.fr\/wp-content\/uploads\/2025\/12\/23\/img-1566.jpg\" decoding=\"async\" loading=\"lazy\"  \/>            <\/p>\n<p>                <img width=\"333\" height=\"500\" src=\"https:\/\/www.europesays.com\/fr\/wp-content\/uploads\/2025\/12\/img-1565-333x500.jpg\" class=\"attachment-gallery size-gallery\" alt=\"Arnaud &amp; Co\" data-full-url=\"https:\/\/pokaa.fr\/wp-content\/uploads\/2025\/12\/23\/img-1565.jpg\" decoding=\"async\" loading=\"lazy\"  \/>            <\/p>\n<p>                    \u00a9 Arnaud &amp; Co \/ Documents remis<\/p>\n","protected":false},"excerpt":{"rendered":"Vous l\u2019avez sans doute remarqu\u00e9 en vous baladant dans les rues : une ribambelle de restos et de&hellip;\n","protected":false},"author":2,"featured_media":630970,"comment_status":"","ping_status":"","sticky":false,"template":"","format":"standard","meta":{"footnotes":""},"categories":[2820],"tags":[1111,11,7168,1777,674,13407,1011,27,775,12,70670,65895,25,2923,640],"class_list":{"0":"post-630969","1":"post","2":"type-post","3":"status-publish","4":"format-standard","5":"has-post-thumbnail","7":"category-strasbourg","8":"tag-actu","9":"tag-actualites","10":"tag-bars","11":"tag-eu","12":"tag-europe","13":"tag-fermeture","14":"tag-fr","15":"tag-france","16":"tag-grand-est","17":"tag-news","18":"tag-ou-boire","19":"tag-ou-manger","20":"tag-republique-francaise","21":"tag-restaurants","22":"tag-strasbourg"},"share_on_mastodon":{"url":"https:\/\/pubeurope.com\/@fr\/115811323053079357","error":""},"_links":{"self":[{"href":"https:\/\/www.europesays.com\/fr\/wp-json\/wp\/v2\/posts\/630969","targetHints":{"allow":["GET"]}}],"collection":[{"href":"https:\/\/www.europesays.com\/fr\/wp-json\/wp\/v2\/posts"}],"about":[{"href":"https:\/\/www.europesays.com\/fr\/wp-json\/wp\/v2\/types\/post"}],"author":[{"embeddable":true,"href":"https:\/\/www.europesays.com\/fr\/wp-json\/wp\/v2\/users\/2"}],"replies":[{"embeddable":true,"href":"https:\/\/www.europesays.com\/fr\/wp-json\/wp\/v2\/comments?post=630969"}],"version-history":[{"count":0,"href":"https:\/\/www.europesays.com\/fr\/wp-json\/wp\/v2\/posts\/630969\/revisions"}],"wp:featuredmedia":[{"embeddable":true,"href":"https:\/\/www.europesays.com\/fr\/wp-json\/wp\/v2\/media\/630970"}],"wp:attachment":[{"href":"https:\/\/www.europesays.com\/fr\/wp-json\/wp\/v2\/media?parent=630969"}],"wp:term":[{"taxonomy":"category","embeddable":true,"href":"https:\/\/www.europesays.com\/fr\/wp-json\/wp\/v2\/categories?post=630969"},{"taxonomy":"post_tag","embeddable":true,"href":"https:\/\/www.europesays.com\/fr\/wp-json\/wp\/v2\/tags?post=630969"}],"curies":[{"name":"wp","href":"https:\/\/api.w.org\/{rel}","templated":true}]}}