{"id":630973,"date":"2025-12-31T00:22:12","date_gmt":"2025-12-31T00:22:12","guid":{"rendered":"https:\/\/www.europesays.com\/fr\/630973\/"},"modified":"2025-12-31T00:22:12","modified_gmt":"2025-12-31T00:22:12","slug":"un-tours-vb-de-fete-face-a-nice-et-seul-leader-de-msl","status":"publish","type":"post","link":"https:\/\/www.europesays.com\/fr\/630973\/","title":{"rendered":"Un Tours VB de f\u00eate face \u00e0 Nice et seul leader de MSL"},"content":{"rendered":"<p><strong>Tours\u00a0&#8211; Nice\u00a0: 3-0<\/strong><\/p>\n<p>Que cette soir\u00e9e fut belle\u00a0! Tr\u00e8s belle, m\u00eame. Avec une salle Grenon pleine, et bon enfant. Avec une \u00e9quipe de Tours s\u00e9rieuse, port\u00e9e par ses leaders et qui a fini fort, tr\u00e8s, tr\u00e8s fort.<\/p>\n<p>Bien trop pour une formation ni\u00e7oise qui a sans doute v\u00e9cu l\u00e0 sa pire soir\u00e9e de la saison. Le score parle de lui-m\u00eame\u00a0: au-del\u00e0 du 3-0, c\u2019est le d\u00e9tail des sets qui est d\u00e9finitivement rude avec un 25-22, puis un 25-13 et enfin un 25-12.<\/p>\n<p>\u00ab\u00a0Tours \u00e9tait vraiment tr\u00e8s bien en place dans tous les domaines\u00a0\u00bb<\/p>\n<p>Rude donc, mais juste tant les Tourangeaux ont fini par d\u00e9rouler. Brice Donat, l\u2019entra\u00eeneur ni\u00e7ois, le reconnaissait bien volontiers\u00a0: \u00ab\u00a0M\u00eame \u00e0 notre meilleur niveau, je pense que cela aurait \u00e9t\u00e9 compliqu\u00e9 car Tours \u00e9tait vraiment tr\u00e8s bien en place dans tous les domaines.\u00a0\u00bb<\/p>\n<p>Et pourtant, tous les signaux n\u2019\u00e9taient pas au vert, ce mardi 30\u00a0d\u00e9cembre. Car si le TVB ne pouvait bien s\u00fbr pas compter sur <a target=\"_self\" href=\"https:\/\/www.lanouvellerepublique.fr\/tours\/l-italie-ca-a-toujours-ete-un-reve-les-dessous-du-depart-d-alexandre-strehlau-du-tvb-vers-cuneo-1766847501\" rel=\"noopener\">Alexandre Strehlau<\/a>, en partance pour Cuneo, il devait aussi composer avec les absences de Landry Kavogo (genou) et Samuel Njok (\u00e9paule). Zeljko Coric \u00e9tait, lui, en revanche bien de retour et le capitaine tourangeau a montr\u00e9 la voie, comme les autres cadres.<\/p>\n<p>\u00c0 l\u2019image d\u2019un Luca Ramon qui s\u2019est multipli\u00e9 en d\u00e9fense. Un peu trop au go\u00fbt de Brice Donat qui, avec malice et amicalement, a salu\u00e9 \u00e0 sa mani\u00e8re la performance du Tourangeau\u00a0: \u00ab\u00a0Mon p\u2019tit libero que j\u2019ai eu pendant trois ans \u00e0 Poitiers, il nous a fait dix, quinze d\u00e9fenses\u2026 Il est insupportable\u00a0! (rires)\u00a0\u00bb Et que dire d\u2019Aracaju, qui n\u2019a quasi rien g\u00e2ch\u00e9 et a m\u00eame fait rugir de plaisir le public en encha\u00eenant, en toute fin de soir\u00e9e, trois aces&#8230;. <\/p>\n<p>    Cet article a \u00e9t\u00e9 tronqu\u00e9. Abonnez-vous pour lire l&rsquo;article complet sur notre site.<\/p>\n<p style=\"margin: 0 !important; padding: 0 !important; font-size: 12px !important;\">Cet article a \u00e9t\u00e9 tronqu\u00e9. Abonnez-vous pour lire l&rsquo;article complet.<\/p>\n<p>    <a href=\"https:\/\/www.lanouvellerepublique.fr\/abonnements\" style=\"display: inline-block; margin-top: 5px !important; padding: 6px 12px !important; background: #cb1c27; color: white; text-decoration: none; border-radius: 4px; font-size: 12px !important;\" target=\"_blank\" rel=\"noopener\"><br \/>\n      S&rsquo;abonner<br \/>\n    <\/a><\/p>\n","protected":false},"excerpt":{"rendered":"Tours\u00a0&#8211; Nice\u00a0: 3-0 Que cette soir\u00e9e fut belle\u00a0! Tr\u00e8s belle, m\u00eame. Avec une salle Grenon pleine, et bon&hellip;\n","protected":false},"author":2,"featured_media":630974,"comment_status":"","ping_status":"","sticky":false,"template":"","format":"standard","meta":{"footnotes":""},"categories":[2819],"tags":[1392,1111,11,1777,674,1011,27,1387,1655,12,2401,882,25,60,1390,1471,2767,1470],"class_list":{"0":"post-630973","1":"post","2":"type-post","3":"status-publish","4":"format-standard","5":"has-post-thumbnail","7":"category-nice","8":"tag-a-la-une-local","9":"tag-actu","10":"tag-actualites","11":"tag-eu","12":"tag-europe","13":"tag-fr","14":"tag-france","15":"tag-indre-et-loire","16":"tag-ligue-a","17":"tag-news","18":"tag-nice","19":"tag-provence-alpes-cote-dazur","20":"tag-republique-francaise","21":"tag-sports","22":"tag-tours","23":"tag-tours-volley-ball","24":"tag-tvb-37","25":"tag-volley"},"share_on_mastodon":{"url":"","error":""},"_links":{"self":[{"href":"https:\/\/www.europesays.com\/fr\/wp-json\/wp\/v2\/posts\/630973","targetHints":{"allow":["GET"]}}],"collection":[{"href":"https:\/\/www.europesays.com\/fr\/wp-json\/wp\/v2\/posts"}],"about":[{"href":"https:\/\/www.europesays.com\/fr\/wp-json\/wp\/v2\/types\/post"}],"author":[{"embeddable":true,"href":"https:\/\/www.europesays.com\/fr\/wp-json\/wp\/v2\/users\/2"}],"replies":[{"embeddable":true,"href":"https:\/\/www.europesays.com\/fr\/wp-json\/wp\/v2\/comments?post=630973"}],"version-history":[{"count":0,"href":"https:\/\/www.europesays.com\/fr\/wp-json\/wp\/v2\/posts\/630973\/revisions"}],"wp:featuredmedia":[{"embeddable":true,"href":"https:\/\/www.europesays.com\/fr\/wp-json\/wp\/v2\/media\/630974"}],"wp:attachment":[{"href":"https:\/\/www.europesays.com\/fr\/wp-json\/wp\/v2\/media?parent=630973"}],"wp:term":[{"taxonomy":"category","embeddable":true,"href":"https:\/\/www.europesays.com\/fr\/wp-json\/wp\/v2\/categories?post=630973"},{"taxonomy":"post_tag","embeddable":true,"href":"https:\/\/www.europesays.com\/fr\/wp-json\/wp\/v2\/tags?post=630973"}],"curies":[{"name":"wp","href":"https:\/\/api.w.org\/{rel}","templated":true}]}}