{"id":630975,"date":"2025-12-31T00:25:11","date_gmt":"2025-12-31T00:25:11","guid":{"rendered":"https:\/\/www.europesays.com\/fr\/630975\/"},"modified":"2025-12-31T00:25:11","modified_gmt":"2025-12-31T00:25:11","slug":"nantes-veut-creer-la-surprise-dans-un-dossier-bouillant","status":"publish","type":"post","link":"https:\/\/www.europesays.com\/fr\/630975\/","title":{"rendered":"Nantes veut cr\u00e9er la surprise dans un dossier bouillant"},"content":{"rendered":"<p><b>Cet hiver, Marshall Munetsi est le joueur le plus convoit\u00e9 en Ligue 1. Sur le d\u00e9part \u00e0 Wolverhampton, le milieu zimbabw\u00e9en est dans le viseur de Lyon, Marseille, le Paris FC et d\u00e9sormais Nantes.<\/b><\/p>\n<p>A 29 ans, Marshall Munetsi est loin de vivre la meilleure p\u00e9riode de sa carri\u00e8re. Le milieu de terrain n&rsquo;a pas \u00e9t\u00e9 appel\u00e9 pour la CAN avec le Zimbabwe \u00e0 son grand \u00e9tonnement. Son club de Wolverhampton est \u00e0 la d\u00e9rive. Derniers de Premier League avec 2 points seulement, les Wolves sont promis \u00e0 la descente. Munetsi ne peut pas les aider puisqu&rsquo;il a \u00e9t\u00e9 \u00e9cart\u00e9 par le nouveau manager Rob Edwards depuis plusieurs semaines. De quoi le pousser au d\u00e9part d\u00e8s janvier. L&rsquo;ancien joueur de Reims ne manque pas de pistes en Ligue 1 o\u00f9 la concurrence est de plus en plus fournie.<\/p>\n<p>Marshall Munetsi \u00e0 Nantes ?L&rsquo;OL et l&rsquo;OM se sont positionn\u00e9s sur lui en premiers courant d\u00e9cembre. N\u00e9anmoins, les deux Olympiques sont fortement emb\u00eat\u00e9s par le Paris FC. Un renfort d&rsquo;exp\u00e9rience comme Munetsi ferait du bien \u00e0 un club parisien en qu\u00eate urgente de points. Selon le site Transferfeed, d&rsquo;autres \u00e9quipes en crise veulent recruter le Zimbabw\u00e9en. Il s&rsquo;agit de Nice et de <a href=\"https:\/\/www.foot01.com\/nantes\" target=\"_self\" rel=\"noopener\">Nantes<\/a>. 17es de Ligue 1, les Canaris doivent imp\u00e9rativement mettre la main sur un nouveau milieu relayeur.<\/p>\n<p>Le polyvalent Munetsi fait largement l&rsquo;affaire pour une \u00e9quipe tr\u00e8s faible dans l&rsquo;entrejeu cette saison. Reste \u00e0 trouver les fonds pour payer le transfert. Achet\u00e9 20 millions d&rsquo;euros par Wolverhampton il y a un an, le Zimbabw\u00e9en poss\u00e8de encore plus de deux ann\u00e9es de contrat avec la formation anglaise. 15 millions d&rsquo;euros est le minimum attendu pour un tel joueur cet hiver. De quoi freiner les ambitions nantaises dans ce dossier. Seul un pr\u00eat semble possible pour Waldemar Kita. Une option cr\u00e9dible \u00e0 condition que les concurrents comme le richissime Paris FC ne font pas une grosse offre \u00e0 court terme.<\/p>\n","protected":false},"excerpt":{"rendered":"Cet hiver, Marshall Munetsi est le joueur le plus convoit\u00e9 en Ligue 1. Sur le d\u00e9part \u00e0 Wolverhampton,&hellip;\n","protected":false},"author":2,"featured_media":630976,"comment_status":"","ping_status":"","sticky":false,"template":"","format":"standard","meta":{"footnotes":""},"categories":[2818],"tags":[1111,11,1777,674,462,1011,27,1434,766,12,2636,25],"class_list":{"0":"post-630975","1":"post","2":"type-post","3":"status-publish","4":"format-standard","5":"has-post-thumbnail","7":"category-nantes","8":"tag-actu","9":"tag-actualites","10":"tag-eu","11":"tag-europe","12":"tag-fc-nantes","13":"tag-fr","14":"tag-france","15":"tag-mercato","16":"tag-nantes","17":"tag-news","18":"tag-pays-de-la-loire","19":"tag-republique-francaise"},"share_on_mastodon":{"url":"https:\/\/pubeurope.com\/@fr\/115811341014800858","error":""},"_links":{"self":[{"href":"https:\/\/www.europesays.com\/fr\/wp-json\/wp\/v2\/posts\/630975","targetHints":{"allow":["GET"]}}],"collection":[{"href":"https:\/\/www.europesays.com\/fr\/wp-json\/wp\/v2\/posts"}],"about":[{"href":"https:\/\/www.europesays.com\/fr\/wp-json\/wp\/v2\/types\/post"}],"author":[{"embeddable":true,"href":"https:\/\/www.europesays.com\/fr\/wp-json\/wp\/v2\/users\/2"}],"replies":[{"embeddable":true,"href":"https:\/\/www.europesays.com\/fr\/wp-json\/wp\/v2\/comments?post=630975"}],"version-history":[{"count":0,"href":"https:\/\/www.europesays.com\/fr\/wp-json\/wp\/v2\/posts\/630975\/revisions"}],"wp:featuredmedia":[{"embeddable":true,"href":"https:\/\/www.europesays.com\/fr\/wp-json\/wp\/v2\/media\/630976"}],"wp:attachment":[{"href":"https:\/\/www.europesays.com\/fr\/wp-json\/wp\/v2\/media?parent=630975"}],"wp:term":[{"taxonomy":"category","embeddable":true,"href":"https:\/\/www.europesays.com\/fr\/wp-json\/wp\/v2\/categories?post=630975"},{"taxonomy":"post_tag","embeddable":true,"href":"https:\/\/www.europesays.com\/fr\/wp-json\/wp\/v2\/tags?post=630975"}],"curies":[{"name":"wp","href":"https:\/\/api.w.org\/{rel}","templated":true}]}}