{"id":630977,"date":"2025-12-31T00:26:11","date_gmt":"2025-12-31T00:26:11","guid":{"rendered":"https:\/\/www.europesays.com\/fr\/630977\/"},"modified":"2025-12-31T00:26:11","modified_gmt":"2025-12-31T00:26:11","slug":"rue-sainte-catherine-les-passants-racontent-leur-plan-pour-le-31-decembre","status":"publish","type":"post","link":"https:\/\/www.europesays.com\/fr\/630977\/","title":{"rendered":"rue Sainte-Catherine, les passants racontent leur plan pour le 31\u00a0d\u00e9cembre"},"content":{"rendered":"<p>Au d\u00e9but de la rue, Jean-Philippe dit JP, Manu et Hiba, font partie d\u2019un groupe de trentenaires qui se retrouvent \u00e0 Bordeaux pour l\u2019occasion. Certains viennent de Paris, d\u2019autres de Limoges ou de Toulouse. Pourquoi Bordeaux\u00a0? \u00ab\u00a0Pour les cannel\u00e9s\u00a0!\u00a0\u00bb plaisante Manu. C\u00f4t\u00e9 menu de la soir\u00e9e justement, le groupe d\u2019amis a fait un choix assum\u00e9\u00a0: uniquement des entr\u00e9es. \u00ab\u00a0On s\u2019est rendu compte que c\u2019est ce qu\u2019on pr\u00e9f\u00e9rait \u00e0 No\u00ebl\u00a0\u00bb, explique Jean-Philippe. Hu\u00eetres, escargots, cr\u00e9pinettes, foie gras fait maison\u2026 et \u00ab une caisse de champagne d\u00e9j\u00e0 command\u00e9e \u00bb, assure Hiba.<\/p>\n<p>Entre amis ou en famille<\/p>\n<p>Un peu plus loin, Audrey, 44\u00a0ans, et Sylvain, 50\u00a0ans, poursuivront les festivit\u00e9s de No\u00ebl chez des amis. Au programme\u00a0: hu\u00eetres, saumon, canard et champagne. \u00c0 la question rituelle\u00a0: \u00ab\u00a0Que ferez-vous \u00e0 minuit\u00a0?\u00a0\u00bb La r\u00e9ponse fuse\u00a0: \u00ab\u00a0On s\u2019embrasse\u00a0!\u00a0\u00bb lancent-ils en c\u0153ur.<\/p>\n<p>Pour Jennifer, 20\u00a0ans, et M\u00e9lik, 18\u00a0ans, l\u2019enthousiasme est plus mesur\u00e9. Jennifer rejoindra son neveu \u00e0 Paris pour un d\u00eener, m\u00eame si elle confie qu\u2019elle aurait pr\u00e9f\u00e9r\u00e9 passer la soir\u00e9e seule, au calme. M\u00e9lik, de son c\u00f4t\u00e9, sera en famille pour la Saint-Sylvestre. Elle aurait aim\u00e9 sortir et admirer les feux d\u2019artifice.<\/p>\n<p>V\u00e9ronique, elle, f\u00eate la nouvelle ann\u00e9e entour\u00e9e de ses deux enfants et de sa famille \u00e9largie. \u00c0 12 autour de la table, fondue et tiramisu sont au menu, suivis d\u2019une soir\u00e9e jeux de soci\u00e9t\u00e9. Skyjo et Blanc manger coco sont au programme.<\/p>\n<p>Christophe et Fran\u00e7oise, \u00e2g\u00e9s d\u2019une soixantaine d\u2019ann\u00e9es, passeront le r\u00e9veillon \u00e0 Idron, pr\u00e8s de Pau. Leur plan\u00a0? Une soir\u00e9e r\u00e9serv\u00e9e au plus de 35\u00a0ans dans une bo\u00eete de nuit, avec repas compris.<\/p>\n<p>Improviser ou rester sous le plaid<\/p>\n<p>Du c\u00f4t\u00e9 des plus jeunes, Diego et Rafa\u00ebl, 17\u00a0ans, coll\u00e8gues au McDonald\u2019s et originaires du bassin d\u2019Arcachon, pr\u00e9voient une soir\u00e9e \u00e0 15 dans une maison. Ap\u00e9ro d\u00eenatoire \u00e0 base de chips, salades et bonbons. \u00ab\u00a0On va boire aussi\u00a0!\u00a0\u00bb s\u2019empresse de pr\u00e9ciser Diego.<\/p>\n<p>No\u00e9mie, 20\u00a0ans, \u00e9tudiante en kin\u00e9sith\u00e9rapie en Espagne, est remont\u00e9e sp\u00e9cialement \u00e0 Bordeaux pour les f\u00eates. Son programme est minut\u00e9\u00a0: courses \u00e0 16\u00a0heures avec la bande de copains, ap\u00e9ro d\u00eenatoire, d\u00e9but de soir\u00e9e chez le grand-p\u00e8re de son meilleur ami, avant une sortie en bar puis en bo\u00eete.<\/p>\n<p>Gonzague, 23\u00a0ans, termine le travail \u00e0 18\u00a0h\u00a030 le 31\u00a0d\u00e9cembre. Aucun plan arr\u00eat\u00e9. \u00ab\u00a0Tous mes potes sont \u00e0 l\u2019\u00e9tranger\u00a0\u00bb, explique-t-il, tout juste rentr\u00e9 de Montr\u00e9al. Il envisage de prendre un train pour La\u00a0Rochelle, o\u00f9 il a grandi, et d\u2019improviser\u00a0: restaurant sur le Vieux-Port, bar, bo\u00eete, voire un passage par la plage.<\/p>\n","protected":false},"excerpt":{"rendered":"Au d\u00e9but de la rue, Jean-Philippe dit JP, Manu et Hiba, font partie d\u2019un groupe de trentenaires qui&hellip;\n","protected":false},"author":2,"featured_media":630978,"comment_status":"","ping_status":"","sticky":false,"template":"","format":"standard","meta":{"footnotes":""},"categories":[2817],"tags":[1111,11,1997,1777,674,1011,27,12,2219,25],"class_list":{"0":"post-630977","1":"post","2":"type-post","3":"status-publish","4":"format-standard","5":"has-post-thumbnail","7":"category-bordeaux","8":"tag-actu","9":"tag-actualites","10":"tag-bordeaux","11":"tag-eu","12":"tag-europe","13":"tag-fr","14":"tag-france","15":"tag-news","16":"tag-nouvelle-aquitaine","17":"tag-republique-francaise"},"share_on_mastodon":{"url":"https:\/\/pubeurope.com\/@fr\/115811344937593900","error":""},"_links":{"self":[{"href":"https:\/\/www.europesays.com\/fr\/wp-json\/wp\/v2\/posts\/630977","targetHints":{"allow":["GET"]}}],"collection":[{"href":"https:\/\/www.europesays.com\/fr\/wp-json\/wp\/v2\/posts"}],"about":[{"href":"https:\/\/www.europesays.com\/fr\/wp-json\/wp\/v2\/types\/post"}],"author":[{"embeddable":true,"href":"https:\/\/www.europesays.com\/fr\/wp-json\/wp\/v2\/users\/2"}],"replies":[{"embeddable":true,"href":"https:\/\/www.europesays.com\/fr\/wp-json\/wp\/v2\/comments?post=630977"}],"version-history":[{"count":0,"href":"https:\/\/www.europesays.com\/fr\/wp-json\/wp\/v2\/posts\/630977\/revisions"}],"wp:featuredmedia":[{"embeddable":true,"href":"https:\/\/www.europesays.com\/fr\/wp-json\/wp\/v2\/media\/630978"}],"wp:attachment":[{"href":"https:\/\/www.europesays.com\/fr\/wp-json\/wp\/v2\/media?parent=630977"}],"wp:term":[{"taxonomy":"category","embeddable":true,"href":"https:\/\/www.europesays.com\/fr\/wp-json\/wp\/v2\/categories?post=630977"},{"taxonomy":"post_tag","embeddable":true,"href":"https:\/\/www.europesays.com\/fr\/wp-json\/wp\/v2\/tags?post=630977"}],"curies":[{"name":"wp","href":"https:\/\/api.w.org\/{rel}","templated":true}]}}