{"id":630993,"date":"2025-12-31T00:34:18","date_gmt":"2025-12-31T00:34:18","guid":{"rendered":"https:\/\/www.europesays.com\/fr\/630993\/"},"modified":"2025-12-31T00:34:18","modified_gmt":"2025-12-31T00:34:18","slug":"le-best-of-2025-de-mediacites-lyon","status":"publish","type":"post","link":"https:\/\/www.europesays.com\/fr\/630993\/","title":{"rendered":"le \u00ab best of 2025 \u00bb de Mediacit\u00e9s Lyon"},"content":{"rendered":"<p>C\u2019est une figure consacr\u00e9e \u00e0 l\u2019approche du 31 d\u00e9cembre\u00a0: \u00e9tablir des classements et autres \u00ab\u202fbest of\u202f\u00bb de l\u2019ann\u00e9e \u00e9coul\u00e9e. A Mediacit\u00e9s, nous avons aussi sacrifi\u00e9 au coup d\u2019\u0153il dans le r\u00e9troviseur en vous pr\u00e9parant trois \u00ab\u202fTop 5\u202f\u00bb. Celui \u2013 compl\u00e8tement subjectif et discr\u00e9tionnaire \u2013 de la r\u00e9daction sur la base de cat\u00e9gories tout aussi subjectives et discr\u00e9tionnaires\u202f; celui des visiteurs du site de Mediacit\u00e9s, sur la base des audiences g\u00e9n\u00e9r\u00e9es par tel ou tel article\u202f; celui, enfin, des abonn\u00e9s \u00e0 notre journal. Bonnes lectures\u202f!<\/p>\n<p>LA SELECTION DE LA REDACTION<br \/>\n1\/ L\u2019enqu\u00eate qui vous a fait voyager<\/p>\n<p>Un peu plus de 8100 kilom\u00e8tres et 116 heures de route (entre traversant la M\u00e9diterran\u00e9e entre Alicante, en Espagne, et Alger) s\u00e9parent D\u00e9cines\u2010Charpieu de Brazzaville. Et pourtant, enqu\u00eater \u00e0 l\u2019\u00e9chelon local peut conduire nos lectrices et lecteurs jusqu\u2019en R\u00e9publique du Congo\u202f! C\u2019est le voyage que vous a propos\u00e9 r\u00e9cemment le journaliste d\u2019investigation Mathieu Martini\u00e8re qui s\u2019est pench\u00e9, pour Mediacit\u00e9s, sur le contrat sign\u00e9 entre l\u2019Olympique lyonnais et ce pays d\u2019Afrique centrale.<\/p>\n<p>Le partenariat, estim\u00e9 entre 5 et 7 millions d\u2019euros, \u00e9tait relativement pass\u00e9 sous les radars m\u00e9diatiques. Il m\u00e9ritait n\u00e9anmoins qu\u2019on s\u2019y penche d\u2019un peu plus pr\u00e8s\u2026 Comme l\u2019a racont\u00e9 Mathieu dans son enqu\u00eate, l\u2019OL, qui reste dans une situation financi\u00e8re catastrophique (d\u00e9ficit de plus de 200 millions d\u2019euros la saison pass\u00e9e, avec une dette de 518 millions d\u2019euros), s\u2019est h\u00e2t\u00e9, ces derniers mois, de conclure un \u00ab\u202fdeal\u202f\u00bb avec le r\u00e9gime du pr\u00e9sident autocrate Denis Sassou\u2010Nguesso. L\u2019initiative pose question, alors que le football congolais traverse une p\u00e9riode de fortes turbulences, marqu\u00e9e par des accusations de d\u00e9tournement de fonds, et que le clan du chef d\u2019Etat est vis\u00e9 dans l\u2019affaire des biens mal acquis en France.<\/p>\n<p><a href=\"https:\/\/www.europesays.com\/fr\/wp-content\/uploads\/2025\/12\/2025-12-Kang-Sassou-Nguesso.jpeg\"><img loading=\"lazy\" decoding=\"async\" class=\"size-full wp-image-425752\" src=\"https:\/\/www.europesays.com\/fr\/wp-content\/uploads\/2025\/12\/2025-12-Kang-Sassou-Nguesso.jpeg\" alt=\"\" width=\"1200\" height=\"800\"  \/><\/a>La nouvelle pr\u00e9sidente de l\u2019OL Michele Kang et le pr\u00e9sident Denis Sassou\u2010Nguesso, lors de leur rencontre \u00e0 Brazzaville. Image de la pr\u00e9sidence de la R\u00e9publique du\u00a0Congo.<\/p>\n<p>Mais \u00ab\u202fbusiness is business \u00bb\u2026 L\u2019accord a donn\u00e9 lieu \u00e0 une visite de Michele Kang, la nouvelle pr\u00e9sidente du club, \u00e0 l\u2019homme fort du Congo. Et il s\u2019est concr\u00e9tis\u00e9 par un slogan touristique (\u00ab\u202fDestination Congo\u2010Brazzaville\u202f\u00bb) sur les T\u2011shirts des gones, ainsi que par un projet de centre de formation pr\u00e8s de la capitale congolaise. Au c\u0153ur, des n\u00e9gociations\u00a0: un certain Thierry Braillard. L\u2019ancien adjoint aux Sports de G\u00e9rard Collomb et ex\u2010secr\u00e9taire d\u2019Etat, \u00e9galement aux Sports, a jou\u00e9 les interm\u00e9diaires (r\u00e9mun\u00e9r\u00e9 par l\u2019OL) de ce partenariat tr\u00e8s discutable.<\/p>\n<blockquote class=\"wp-embedded-content\" data-secret=\"D8shl4R4pH\">\n<p><a href=\"https:\/\/www.mediacites.fr\/enquete\/lyon\/2025\/12\/16\/le-tres-discutable-contrat-de-lolympique-lyonnais-avec-le-regime-autoritaire-de-la-republique-du-congo\/\" target=\"_blank\" rel=\"noopener\">Le tr\u00e8s discutable contrat de l\u2019Olympique lyonnais avec le r\u00e9gime autoritaire de la R\u00e9publique du\u00a0Congo<\/a><\/p>\n<\/blockquote>\n<p><strong>[Bonus] Des rives du Rh\u00f4ne \u00e0 celle du Delaware<\/strong><\/p>\n<p>Une autre publication de Mediacit\u00e9s nous a aussi emmen\u00e9 outre\u2010Atlantique cette ann\u00e9e. Litt\u00e9ralement puisque le journaliste Hugo Coignard s\u2019est rendu dans le New Jersey, sur la c\u00f4te Est des Etats\u2010Unis. Il y avait rendez\u2010vous avec un certain Shawn LaTourette, chef du d\u00e9partement de la protection de l\u2019environnement de cet Etat am\u00e9ricain. Quel rapport avec l\u2019actu locale lyonnaise, nous direz\u2010vous\u202f? Shawn LaTourette est l\u2019homme qui, aux Etats\u2010Unis, a fait plier le groupe Arkema pour qu\u2019il finance des actions de d\u00e9pollution li\u00e9es \u00e0 son exploitation d\u2019une ancienne usine implant\u00e9e sur les rives du fleuve Delaware. L\u00e0, le chimiste a contamin\u00e9 l\u2019eau et l\u2019environnement aux PFAS\u2026 comme \u00e0 Pierre\u2010B\u00e9nite. Dans l\u2019entretien qu\u2019il nous accord\u00e9, Shawn LaTourette livre les secrets de son bras de fer avec l\u2019industriel et les enseignements que certains responsables lyonnais ou fran\u00e7ais pourraient en\u00a0tirer.<\/p>\n<blockquote class=\"wp-embedded-content\" data-secret=\"XlnUUFXt0l\">\n<p><a href=\"https:\/\/www.mediacites.fr\/entretien\/lyon\/2025\/12\/02\/scandale-des-pfas-lhomme-qui-a-fait-payer-arkema-pour-sa-pollution-aux-etats-unis\/\" target=\"_blank\" rel=\"noopener\">Scandale des PFAS\u00a0: l\u2019homme qui a fait payer Arkema pour sa pollution aux Etats\u2010Unis<\/a><\/p>\n<\/blockquote>\n<p>2\/ L\u2019enqu\u00eate qui a eu un impact imm\u00e9diat \u00e0 Lyon et au\u2010del\u00e0<\/p>\n<p>Pour qui s\u2019int\u00e9resse \u00e0 l\u2019emprise croissante de l\u2019extr\u00eame droite sur la soci\u00e9t\u00e9 fran\u00e7aise, le nom de Pierre\u2010Edouard St\u00e9rin n\u2019est plus inconnu. Ce milliardaire, qui a fait fortune en vendant les coffrets cadeaux Smartbox, poursuit un projet baptis\u00e9 \u00ab\u202fP\u00e9ricl\u00e8s\u202f\u00bb, acronyme de \u00ab\u202fPatriotes enracin\u00e9s r\u00e9sistants identitaires chr\u00e9tiens lib\u00e9raux europ\u00e9ens souverainistes\u202f\u00bb, \u00e0 coup de millions d\u2019euros investis dans des associations ou initiatives qu\u2019il consid\u00e8re align\u00e9es ou compatibles avec ses valeurs.<\/p>\n<p>A Lyon, comme <a href=\"https:\/\/www.mediacites.fr\/enquete\/lyon\/2025\/11\/04\/familya-lassociation-proche-des-anti-ivg-soutenue-par-pierre-edouard-sterin-la-region-et-la-metropole-de-lyon\/\" target=\"_blank\" rel=\"noopener\">Mediacit\u00e9s l\u2019a document\u00e9<\/a>, Pierre\u2010Edouard St\u00e9rin finance l\u2019association Familya, par l\u2019interm\u00e9diaire de sa structure philanthropique le Fonds du Bien commun. Fond\u00e9e par Thierry et Fr\u00e9d\u00e9rique Veyron la Croix, Familya \u0153uvre \u00e0 la pr\u00e9vention des ruptures conjugales \u00ab\u202fpour prot\u00e9ger les enfants\u202f\u00bb et \u00e0 l\u2019accompagnement dans la vie affective. Ses missions sont notamment financ\u00e9es par la Caisse d\u2019allocations familiales (CAF).<\/p>\n<p>Comme le soutien de Pierre\u2010Edouard St\u00e9rin permet l\u00e9gitimement de se poser la question, l\u2019association lyonnaise diffuse\u2010t\u2010elle \u00e0 travers ses actions une conception de la famille pr\u00f4n\u00e9e par la doctrine traditionnaliste de l\u2019Eglise catholique, en partie gr\u00e2ce de l\u2019argent public donc\u202f? L\u2019enqu\u00eate au long cours men\u00e9e par la journaliste Annabelle Martella, en partie en immersion, soul\u00e8ve un certain nombre de questions sur les discours v\u00e9hicul\u00e9s en son sein sur la contraception ou l\u2019homosexualit\u00e9. Elle pointe aussi les liens de Familya et ses dirigeants avec des structures anti\u2010IVG ou tr\u00e8s conservatrices (Alliance Vita, <a href=\"https:\/\/lesjours.fr\/personnages\/communaute-saint-martin\/#episodes\" target=\"_blank\" rel=\"noopener\">la communaut\u00e9 Saint\u2010Martin<\/a>, le fonds de dotation Stella Domini\u2026).\u00a0<\/p>\n<p><a href=\"https:\/\/www.europesays.com\/fr\/wp-content\/uploads\/2025\/12\/2025-11-Familya-Lyon-2.jpeg\"><img loading=\"lazy\" decoding=\"async\" class=\"size-full wp-image-417478\" src=\"https:\/\/www.europesays.com\/fr\/wp-content\/uploads\/2025\/12\/2025-11-Familya-Lyon-2.jpeg\" alt=\"\" width=\"1200\" height=\"800\"  \/><\/a>Les locaux lyonnais de Familya, dans le 2e arrondissement de Lyon. Photo\u00a0: N.Barriquand\/Mediacit\u00e9s.<\/p>\n<p>Quelques jours apr\u00e8s notre publication, <a href=\"https:\/\/www.mediacites.fr\/breve\/lyon\/2025\/11\/18\/familya-le-grand-lyon-cessera-a-lavenir-de-subventionner-lassociation-proche-des-anti-ivg\/\" target=\"_blank\" rel=\"noopener\">la m\u00e9tropole de Lyon<\/a>, qui versait une subvention symbolique de 3500 euros \u00e0 Familya, nous a fait savoir qu\u2019elle s\u2019abstiendrait \u00e0 l\u2019avenir de financer l\u2019association. Mais notre enqu\u00eate a rencontr\u00e9 un \u00e9cho bien au\u2010del\u00e0 de l\u2019agglom\u00e9ration. En plein essor, le r\u00e9seau Familya a en effet essaim\u00e9 un peu partout en France. <a href=\"https:\/\/www.francebleu.fr\/infos\/societe\/a-orleans-la-maison-familya-dans-le-collimateur-du-collectif-feministe-45-et-de-la-cgt-9372213\" target=\"_blank\" rel=\"noopener\">A Orl\u00e9ans<\/a>, o\u00f9 l\u2019association a inaugur\u00e9 une nouvelle \u00ab\u202fmaison\u202f\u00bb, des militants f\u00e9ministes et la CGT se sont empar\u00e9s de nos r\u00e9v\u00e9lations pour organiser une manifestation pour protester contre cette implantation. A Nancy, o\u00f9 Familya a pos\u00e9 bagages en centre\u2010ville en 2024, le Planning familial de Meurthe\u2010et\u2010Moselle a publi\u00e9 <a href=\"https:\/\/manif-est.info\/IMG\/pdf\/communique__pf54_familya.pdf\" target=\"_blank\" rel=\"noopener\">un communiqu\u00e9<\/a>, citant l\u2019enqu\u00eate de Mediacit\u00e9s, qui appelle les pouvoirs publics \u00e0 \u00ab\u202fune vigilance renforc\u00e9e\u202f\u00bb sur l\u2019antenne locale de l\u2019association.<\/p>\n<p>De son c\u00f4t\u00e9 Thierry Veyron la Croix d\u00e9fend s\u2019inscrire dans \u00ab\u202fla tradition sociale de l\u2019Eglise\u202f\u00bb et assure que le financement de Pierre\u2010Edouard St\u00e9rin n\u2019aurait aucune incidence sur ses activit\u00e9s. Pour autant, suite \u00e0 l\u2019\u00e9cho rencontr\u00e9 par nos r\u00e9v\u00e9lations, le fondateur de Familya a annonc\u00e9 \u00e0 nos confr\u00e8res d\u2019<a href=\"https:\/\/www.francebleu.fr\/infos\/societe\/a-orleans-la-maison-familya-dans-le-collimateur-du-collectif-feministe-45-et-de-la-cgt-9372213\" target=\"_blank\" rel=\"noopener\">Ici Orl\u00e9ans<\/a> (ex\u2010France bleu) que son partenariat avec le Fonds du Bien commun prendrait fin en d\u00e9cembre et qu\u2019il ne serait pas renouvel\u00e9 en\u00a02026.<\/p>\n<blockquote class=\"wp-embedded-content\" data-secret=\"3KGw7RiTu4\">\n<p><a href=\"https:\/\/www.mediacites.fr\/enquete\/lyon\/2025\/11\/04\/familya-lassociation-proche-des-anti-ivg-soutenue-par-pierre-edouard-sterin-la-region-et-la-metropole-de-lyon\/\" target=\"_blank\" rel=\"noopener\">Familya, l\u2019association proche des anti\u2010IVG, soutenue par Pierre\u2010Edouard St\u00e9rin, la R\u00e9gion et\u2026 la m\u00e9tropole de\u00a0Lyon<\/a><\/p>\n<\/blockquote>\n<p>[Bonus] Les cons\u00e9quences de nos r\u00e9v\u00e9lations<\/p>\n<p>Mi\u2010novembre, comme chaque ann\u00e9e, Mediacit\u00e9s a pass\u00e9 en revue les cons\u00e9quences de ses publications dans notre \u00ab\u202frapport d\u2019impact\u202f\u00bb. Dans le cru 2025, vous retrouverez les suites de nos r\u00e9v\u00e9lations sur la pollution de l\u2019industriel Kem One, sur les Ferrari des fr\u00e8res Bahadourian, sur le coach \u00ab\u202fpr\u00e9dateur\u202f\u00bb du FC Lyon, ou encore sur la campagne d\u2019adh\u00e9sions au parti Les R\u00e9publicains en Haute\u2010Loire, fief de Laurent Wauquiez.<\/p>\n<blockquote class=\"wp-embedded-content\" data-secret=\"0t2TerWh2I\">\n<p><a href=\"https:\/\/www.mediacites.fr\/rapport-dimpact\/lyon\/2025\/11\/18\/fc-lyon-pollution-au-cvm-bahadourian-region-auvergne-rhone-alpes-le-rapport-dimpact-2025-de-mediacites-lyon\/\" target=\"_blank\" rel=\"noopener\">FC Lyon, pollution au CVM, Bahadourian, r\u00e9gion Auvergne\u2010Rh\u00f4ne\u2010Alpes\u2026 le rapport d\u2019impact 2025 de Mediacit\u00e9s Lyon<\/a><\/p>\n<\/blockquote>\n<p>3\/ L\u2019enqu\u00eate qui nous a valu le plus de portes ferm\u00e9es<\/p>\n<p>Un patronyme incontournable et omnipr\u00e9sent dans le paysage lyonnais \u2013 jusque dans les noms de rue, de lyc\u00e9e ou de campus universitaire \u2013 mais qui provoque presqu\u2019\u00e0 coup s\u00fbr une m\u00eame r\u00e9action\u00a0: motus et bouche cousue. L\u2019\u00e9t\u00e9 dernier, Mediacit\u00e9s s\u2019est attaqu\u00e9 \u00e0 un empire autant qu\u2019\u00e0 un monument local\u00a0: M\u00e9rieux.<\/p>\n<p>Dans une s\u00e9rie en cinq \u00e9pisodes, nous vous avons racont\u00e9 tour \u00e0\u00a0tour\u00a0:<\/p>\n<p><a href=\"https:\/\/www.europesays.com\/fr\/wp-content\/uploads\/2025\/07\/maxnewsworldfive639187.jpg\"><img loading=\"lazy\" decoding=\"async\" class=\"size-full wp-image-400648\" src=\"https:\/\/www.europesays.com\/fr\/wp-content\/uploads\/2025\/07\/maxnewsworldfive639187.jpg\" alt=\"Alain M\u00e9rieux fondateur Biom\u00e9rieux. Lyon 1er f\u00e9vrier 2022\" width=\"1200\" height=\"800\"  \/><\/a>Alain M\u00e9rieux, au si\u00e8ge de l\u2019Institut M\u00e9rieux, dans le 2e arrondissement de Lyon, en 2022. Photo\u00a0: MaxPPP.<\/p>\n<p>Non sans mal donc puisque nombre d\u2019interlocuteurs sollicit\u00e9s pour ces enqu\u00eates \u2013 \u00e0 commencer par Alain et Alexandre M\u00e9rieux \u2013 n\u2019ont pas souhait\u00e9 r\u00e9pondre \u00e0 nos questions. La puissance se mesurerait\u2010elle au silence qu\u2019elle suscite\u202f? \u00ab\u202fPersonne n\u2019ouvrira sa bouche sans avoir l\u2019autorisation du Pater familias [Alain M\u00e9rieux]\u202f\u00bb, nous avait pr\u00e9venus une de nos sources, bonne connaisseuse de l\u2019empire en question. M\u00eame les Hospices civils de Lyon, qui collaborent avec bioM\u00e9rieux au sein d\u2019un laboratoire commun, nous ont oppos\u00e9 un \u00ab\u202fsilence radio\u202f\u00bb sur le\u00a0sujet.<\/p>\n<p>Qu\u2019\u00e0 cela ne tienne\u202f! A force de rendez\u2010vous, de coups de t\u00e9l\u00e9phone et de recommandations des uns et des autres, nous avons r\u00e9ussi \u00e0 interviewer plusieurs dizaines de personnes, certaines de fa\u00e7ons anonymes donc, pour aborder les diff\u00e9rentes facettes de la 16e fortune de France, et premi\u00e8re lyonnaise.<\/p>\n<blockquote class=\"wp-embedded-content\" data-secret=\"yCxvkJoT1g\">\n<p><a href=\"https:\/\/www.mediacites.fr\/lyon\/dossier\/merieux-un-empire-lyonnais\/\" target=\"_blank\" rel=\"noopener\">M\u00e9rieux\u00a0: un empire lyonnais<\/a><\/p>\n<\/blockquote>\n<p>4\/ L\u2019enqu\u00eate qui vous a fait changer de regard<\/p>\n<p>Enqu\u00eater ne signifie pas forc\u00e9ment d\u00e9noncer. Comme chaque ann\u00e9e, Mediacit\u00e9s a publi\u00e9 en 2025 des \u00ab\u202f<a href=\"https:\/\/www.mediacites.fr\/enquete-de-solutions\/\" target=\"_blank\" rel=\"noopener\">en qu\u00eate de solutions<\/a>\u202f\u00bb, un format dans lequel nous braquons le projecteur sur une initiative qui r\u00e9pond \u00e0 un probl\u00e8me ou un dysfonctionnement, pour en d\u00e9cortiquer les ressorts, les r\u00e9ussites et les limites. La m\u00e9thode a \u00e9t\u00e9 appliqu\u00e9e, en juillet dernier, \u00e0 la pair\u2010aidance.<\/p>\n<p>M\u00e9connu, ce terme renvoie \u00e0 une nouvelle approche de l\u2019hospitalisation en psychiatrie, \u00e0 propos de laquelle le centre du Vinatier \u2013 principal \u00e9tablissement d\u00e9di\u00e9 \u00e0 la sant\u00e9 mentale en Auvergne\u2010Rh\u00f4ne\u2010Alpes \u2013 fait figure de pr\u00e9curseur. Concr\u00e8tement\u202f? D\u2019anciens patients, qu\u2019on appelle \u00ab\u202fpair\u2010aidants\u202f\u00bb, form\u00e9s \u00e0 cela, accompagnent dans leurs parcours de soins des personnes hospitalis\u00e9es. Interlocuteurs des soignants, pr\u00e9sents pour des d\u00e9marches du quotidien, ils contribuent \u00e0 rendre moins douloureux les s\u00e9jours en psychiatrie et se r\u00e9v\u00e8lent d\u00e9terminant dans les processus de r\u00e9tablissement, comme l\u2019a racont\u00e9, nombreux t\u00e9moignages \u00e0 l\u2019appui, la journaliste Sophie Ducluzaux.<\/p>\n<p><a href=\"https:\/\/www.europesays.com\/fr\/wp-content\/uploads\/2025\/12\/2025-07-LeVinatier-pair-aidance.jpeg\"><img loading=\"lazy\" decoding=\"async\" class=\"size-full wp-image-400276\" src=\"https:\/\/www.europesays.com\/fr\/wp-content\/uploads\/2025\/12\/2025-07-LeVinatier-pair-aidance.jpeg\" alt=\"Screenshot\" width=\"1200\" height=\"800\"  \/><\/a>Dans les couloirs de l\u2019h\u00f4pital du Vinatier, premier \u00e9tablissement d\u00e9di\u00e9 \u00e0 la sant\u00e9 mentale de la r\u00e9gion lyonnaise. Image\u00a0: Youtube Le Vinatier.<\/p>\n<p>Mais, \u00e0 cause notamment d\u2019une reconnaissance tardive, la pair\u2010aidance reste encore confidentielle. On estime qu\u2019entre 200 et 300 pairs\u2010aidants exerceraient en France. Les candidats ne manquent pourtant pas\u00a0: ils et elles sont ainsi 300 environ \u00e0 postuler chaque ann\u00e9e au dipl\u00f4me universitaire \u00ab\u202fpair\u2010aidance en sant\u00e9 mentale\u202f\u00bb cr\u00e9\u00e9 \u00e0 Lyon par un professeur du Vinatier.<\/p>\n<blockquote class=\"wp-embedded-content\" data-secret=\"g2i6FBbk2p\">\n<p><a href=\"https:\/\/www.mediacites.fr\/solutions\/lyon\/2025\/07\/15\/sante-mentale-au-vinatier-lessor-des-pairs-aidants-ces-ex-patients-qui-accompagnent-les-personnes-hospitalisees\/\" target=\"_blank\" rel=\"noopener\">Sant\u00e9 mentale\u00a0: au Vinatier, l\u2019essor des pairs\u2010aidants, ces ex\u2010patients qui accompagnent les personnes hospitalis\u00e9es<\/a><\/p>\n<\/blockquote>\n<p>[Bonus] Le droit humanitaire face au sans\u2010abrisme<\/p>\n<p>Non, tout n\u2019a pas \u00e9t\u00e9 tent\u00e9 pour lutter contre le sans\u2010abrisme dans nos villes. En septembre dernier, nous vous avons racont\u00e9 comment, \u00e0 l\u2019initiative de collectifs, d\u2019associations et d\u2019une coop\u00e9rative historiquement sp\u00e9cialis\u00e9e dans l\u2019aide internationale, Le Group\u2019, des \u00ab\u202fsites humanitaires\u202f\u00bb avaient ouvert en divers lieux de l\u2019agglom\u00e9ration lyonnaise pour redonner un toit et un peu de dignit\u00e9 \u00e0 pr\u00e8s de 200 personnes \u00e0 la rue. Entre squat conventionn\u00e9 et h\u00e9bergement d\u2019urgence, la d\u00e9marche, men\u00e9e avec la collaboration de collectivit\u00e9s (villes de Villeurbanne et de Lyon, M\u00e9tropole) et de bailleurs sociaux (Grand Lyon Habitat notamment) se veut in\u00e9dite dans la mesure o\u00f9 elle se d\u00e9ploie au nom et dans le cadre du droit humanitaire. Mais elle se heurte \u00e0 la frilosit\u00e9 \u2013 c\u2019est un euph\u00e9misme \u2013 de la pr\u00e9fecture du\u00a0Rh\u00f4ne\u2026<\/p>\n<blockquote class=\"wp-embedded-content\" data-secret=\"QhClRPGuCd\">\n<p><a href=\"https:\/\/www.mediacites.fr\/solutions\/lyon\/2025\/09\/23\/a-lyon-des-sites-humanitaires-bousculent-la-prise-en-charge-des-sans-abris-et-soulignent-les-carences-de-letat\/\" target=\"_blank\" rel=\"noopener\">A Lyon, des \u00ab\u202fsites humanitaires\u202f\u00bb bousculent la prise en charge des sans\u2010abris et soulignent les carences de l\u2019\u00c9tat<\/a><\/p>\n<\/blockquote>\n<p>5\/ L\u2019enqu\u00eate qui a donn\u00e9 un autre go\u00fbt \u00e0 vos\u00a0tacos<\/p>\n<p>Nous nous sommes bien gard\u00e9s de trancher LA controverse qui oppose les amateurs de la galette fourr\u00e9e \u2013 est\u2010elle originaire de Lyon ou de Grenoble\u202f? Mais notre enqu\u00eate sur \u00ab\u202fles barons du tacos\u202f\u00bb a \u00e9clair\u00e9 sous un nouveau jour le ph\u00e9nom\u00e8ne culinaire de ces dix derni\u00e8res ann\u00e9es dans le domaine de la fast\u2010food. Contrairement \u00e0 ce que l\u2019essor du nombre de restaurants qui en servent pourrait laisser penser, le march\u00e9 florissant du tacos ne se partage qu\u2019entre une poign\u00e9e de familles et d\u2019enseignes.<\/p>\n<p>Pour Mediacit\u00e9s, les journalistes Margaux Nioret, Darius Albisson et Cl\u00e9mence Boissier ont d\u2019abord recens\u00e9 et cartographi\u00e9 les adresses o\u00f9 on peut d\u00e9guster le sandwich roboratif (on en compte 42 rien qu\u2019\u00e0 Villeurbanne, ou encore 24 dans le seul 7e arrondissement de Lyon), avant de tirer le fil de leurs propri\u00e9taires.<\/p>\n<p><a href=\"https:\/\/www.europesays.com\/fr\/wp-content\/uploads\/2025\/12\/2025-05-Chamas-Tacos.jpg\"><img loading=\"lazy\" decoding=\"async\" class=\"size-full wp-image-383650\" src=\"https:\/\/www.europesays.com\/fr\/wp-content\/uploads\/2025\/12\/2025-05-Chamas-Tacos.jpg\" alt=\"2025-05-Chamas Tacos\" width=\"1200\" height=\"675\"  \/><\/a>Un Chamas Tacos de l\u2019agglom\u00e9ration lyonnaise. Photo\u00a0: C.Boissier.<\/p>\n<p>Leur enqu\u00eate s\u2019est int\u00e9ress\u00e9e plus particuli\u00e8rement \u00e0 la cha\u00eene \u00ab\u202fChamas Tacos\u202f\u00bb \u2013 16 restaurants de Neuville\u2010sur\u2010Sa\u00f4ne \u00e0 Givors en passant par Vaise, Bellecour ou D\u00e9cines. Derri\u00e8re cette saga, on trouve des parents ou amis originaires de Zarzis, ou qui ont des attaches avec cette ville tunisienne. Il y est aussi question des enseignes \u00ab\u202fTacos World\u202f\u00bb, cofond\u00e9 par un ancien candidat de l\u2019\u00e9mission de t\u00e9l\u00e9\u2010r\u00e9alit\u00e9 Koh\u2010Lanta.<\/p>\n<blockquote class=\"wp-embedded-content\" data-secret=\"nzLGSYGH5T\">\n<p><a href=\"https:\/\/www.mediacites.fr\/enquete\/lyon\/2025\/04\/08\/un-marche-florissant-devore-en-petit-comite-a-lyon-les-barons-du-tacos\/\" target=\"_blank\" rel=\"noopener\">Un march\u00e9 florissant d\u00e9vor\u00e9 en petit comit\u00e9\u00a0: \u00e0 Lyon, les barons du\u00a0tacos<\/a><\/p>\n<\/blockquote>\n<p>LES ARTICLES QUI SONT SUSCIT\u00c9 LE PLUS DE CURIOSIT\u00c9<\/p>\n<p>Dans cette cat\u00e9gorie, nous avons rassembl\u00e9 les publications qui ont g\u00e9n\u00e9r\u00e9 le plus d\u2019audience \u2013 pour la presse en ligne, on parle de \u00ab\u202fpages\u00a0vues\u202f\u00bb.<\/p>\n<p>1\/ Le feuilleton Philippe Cochet<\/p>\n<p>Il a finalement <a href=\"https:\/\/www.mediacites.fr\/breve\/lyon\/2025\/07\/16\/deboute-par-la-justice-le-maire-de-caluire-et-cuire-philippe-cochet-finit-par-quitter-son-mandat\/\" target=\"_blank\" rel=\"noopener\">rendu son \u00e9charpe<\/a> en juillet dernier, apr\u00e8s avoir tout tent\u00e9 pour garder son si\u00e8ge de maire de Caluire\u2010et\u2010Cuire. En janvier, nous vous avions racont\u00e9 la man\u0153uvre de Philippe Cochet (LR), devant le juge des r\u00e9f\u00e9r\u00e9s du tribunal administratif de Lyon, pour contester le retrait de son mandat, apr\u00e8s sa condamnation pour \u00ab\u202fd\u00e9tournement de fonds publics\u202f\u00bb pour l\u2019emploi fictif de son \u00e9pouse.<\/p>\n<blockquote class=\"wp-embedded-content\" data-secret=\"LX0HhrPzWu\">\n<p><a href=\"https:\/\/www.mediacites.fr\/breve\/lyon\/2025\/01\/15\/condamne-a-lineligibilite-le-maire-de-caluire-et-cuire-philippe-cochet-refuse-sa-demission-doffice\/\" target=\"_blank\" rel=\"noopener\">Condamn\u00e9 \u00e0 l\u2019in\u00e9ligibilit\u00e9, le maire de Caluire\u2010et\u2010Cuire Philippe Cochet refuse sa \u00ab\u202fd\u00e9mission d\u2019office\u202f\u00bb<\/a><\/p>\n<\/blockquote>\n<p>2\/ Le lyc\u00e9e Al\u2010Kindi, la r\u00e9gion Auvergne\u2010Rh\u00f4ne\u2010Alpes et ses subventions<\/p>\n<p>C\u2019est un autre feuilleton que vous avez pu aussi <a href=\"https:\/\/www.mediacites.fr\/lyon\/dossier\/al-kindi-lycee-musulman-dans-le-viseur\/\" target=\"_blank\" rel=\"noopener\">suivre sur Mediacit\u00e9s<\/a>. Depuis la fin de l\u2019ann\u00e9e 2024, le lyc\u00e9e priv\u00e9 Al\u2010Kindi, alors dernier \u00e9tablissement musulman sous contrat avec l\u2019Etat, se trouve dans le collimateur de la pr\u00e9fecture du Rh\u00f4ne. Sans attendre la rupture effective de ce contrat (\u00e0 la rentr\u00e9e de septembre 2025), la r\u00e9gion Auvergne\u2010Rh\u00f4ne\u2010Alpes de Fabrice Pannekoucke et Laurent Wauquiez a annonc\u00e9 vouloir interrompre aussit\u00f4t les subventions de la collectivit\u00e9 \u00e0 Al\u2010Kindi. A bon droit\u202f? C\u2019est la question qu\u2019un lecteur nous a pos\u00e9e et \u00e0 laquelle nous avons r\u00e9pondu dans cet article de notre rubrique \u00ab\u202fVeracit\u00e9s\u202f\u00bb.<\/p>\n<blockquote class=\"wp-embedded-content\" data-secret=\"IDn6tILmIw\">\n<p><a href=\"https:\/\/www.mediacites.fr\/veracites\/lyon\/2025\/01\/21\/la-region-auvergne-rhone-alpes-peut-elle-interrompre-ses-subventions-au-lycee-musulman-al-kindi\/\" target=\"_blank\" rel=\"noopener\">La r\u00e9gion Auvergne\u2010Rh\u00f4ne\u2010Alpes peut\u2010elle interrompre ses subventions au lyc\u00e9e musulman Al\u2010Kindi\u202f?<\/a><\/p>\n<\/blockquote>\n<p>3\/ Comme un avion sans passagers\u2026 ou presque<\/p>\n<p>Enqu\u00eate en deux temps. En avril, Mediacit\u00e9s r\u00e9v\u00e8le le doublement du financement par la r\u00e9gion Auvergne\u2010Rh\u00f4ne\u2010Alpes, encore elle, de la liaison a\u00e9rienne ultra\u2010d\u00e9ficitaire entre Orly et Le Puy\u2010en\u2010Velay, fief de Laurent Wauquiez, pour un million d\u2019euros. Selon un rapport de la Chambre r\u00e9gionale des comptes de 2022, les avions de 19 places de cette ligne sont occup\u00e9s en moyenne par 5 passagers. Mais l\u2019enveloppe n\u2019a pas suffi\u2026 En octobre, nous publions un second article dans lequel nous vous racontons que la R\u00e9gion a vot\u00e9 une rallonge de plus de 200\u202f000\u00a0euros.<\/p>\n<blockquote class=\"wp-embedded-content\" data-secret=\"nY9TNn83zc\">\n<p><a href=\"https:\/\/www.mediacites.fr\/complement-denquete\/lyon\/2025\/10\/07\/nouveau-cheque-de-la-region-auvergne-rhone-alpes-pour-la-ligne-aerienne-du-fief-de-laurent-wauquiez\/\" target=\"_blank\" rel=\"noopener\">Nouveau ch\u00e8que de la r\u00e9gion Auvergne\u2010Rh\u00f4ne\u2010Alpes pour la ligne a\u00e9rienne du fief de Laurent Wauquiez<\/a><\/p>\n<\/blockquote>\n<p>4\/ O\u00f9 l\u2019on reparle d\u2019Al-Kindi\u2026<\/p>\n<p>468 \u00e9coles, coll\u00e8ges et lyc\u00e9es sous contrat dans l\u2019acad\u00e9mie de Lyon, mais z\u00e9ro contr\u00f4le\u2026 ou presque. En novembre, Mediacit\u00e9s r\u00e9v\u00e8le que les services du rectorat n\u2019ont contr\u00f4l\u00e9 aucun \u00e9tablissement priv\u00e9 au cours des ann\u00e9es 2023 et 2024, \u00e0 l\u2019exception d\u2019un seul\u00a0: le lyc\u00e9e musulman Al\u2010Kindi de D\u00e9cines\u2010Charpieu.<\/p>\n<blockquote class=\"wp-embedded-content\" data-secret=\"xTpfCY0QHF\">\n<p><a href=\"https:\/\/www.mediacites.fr\/complement-denquete\/lyon\/2025\/11\/04\/dans-le-rectorat-de-lyon-lenseignement-prive-totalement-hors-de-controle-sauf-le-lycee-musulman-al-kindi\/\" target=\"_blank\" rel=\"noopener\">Dans le rectorat de Lyon, l\u2019enseignement priv\u00e9 totalement hors de contr\u00f4le, sauf le lyc\u00e9e musulman Al\u2010Kindi<\/a><\/p>\n<\/blockquote>\n<p>5\/ Le fiasco de la privatisation de l\u2019entretien dans les lyc\u00e9es<\/p>\n<p>Une autre publication qui concerne l\u2019enseignement termine ce \u00ab\u202fTop 5\u202f\u00bb des audiences. Elle concerne aussi la R\u00e9gion. En mai, nous vous avons racont\u00e9 comment le recours \u00e0 des prestataires priv\u00e9s pour assurer le m\u00e9nage dans des lyc\u00e9es d\u2019Auvergne-Rh\u00f4ne-Alpes a tourn\u00e9 \u00e0 la catastrophe.<\/p>\n<blockquote class=\"wp-embedded-content\" data-secret=\"hQ6xvHjgvf\">\n<p><a href=\"https:\/\/www.mediacites.fr\/enquete\/lyon\/2025\/05\/06\/excrements-sur-les-murs-et-agents-non-payes-dans-les-lycees-dauvergne-rhone-alpes-le-fiasco-de-la-privatisation-de-lentretien\/\" target=\"_blank\" rel=\"noopener\">\u00ab\u202fExcr\u00e9ments sur les murs\u202f\u00bb et agents non pay\u00e9s\u00a0: dans les lyc\u00e9es d\u2019Auvergne-Rh\u00f4ne-Alpes, le fiasco de la privatisation de l\u2019entretien<\/a><\/p>\n<\/blockquote>\n<p>LES ARTICLES LES PLUS\u00a0LUS<\/p>\n<p>Est\u2010ce l\u2019approche des \u00e9lections municipales\u202f? Les abonn\u00e9s lyonnais de Mediacit\u00e9s ont, cette ann\u00e9e, pl\u00e9biscit\u00e9 les enqu\u00eates et autres articles consacr\u00e9s \u00e0 la politique locale. Pour conclure ce \u00ab\u202fbest of 2025\u202f\u00bb, retrouvez ci\u2010dessous les cinq publications les plus lues par les \u00ab\u202fvisiteurs connect\u00e9s\u202f\u00bb \u00e0 Mediacit\u00e9s, c\u2019est-\u00e0-dire celles et ceux qui y ont acc\u00e8s en int\u00e9gralit\u00e9.\u00a0<\/p>\n<p>1\/ Le parcours min\u00e9 de Gr\u00e9gory Doucet<\/p>\n<p>C\u2019\u00e9tait il y a six mois, soit une \u00e9ternit\u00e9 vu la vitesse \u00e0 laquelle \u00e9volue la vie politique\u2026 En juillet dernier, nous avions pass\u00e9 en revue les obstacles qui se dressaient sur la route d\u2019une r\u00e9\u00e9lection pour Gr\u00e9gory Doucet\u00a0: ras\u2010le\u2010bol des travaux, union de la droite derri\u00e8re Jean\u2010Michel Aulas, dispersion des forces \u00e0 gauche ou encore souvenir des pol\u00e9miques du d\u00e9but de mandat. Depuis, le maire \u00e9cologiste de Lyon doit composer avec une s\u00e9rie de sondages qui placent la dynamique du c\u00f4t\u00e9 de son adversaire Aulas.<\/p>\n<blockquote class=\"wp-embedded-content\" data-secret=\"padzkaqmek\">\n<p><a href=\"https:\/\/www.mediacites.fr\/enquete\/lyon\/2025\/07\/01\/municipales-2026-ce-qui-peut-faire-perdre-gregory-doucet-a-lyon\/\" target=\"_blank\" rel=\"noopener\">Municipales 2026\u00a0: ce qui peut faire perdre Gr\u00e9gory Doucet \u00e0\u00a0Lyon<\/a><\/p>\n<\/blockquote>\n<p>2\/ Le job \u00e0 20 000 euros de Laurent Wauquiez<\/p>\n<p>Coucou le revoil\u00e0\u202f! Laurent Wauquiez figure dans deux de nos \u00ab\u202fTop 5\u202f\u00bb puisque nos r\u00e9v\u00e9lations sur sa r\u00e9mun\u00e9ration d\u2019ancien intervenant ponctuel \u00e0 l\u2019EM Lyon a \u00e9t\u00e9 le deuxi\u00e8me article le plus lu de l\u2019ann\u00e9e 2025. Le g\u00e9n\u00e9reux ch\u00e8que de 20 000 euros vers\u00e9 par l\u2019\u00e9cole de commerce a toutefois g\u00e9n\u00e9r\u00e9 moins de grabuge que les enregistrements de ses cours diffus\u00e9s, en 2018, par l\u2019\u00e9mission Quotidien\u2026<\/p>\n<blockquote class=\"wp-embedded-content\" data-secret=\"OZoxfM61M9\">\n<p><a href=\"https:\/\/www.mediacites.fr\/complement-denquete\/lyon\/2025\/11\/18\/laurent-wauquiez-ancien-prof-a-lem-lyon-20-000-euros-pour-du-bullshit\/\" target=\"_blank\" rel=\"noopener\">Laurent Wauquiez, ancien prof \u00e0 l\u2019EM Lyon\u00a0: 20 000 euros pour du \u00ab\u202fbullshit\u202f\u00bb\u202f?<\/a><\/p>\n<\/blockquote>\n<p>3\/ La fabrique d\u2019un multimillionnaire<\/p>\n<p>La th\u00e9matique \u00ab\u202fargent et politique\u202f\u00bb suscite d\u00e9cid\u00e9ment votre int\u00e9r\u00eat. A la troisi\u00e8me marche du podium, on retrouve notre enqu\u00eate sur les origines de la fortune de Jean\u2010Michel Aulas, ancien patron de club de football reconverti en candidat pour la mairie de Lyon. Il y est question de Cegid, l\u2019entreprise par laquelle a commenc\u00e9 la success story de \u00ab\u202fJMA\u202f\u00bb mais aussi de l\u2019introduction en bourse de l\u2019Olympique lyonnais et de la holding Holnest.<\/p>\n<blockquote class=\"wp-embedded-content\" data-secret=\"heO2h4wnyL\">\n<p><a href=\"https:\/\/www.mediacites.fr\/enquete\/lyon\/2025\/07\/08\/olympique-lyonnais-cegid-holnest-dou-vient-la-fortune-de-jean-michel-aulas\/\" target=\"_blank\" rel=\"noopener\">Olympique lyonnais, Cegid, Holnest\u00a0: d\u2019o\u00f9 vient la fortune de Jean\u2010Michel Aulas\u202f?<\/a><\/p>\n<\/blockquote>\n<p>4\/ Atteintes \u00e0 la probit\u00e9\u00a0: l\u2019inventaire de Mediacit\u00e9s<\/p>\n<p>Argent et politique toujours, mais pas que. Notre inventaire des \u00e9lus impliqu\u00e9s dans des affaires d\u2019atteinte \u00e0 la probit\u00e9 compl\u00e8te ce \u00ab\u202fTop 5\u202f\u00bb. On y retrouve l\u2019ancien maire de Caluire\u2010et\u2010Cuire Philippe Cochet, mais \u00e9galement Michel Mercier (ancien patron du d\u00e9partement du Rh\u00f4ne), l\u2019ex-maire de Villefranche\u2010sur\u2010Sa\u00f4ne Bernard Perrut, l\u2019ancien \u00e9dile de Givors Martial Passi ou encore l\u2019ex-d\u00e9put\u00e9 Hubert Julien\u2010Laferri\u00e8re, soup\u00e7onn\u00e9 de corruption. Entre autres.<\/p>\n<blockquote class=\"wp-embedded-content\" data-secret=\"b5W1V67Ddt\">\n<p><a href=\"https:\/\/www.mediacites.fr\/decryptage\/lyon\/2025\/01\/14\/corruption-et-autres-atteintes-a-la-probite-linventaire-des-affaires-des-elus-de-lyon-et-sa-region\/\" target=\"_blank\" rel=\"noopener\">Corruption et autres atteintes \u00e0 la probit\u00e9\u00a0: l\u2019inventaire des affaires des \u00e9lus de Lyon et sa r\u00e9gion<\/a><\/p>\n<\/blockquote>\n<p>5\/ \u00ab\u202fABC\u202f\u00bb, nouveau visage de la politique locale<\/p>\n<p>\u00ab\u202fElle est redoutable\u202f\u00bb, juge, dans notre article, le maire LR de Mornant Renaud Pfeffer, qui la conna\u00eet personnellement. Nouvelle venue sur la sc\u00e8ne politique locale, la d\u00e9put\u00e9e insoumise Ana\u00efs Belouassa\u2010Cherifi portera les couleurs du parti m\u00e9lenchoniste aux \u00e9lections municipales de mars prochain, \u00e0 Lyon. Pas s\u00fbr qu\u2019\u00ab ABC\u202f\u00bb r\u00e9ussisse \u00e0 s\u2019immiscer dans le duel annonc\u00e9 Aulas\u2010Doucet, mais son portrait a en tout cas \u00e9veill\u00e9 votre int\u00e9r\u00eat.<\/p>\n<blockquote class=\"wp-embedded-content\" data-secret=\"18Q1dHI5Rh\">\n<p><a href=\"https:\/\/www.mediacites.fr\/portrait\/lyon\/2025\/11\/11\/elle-joue-toujours-la-gagne-anais-belouassa-cherifi-linsoumise-qui-pourrait-perturber-le-match-aulas-doucet\/\" target=\"_blank\" rel=\"noopener\">\u00ab\u202fElle joue toujours la gagne\u202f\u00bb\u00a0: Ana\u00efs Belouassa\u2010Cherifi, l\u2019insoumise qui pourrait perturber le match Aulas\u2010Doucet<\/a><\/p>\n<\/blockquote>\n","protected":false},"excerpt":{"rendered":"C\u2019est une figure consacr\u00e9e \u00e0 l\u2019approche du 31 d\u00e9cembre\u00a0: \u00e9tablir des classements et autres \u00ab\u202fbest of\u202f\u00bb de l\u2019ann\u00e9e&hellip;\n","protected":false},"author":2,"featured_media":630994,"comment_status":"","ping_status":"","sticky":false,"template":"","format":"standard","meta":{"footnotes":""},"categories":[1889],"tags":[1111,11,2430,1067,1777,674,66127,1011,27,5226,5227,5639,2428,73983,12,241,13885,13386,25,52461],"class_list":{"0":"post-630993","1":"post","2":"type-post","3":"status-publish","4":"format-standard","5":"has-post-thumbnail","7":"category-lyon","8":"tag-actu","9":"tag-actualites","10":"tag-auvergne-rhone-alpes","11":"tag-enquete","12":"tag-eu","13":"tag-europe","14":"tag-familya","15":"tag-fr","16":"tag-france","17":"tag-gregory-doucet","18":"tag-jean-michel-aulas","19":"tag-laurent-wauquiez","20":"tag-lyon","21":"tag-merieux","22":"tag-news","23":"tag-ol","24":"tag-pfas","25":"tag-region-auvergne-rhone-alpes","26":"tag-republique-francaise","27":"tag-tacos"},"share_on_mastodon":{"url":"https:\/\/pubeurope.com\/@fr\/115811376804661514","error":""},"_links":{"self":[{"href":"https:\/\/www.europesays.com\/fr\/wp-json\/wp\/v2\/posts\/630993","targetHints":{"allow":["GET"]}}],"collection":[{"href":"https:\/\/www.europesays.com\/fr\/wp-json\/wp\/v2\/posts"}],"about":[{"href":"https:\/\/www.europesays.com\/fr\/wp-json\/wp\/v2\/types\/post"}],"author":[{"embeddable":true,"href":"https:\/\/www.europesays.com\/fr\/wp-json\/wp\/v2\/users\/2"}],"replies":[{"embeddable":true,"href":"https:\/\/www.europesays.com\/fr\/wp-json\/wp\/v2\/comments?post=630993"}],"version-history":[{"count":0,"href":"https:\/\/www.europesays.com\/fr\/wp-json\/wp\/v2\/posts\/630993\/revisions"}],"wp:featuredmedia":[{"embeddable":true,"href":"https:\/\/www.europesays.com\/fr\/wp-json\/wp\/v2\/media\/630994"}],"wp:attachment":[{"href":"https:\/\/www.europesays.com\/fr\/wp-json\/wp\/v2\/media?parent=630993"}],"wp:term":[{"taxonomy":"category","embeddable":true,"href":"https:\/\/www.europesays.com\/fr\/wp-json\/wp\/v2\/categories?post=630993"},{"taxonomy":"post_tag","embeddable":true,"href":"https:\/\/www.europesays.com\/fr\/wp-json\/wp\/v2\/tags?post=630993"}],"curies":[{"name":"wp","href":"https:\/\/api.w.org\/{rel}","templated":true}]}}