{"id":630999,"date":"2025-12-31T00:38:14","date_gmt":"2025-12-31T00:38:14","guid":{"rendered":"https:\/\/www.europesays.com\/fr\/630999\/"},"modified":"2025-12-31T00:38:14","modified_gmt":"2025-12-31T00:38:14","slug":"psg-double-derby-trophee-des-champions-contre-lom-le-gros-programme-des-parisiens-pour-demarrer-2026","status":"publish","type":"post","link":"https:\/\/www.europesays.com\/fr\/630999\/","title":{"rendered":"PSG\u00a0: double derby, Troph\u00e9e des champions contre l\u2019OM\u2026 Le gros programme des Parisiens pour d\u00e9marrer 2026"},"content":{"rendered":"<p class=\"paragraph text_align_left lp-f-body-02\">Le grand tableau mensuel r\u00e9capitulatif install\u00e9 dans le bureau de <a href=\"https:\/\/www.leparisien.fr\/sports\/football\/luis-enrique\/\" target=\"_blank\" rel=\"noreferrer noopener\">Luis Enrique<\/a> \u00e0 Poissy est une fois encore bien charg\u00e9. Le coach <a href=\"https:\/\/www.leparisien.fr\/sports\/football\/psg\/\" target=\"_blank\" rel=\"noreferrer noopener\">du PSG<\/a> y note pr\u00e9cieusement au feutre Velleda les s\u00e9ances d\u2019entra\u00eenement, les jours de repos ainsi que les rencontres disput\u00e9es chaque semaine par ses joueurs. L\u2019Asturien aime avoir de la visibilit\u00e9 sur le programme de son \u00e9quipe et celui-ci s\u2019annonce copieux au moment d\u2019attaquer la nouvelle ann\u00e9e 2026.<\/p>\n<p class=\"\">Avec sept matchs \u00e0 jouer en l\u2019espace de 25 jours en janvier, le club de la capitale se retrouve \u00e0 nouveau embarqu\u00e9 dans des cadences infernales qui d\u00e9butent ce dimanche 4 janvier (20h45) avec la r\u00e9ception du <a href=\"https:\/\/www.leparisien.fr\/sports\/football\/paris-fc\/\" target=\"_blank\" rel=\"noreferrer noopener\">Paris FC<\/a> en <a href=\"https:\/\/www.leparisien.fr\/sports\/football\/ligue-1\/\" target=\"_blank\" rel=\"noreferrer noopener\">Ligue 1<\/a>. Au-del\u00e0 du rythme intense impos\u00e9 par ce calendrier dense, ce sont les oppositions et la nature des rencontres qui rendent cet encha\u00eenement un peu plus p\u00e9rilleux, m\u00eame si le PSG jouera au Parc des Princes \u00e0 quatre reprises durant cette p\u00e9riode.<\/p>\n","protected":false},"excerpt":{"rendered":"Le grand tableau mensuel r\u00e9capitulatif install\u00e9 dans le bureau de Luis Enrique \u00e0 Poissy est une fois encore&hellip;\n","protected":false},"author":2,"featured_media":631000,"comment_status":"","ping_status":"","sticky":false,"template":"","format":"standard","meta":{"footnotes":""},"categories":[1888],"tags":[1111,1928,11,1927,1777,674,63,1011,27,12,1926,626,1925,93,25,60],"class_list":{"0":"post-630999","1":"post","2":"type-post","3":"status-publish","4":"format-standard","5":"has-post-thumbnail","7":"category-paris","8":"tag-actu","9":"tag-actu-paris","10":"tag-actualites","11":"tag-actualites-paris","12":"tag-eu","13":"tag-europe","14":"tag-football","15":"tag-fr","16":"tag-france","17":"tag-news","18":"tag-news-paris","19":"tag-paris","20":"tag-paris-news","21":"tag-psg","22":"tag-republique-francaise","23":"tag-sports"},"share_on_mastodon":{"url":"https:\/\/pubeurope.com\/@fr\/115811392194688998","error":""},"_links":{"self":[{"href":"https:\/\/www.europesays.com\/fr\/wp-json\/wp\/v2\/posts\/630999","targetHints":{"allow":["GET"]}}],"collection":[{"href":"https:\/\/www.europesays.com\/fr\/wp-json\/wp\/v2\/posts"}],"about":[{"href":"https:\/\/www.europesays.com\/fr\/wp-json\/wp\/v2\/types\/post"}],"author":[{"embeddable":true,"href":"https:\/\/www.europesays.com\/fr\/wp-json\/wp\/v2\/users\/2"}],"replies":[{"embeddable":true,"href":"https:\/\/www.europesays.com\/fr\/wp-json\/wp\/v2\/comments?post=630999"}],"version-history":[{"count":0,"href":"https:\/\/www.europesays.com\/fr\/wp-json\/wp\/v2\/posts\/630999\/revisions"}],"wp:featuredmedia":[{"embeddable":true,"href":"https:\/\/www.europesays.com\/fr\/wp-json\/wp\/v2\/media\/631000"}],"wp:attachment":[{"href":"https:\/\/www.europesays.com\/fr\/wp-json\/wp\/v2\/media?parent=630999"}],"wp:term":[{"taxonomy":"category","embeddable":true,"href":"https:\/\/www.europesays.com\/fr\/wp-json\/wp\/v2\/categories?post=630999"},{"taxonomy":"post_tag","embeddable":true,"href":"https:\/\/www.europesays.com\/fr\/wp-json\/wp\/v2\/tags?post=630999"}],"curies":[{"name":"wp","href":"https:\/\/api.w.org\/{rel}","templated":true}]}}