{"id":631012,"date":"2025-12-31T00:45:13","date_gmt":"2025-12-31T00:45:13","guid":{"rendered":"https:\/\/www.europesays.com\/fr\/631012\/"},"modified":"2025-12-31T00:45:13","modified_gmt":"2025-12-31T00:45:13","slug":"ils-sont-encore-si-jeunes-le-geste-de-george-charlotte-et-louis-a-noel-bouleverse-le-royaume-uni","status":"publish","type":"post","link":"https:\/\/www.europesays.com\/fr\/631012\/","title":{"rendered":"\u00ab\u00a0Ils sont encore si jeunes\u2026\u00a0\u00bb : le geste de George, Charlotte et Louis \u00e0 No\u00ebl bouleverse le Royaume-Uni"},"content":{"rendered":"<p data-start=\"547\" data-end=\"977\">Ils n\u2019ont que quelques ann\u00e9es, et pourtant leur geste a fait l\u2019effet d\u2019une onde de choc \u00e9motionnelle \u00e0 travers tout le Royaume-Uni. En d\u00e9voilant le <strong data-start=\"695\" data-end=\"723\">cadeau de No\u00ebl solidaire<\/strong> de <strong data-start=\"727\" data-end=\"737\">George<\/strong>, <strong data-start=\"739\" data-end=\"752\">Charlotte<\/strong> et <strong data-start=\"756\" data-end=\"765\">Louis<\/strong>, la presse britannique ne s\u2019attendait pas \u00e0 une telle vague de r\u00e9actions.<\/p>\n<p data-start=\"547\" data-end=\"977\"><img decoding=\"async\" src=\"https:\/\/www.europesays.com\/fr\/wp-content\/uploads\/2025\/12\/kate-middleton-william-changement-cartes-voeux-depuis-couronnement-charles-iii.jpg\" alt=\"Ils sont encore si jeunes\u2026\u00a0: le geste de George, Charlotte et Louis \u00e0 No\u00ebl bouleverse le Royaume-Uni\"\/><\/p>\n<p data-start=\"547\" data-end=\"977\">En quelques heures, les r\u00e9seaux sociaux se sont enflamm\u00e9s, saluant une initiative jug\u00e9e \u201ctouchante\u201d, \u201cexemplaire\u201d et \u201cporteuse d\u2019espoir\u201d.<\/p>\n<p data-start=\"979\" data-end=\"1358\">Pour de nombreux internautes, difficile de ne pas \u00eatre \u00e9mu en d\u00e9couvrant que les enfants de <strong data-start=\"1071\" data-end=\"1112\">Kate Middleton<\/strong> et du <strong data-start=\"1119\" data-end=\"1160\">Prince William<\/strong> ont choisi de penser aux autres plut\u00f4t qu\u2019\u00e0 eux-m\u00eames pendant les f\u00eates. \u00c0 une \u00e9poque o\u00f9 No\u00ebl est souvent associ\u00e9 \u00e0 la surconsommation, ce geste a \u00e9t\u00e9 per\u00e7u comme une v\u00e9ritable bouff\u00e9e d\u2019air frais.<\/p>\n<p data-start=\"1360\" data-end=\"1720\">L\u2019annonce du don \u00e0 une <strong data-start=\"1383\" data-end=\"1416\">banque alimentaire pour b\u00e9b\u00e9s<\/strong> a particuli\u00e8rement touch\u00e9 le public. Beaucoup ont soulign\u00e9 la symbolique forte de cette cause, centr\u00e9e sur les enfants et les familles les plus fragiles. \u201cIls sont encore si jeunes, et pourtant d\u00e9j\u00e0 conscients du monde qui les entoure\u201d, pouvait-on lire parmi les nombreux commentaires partag\u00e9s en ligne.<\/p>\n<p data-start=\"1722\" data-end=\"2066\">Certains Britanniques n\u2019ont pas h\u00e9sit\u00e9 \u00e0 comparer cette initiative \u00e0 leur propre enfance. \u201c\u00c0 leur \u00e2ge, je pensais surtout aux cadeaux que j\u2019allais recevoir\u201d, confiait une internaute, admirative. D\u2019autres ont salu\u00e9 le r\u00f4le central de <strong data-start=\"1955\" data-end=\"1973\">Kate Middleton<\/strong>, estimant que cette \u00e9ducation tourn\u00e9e vers l\u2019empathie \u00e9tait la cl\u00e9 de ce geste exceptionnel.<\/p>\n<p data-start=\"2068\" data-end=\"2459\">Le choix de soutenir <strong data-start=\"2089\" data-end=\"2106\">The Baby Bank<\/strong>, une association qui \u0153uvre depuis dix ans contre la pr\u00e9carit\u00e9 infantile, a \u00e9galement renforc\u00e9 l\u2019impact de l\u2019histoire. L\u2019organisation a publiquement remerci\u00e9 les enfants du prince et de la princesse de Galles, soulignant que ces dons avaient permis d\u2019aider concr\u00e8tement des milliers de familles. Un d\u00e9tail qui a achev\u00e9 de convaincre les plus sceptiques.<\/p>\n<p data-start=\"2461\" data-end=\"2807\">Cette initiative a aussi relanc\u00e9 un d\u00e9bat plus large sur l\u2019avenir de la monarchie britannique. Pour beaucoup, <strong data-start=\"2571\" data-end=\"2581\">George<\/strong>, <strong data-start=\"2583\" data-end=\"2596\">Charlotte<\/strong> et <strong data-start=\"2600\" data-end=\"2609\">Louis<\/strong> incarnent une nouvelle g\u00e9n\u00e9ration, plus proche des pr\u00e9occupations sociales et moins d\u00e9connect\u00e9e des r\u00e9alit\u00e9s quotidiennes. Un contraste souvent mis en avant par rapport aux g\u00e9n\u00e9rations pr\u00e9c\u00e9dentes.<\/p>\n<p data-start=\"2809\" data-end=\"3058\">Au final, ce No\u00ebl 2025 restera marqu\u00e9 par un moment rare de sinc\u00e9rit\u00e9. Sans discours officiel, sans mise en sc\u00e8ne, trois enfants ont rappel\u00e9 \u00e0 tout un pays que la g\u00e9n\u00e9rosit\u00e9 n\u2019a pas d\u2019\u00e2ge. Et c\u2019est peut-\u00eatre pour cela que leur geste a autant touch\u00e9.<\/p>\n<p data-start=\"2809\" data-end=\"3058\"><strong>Lire aussi\u00a0:\u00a0<a href=\"https:\/\/sobusygirls.fr\/2025\/12\/29\/kate-middleton-cicatrice-video-buzz-reseaux-sociaux\/\" target=\"_blank\" title=\"kate-middleton-cicatrice-video-buzz-reseaux-sociaux\" rel=\"noopener\">Kate Middleton au c\u0153ur d\u2019une rumeur virale qui affole les r\u00e9seaux \u00e0 cause d&rsquo;une vilaine cicatrice au visage<\/a>\u00a0et\u00a0<\/strong><strong><a href=\"https:\/\/sobusygirls.fr\/2025\/12\/30\/kate-middleton-william-forest-lodge-polemiques-voisinage\/\" target=\"_blank\" title=\"kate-middleton-william-forest-lodge-polemiques-voisinage\" rel=\"noopener\">D\u00e9m\u00e9nagement de Kate Middleton et du Prince William\u00a0: ce d\u00e9tail autour de leur nouvelle maison qui crispe le Royaume-Uni<\/a><\/strong><\/p>\n","protected":false},"excerpt":{"rendered":"Ils n\u2019ont que quelques ann\u00e9es, et pourtant leur geste a fait l\u2019effet d\u2019une onde de choc \u00e9motionnelle \u00e0&hellip;\n","protected":false},"author":2,"featured_media":631013,"comment_status":"","ping_status":"","sticky":false,"template":"","format":"standard","meta":{"footnotes":""},"categories":[1588],"tags":[11,1777,674,12,473,1853,1851,1850,1852],"class_list":{"0":"post-631012","1":"post","2":"type-post","3":"status-publish","4":"format-standard","5":"has-post-thumbnail","7":"category-royaume-uni","8":"tag-actualites","9":"tag-eu","10":"tag-europe","11":"tag-news","12":"tag-royaume-uni","13":"tag-royaume-uni-de-grande-bretagne-et-dirlande-du-nord","14":"tag-uk","15":"tag-united-kingdom","16":"tag-united-kingdom-of-great-britain-and-northern-ireland"},"share_on_mastodon":{"url":"https:\/\/pubeurope.com\/@fr\/115811419693651448","error":""},"_links":{"self":[{"href":"https:\/\/www.europesays.com\/fr\/wp-json\/wp\/v2\/posts\/631012","targetHints":{"allow":["GET"]}}],"collection":[{"href":"https:\/\/www.europesays.com\/fr\/wp-json\/wp\/v2\/posts"}],"about":[{"href":"https:\/\/www.europesays.com\/fr\/wp-json\/wp\/v2\/types\/post"}],"author":[{"embeddable":true,"href":"https:\/\/www.europesays.com\/fr\/wp-json\/wp\/v2\/users\/2"}],"replies":[{"embeddable":true,"href":"https:\/\/www.europesays.com\/fr\/wp-json\/wp\/v2\/comments?post=631012"}],"version-history":[{"count":0,"href":"https:\/\/www.europesays.com\/fr\/wp-json\/wp\/v2\/posts\/631012\/revisions"}],"wp:featuredmedia":[{"embeddable":true,"href":"https:\/\/www.europesays.com\/fr\/wp-json\/wp\/v2\/media\/631013"}],"wp:attachment":[{"href":"https:\/\/www.europesays.com\/fr\/wp-json\/wp\/v2\/media?parent=631012"}],"wp:term":[{"taxonomy":"category","embeddable":true,"href":"https:\/\/www.europesays.com\/fr\/wp-json\/wp\/v2\/categories?post=631012"},{"taxonomy":"post_tag","embeddable":true,"href":"https:\/\/www.europesays.com\/fr\/wp-json\/wp\/v2\/tags?post=631012"}],"curies":[{"name":"wp","href":"https:\/\/api.w.org\/{rel}","templated":true}]}}