{"id":631014,"date":"2025-12-31T00:46:10","date_gmt":"2025-12-31T00:46:10","guid":{"rendered":"https:\/\/www.europesays.com\/fr\/631014\/"},"modified":"2025-12-31T00:46:10","modified_gmt":"2025-12-31T00:46:10","slug":"vol-de-biens-dune-valeur-de-plusieurs-dizaines-de-millions-deuros-en-allemagne","status":"publish","type":"post","link":"https:\/\/www.europesays.com\/fr\/631014\/","title":{"rendered":"Vol de biens d&rsquo;une valeur de plusieurs dizaines de millions d&rsquo;euros en Allemagne"},"content":{"rendered":"<p>Des voleurs ont d\u00e9rob\u00e9 des biens d\u2019une valeur de plusieurs dizaines de millions d\u2019euros dans les coffres-forts d\u2019une banque allemande, apr\u00e8s avoir perc\u00e9 la chambre forte lundi, profitant du calme des f\u00eates, a indiqu\u00e9 la police.<\/p>\n<p>Environ 2700 clients de la banque ont \u00e9t\u00e9 touch\u00e9s par ce vol \u00e0 Gelsenkirchen, ont pr\u00e9cis\u00e9 la police et la banque Sparkasse.<\/p>\n<p>Thomas Nowaczyk, porte-parole de la police, a mentionn\u00e9 que les enqu\u00eateurs estiment le vol entre 10\u00a0et 90\u00a0millions d\u2019euros (entre 16,1\u00a0et 144,8\u00a0millions\u00a0$).<\/p>\n<p>L\u2019agence de presse allemande dpa a rapport\u00e9 que ce vol pourrait \u00eatre l\u2019un des plus importants jamais commis en Allemagne.<\/p>\n<p>La banque est rest\u00e9e ferm\u00e9e mardi, lorsque quelque 200\u00a0personnes se sont pr\u00e9sent\u00e9es, exigeant d\u2019y entrer, selon dpa.<\/p>\n<p>Une alarme incendie a alert\u00e9 la police et les pompiers peu avant 4\u00a0h du matin, heure locale, lundi. Ils ont d\u00e9couvert un trou dans le mur et la chambre forte saccag\u00e9e. La police pense qu\u2019une grosse perceuse a \u00e9t\u00e9 utilis\u00e9e pour percer le mur du sous-sol de la chambre forte.<\/p>\n<p>Des t\u00e9moins ont d\u00e9clar\u00e9 aux enqu\u00eateurs avoir vu plusieurs hommes transportant de gros sacs dans un stationnement souterrain voisin durant la fin de semaine. Les images de vid\u00e9osurveillance du stationnement montrent des individus masqu\u00e9s \u00e0 bord d\u2019un v\u00e9hicule vol\u00e9 t\u00f4t lundi matin, a indiqu\u00e9 la police.<\/p>\n<p>Gelsenkirchen se situe \u00e0 environ 192\u00a0kilom\u00e8tres au nord-ouest de Francfort.<\/p>\n","protected":false},"excerpt":{"rendered":"Des voleurs ont d\u00e9rob\u00e9 des biens d\u2019une valeur de plusieurs dizaines de millions d\u2019euros dans les coffres-forts d\u2019une&hellip;\n","protected":false},"author":2,"featured_media":631015,"comment_status":"","ping_status":"","sticky":false,"template":"","format":"standard","meta":{"footnotes":""},"categories":[1587],"tags":[11,672,1804,1805,1803,1777,674,1801,4574,31026,31027,1854,20106,12,1802],"class_list":{"0":"post-631014","1":"post","2":"type-post","3":"status-publish","4":"format-standard","5":"has-post-thumbnail","7":"category-allemagne","8":"tag-actualites","9":"tag-allemagne","10":"tag-bundesrepublik-deutschland","11":"tag-de","12":"tag-deutschland","13":"tag-eu","14":"tag-europe","15":"tag-germany","16":"tag-https-lactualite-com-sujet-affaires","17":"tag-https-lactualite-com-sujet-banques","18":"tag-https-lactualite-com-sujet-finance","19":"tag-https-lactualite-com-sujet-international","20":"tag-https-lactualite-com-sujet-justice","21":"tag-news","22":"tag-republique-federale-dallemagne"},"share_on_mastodon":{"url":"https:\/\/pubeurope.com\/@fr\/115811423608272833","error":""},"_links":{"self":[{"href":"https:\/\/www.europesays.com\/fr\/wp-json\/wp\/v2\/posts\/631014","targetHints":{"allow":["GET"]}}],"collection":[{"href":"https:\/\/www.europesays.com\/fr\/wp-json\/wp\/v2\/posts"}],"about":[{"href":"https:\/\/www.europesays.com\/fr\/wp-json\/wp\/v2\/types\/post"}],"author":[{"embeddable":true,"href":"https:\/\/www.europesays.com\/fr\/wp-json\/wp\/v2\/users\/2"}],"replies":[{"embeddable":true,"href":"https:\/\/www.europesays.com\/fr\/wp-json\/wp\/v2\/comments?post=631014"}],"version-history":[{"count":0,"href":"https:\/\/www.europesays.com\/fr\/wp-json\/wp\/v2\/posts\/631014\/revisions"}],"wp:featuredmedia":[{"embeddable":true,"href":"https:\/\/www.europesays.com\/fr\/wp-json\/wp\/v2\/media\/631015"}],"wp:attachment":[{"href":"https:\/\/www.europesays.com\/fr\/wp-json\/wp\/v2\/media?parent=631014"}],"wp:term":[{"taxonomy":"category","embeddable":true,"href":"https:\/\/www.europesays.com\/fr\/wp-json\/wp\/v2\/categories?post=631014"},{"taxonomy":"post_tag","embeddable":true,"href":"https:\/\/www.europesays.com\/fr\/wp-json\/wp\/v2\/tags?post=631014"}],"curies":[{"name":"wp","href":"https:\/\/api.w.org\/{rel}","templated":true}]}}