{"id":631018,"date":"2025-12-31T00:48:10","date_gmt":"2025-12-31T00:48:10","guid":{"rendered":"https:\/\/www.europesays.com\/fr\/631018\/"},"modified":"2025-12-31T00:48:10","modified_gmt":"2025-12-31T00:48:10","slug":"le-nouvel-accord-commercial-ue-maroc-comprenant-les-produits-du-sahara-occidental-divise-afrique-economie","status":"publish","type":"post","link":"https:\/\/www.europesays.com\/fr\/631018\/","title":{"rendered":"Le nouvel accord commercial UE-Maroc comprenant les produits du Sahara occidental divise &#8211; Afrique \u00e9conomie"},"content":{"rendered":"<p>\n                                                C\u2019est le dernier \u00e9pisode d\u2019un long feuilleton juridico-commercial vieux de plus d\u2019une d\u00e9cennie. Le Parlement europ\u00e9en a adopt\u00e9 de justesse, le 26 novembre, un nouvel accord commercial sur la p\u00eache et l\u2019agriculture entre l\u2019UE et le Maroc. Apr\u00e8s l\u2019annulation du pr\u00e9c\u00e9dent texte datant de 2019, les ind\u00e9pendantistes du Front Polisario demandaient que les produits issus du Sahara occidental en soient exclus, mais ce ne sera finalement pas le cas.                    <\/p>\n<p>De notre correspondant \u00e0 Casablanca,<\/p>\n<p>La nouvelle version de l\u2019accord agricole Rabat-Bruxelles comprend bien les produits du <a target=\"_self\" href=\"https:\/\/www.rfi.fr\/fr\/tag\/sahara-occidental\/\" rel=\"noopener\"><strong>S<\/strong>a<strong>hara\u00a0occidental<\/strong><\/a>. Des tomates, essentiellement, et des melons qui poussent, hors sol, sous d\u2019immenses serres. Ils continueront de b\u00e9n\u00e9ficier d\u2019une r\u00e9duction des droits de douane. \u00ab Au final, le <strong><a target=\"_self\" href=\"https:\/\/www.rfi.fr\/fr\/tag\/maroc\/\" rel=\"noopener\">Maroc<\/a><\/strong> demeure le principal b\u00e9n\u00e9ficiaire puisqu&rsquo;il obtient une reconnaissance pratique de la continuit\u00e9 des pr\u00e9f\u00e9rences accord\u00e9es \u00e0 ses exportations, y compris celles provenant des provinces du Sud\u00a0\u00bb, d\u00e9taille Zaher Badr Al Azrak, professeur de droit des affaires \u00e0 l&rsquo;universit\u00e9 Hassan II de Casablanca.<\/p>\n<p>\u00ab Provinces du Sud\u00a0\u00bb, c\u2019est l\u2019expression utilis\u00e9e au Maroc pour d\u00e9signer ces territoires revendiqu\u00e9s par le Front Polisario. Le nouveau texte amend\u00e9 par la Commission europ\u00e9enne propose une formulation juridique in\u00e9dite, pour respecter l\u2019arr\u00eat de la Cour de justice de l\u2019UE. \u00ab\u00a0Le changement ne porte pas sur la substance m\u00eame de l&rsquo;accord commercial, mais plut\u00f4t sur sa mise en \u0153uvre. Les Europ\u00e9ens ont introduit des m\u00e9canismes pratiques et techniques \u00bb, poursuit-il.<\/p>\n<p> Une concurrence d\u00e9loyale ? <\/p>\n<p>\u00c0 l\u2019exigence de tra\u00e7abilit\u00e9 de la Cour, Bruxelles r\u00e9pond par un \u00e9tiquetage sp\u00e9cifique, mentionnant simplement les deux r\u00e9gions de production autour des villes de Dakhla et de La\u00e2youne. Le Front Polisario d\u00e9nonce une disposition ill\u00e9gale. \u00ab\u00a0En fait, il n\u2019y a pas eu de grands changements. L&rsquo;<strong><a target=\"_self\" href=\"https:\/\/www.rfi.fr\/fr\/tag\/union-europ\u00e9enne\/\" class=\"gtm-add-suggested-tag\" rel=\"noopener\">Union europ\u00e9enne<\/a><\/strong> et le Maroc ont repris pratiquement les m\u00eames dispositions. Ils les ont reconduites dans ce trait\u00e9. Je pense que le Maroc a enregistr\u00e9 une victoire par rapport \u00e0 ses d\u00e9tracteurs \u00bb, souligne l\u2019analyste \u00e9conomique et politique marocain, Driss A\u00efssaoui.<\/p>\n<p>Les \u00e9changes agricoles ne cessent de progresser entre le Maroc et l\u2019UE. L&rsquo;ann\u00e9e derni\u00e8re, ils ont atteint plus de 7 milliards d&rsquo;euros. Ainsi, tout en annulant l\u2019accord commercial en 2024, la Cour de justice de l\u2019UE l\u2019avait maintenu pour une dur\u00e9e transitoire de 12 mois. \u00ab L&rsquo;Union europ\u00e9enne est un partenaire fort et indispensable, mais qui fonctionne selon des \u00e9quilibres internes complexes, analyse Zaher Badr Al Azrak. C&rsquo;est pr\u00e9cis\u00e9ment pour cela que la diversification des partenariats en <strong><a target=\"_self\" href=\"https:\/\/www.rfi.fr\/fr\/tag\/afrique\/\" class=\"gtm-add-suggested-tag\" rel=\"noopener\">Afrique<\/a><\/strong>, en Asie ou en Am\u00e9rique latine n&rsquo;est plus une option secondaire, mais une n\u00e9cessit\u00e9 strat\u00e9gique pour le royaume. \u00bb<\/p>\n<p>Le texte tout juste adopt\u00e9 compte encore des ennemis : <strong><a target=\"_self\" href=\"https:\/\/www.rfi.fr\/fr\/podcasts\/afrique-\u00e9conomie\/20250504-maroc-france-la-hache-de-guerre-de-la-tomate-est-enterr\u00e9e-pour-le-moment\" rel=\"noopener\">des syndicats agricoles fran\u00e7ais et espagnols qui d\u00e9noncent une concurrence d\u00e9loyale<\/a><\/strong>. Le Front Polisario aussi, qui pr\u00e9voit de saisir \u00e0 nouveau la Cour de justice de l\u2019<strong><a target=\"_self\" href=\"https:\/\/www.rfi.fr\/fr\/tag\/union-europ\u00e9enne\/\" rel=\"noopener\">Union europ\u00e9enne<\/a><\/strong> d\u2019ici la fin du mois de d\u00e9cembre.<\/p>\n<p class=\"a-read-more\">\u00c0 lire aussi<a target=\"_self\" href=\"https:\/\/www.rfi.fr\/fr\/afrique\/20251006-les-produits-du-sahara-occidental-inclus-dans-l-accord-commercial-maroc-ue\" class=\"a-read-more__link\" rel=\"noopener\">Les produits du Sahara occidental inclus dans l&rsquo;accord commercial Maroc-UE<\/a><\/p>\n","protected":false},"excerpt":{"rendered":"C\u2019est le dernier \u00e9pisode d\u2019un long feuilleton juridico-commercial vieux de plus d\u2019une d\u00e9cennie. Le Parlement europ\u00e9en a adopt\u00e9&hellip;\n","protected":false},"author":2,"featured_media":631019,"comment_status":"","ping_status":"","sticky":false,"template":"","format":"standard","meta":{"footnotes":""},"categories":[1586],"tags":[11,879,12938,4652,1777,674,1779,1011,27,2223,12,25,1778,364],"class_list":{"0":"post-631018","1":"post","2":"type-post","3":"status-publish","4":"format-standard","5":"has-post-thumbnail","7":"category-europe","8":"tag-actualites","9":"tag-afrique","10":"tag-afrique-economie","11":"tag-agriculture-et-peche","12":"tag-eu","13":"tag-europe","14":"tag-european-union","15":"tag-fr","16":"tag-france","17":"tag-maroc","18":"tag-news","19":"tag-republique-francaise","20":"tag-ue","21":"tag-union-europeenne"},"share_on_mastodon":{"url":"https:\/\/pubeurope.com\/@fr\/115811431361659656","error":""},"_links":{"self":[{"href":"https:\/\/www.europesays.com\/fr\/wp-json\/wp\/v2\/posts\/631018","targetHints":{"allow":["GET"]}}],"collection":[{"href":"https:\/\/www.europesays.com\/fr\/wp-json\/wp\/v2\/posts"}],"about":[{"href":"https:\/\/www.europesays.com\/fr\/wp-json\/wp\/v2\/types\/post"}],"author":[{"embeddable":true,"href":"https:\/\/www.europesays.com\/fr\/wp-json\/wp\/v2\/users\/2"}],"replies":[{"embeddable":true,"href":"https:\/\/www.europesays.com\/fr\/wp-json\/wp\/v2\/comments?post=631018"}],"version-history":[{"count":0,"href":"https:\/\/www.europesays.com\/fr\/wp-json\/wp\/v2\/posts\/631018\/revisions"}],"wp:featuredmedia":[{"embeddable":true,"href":"https:\/\/www.europesays.com\/fr\/wp-json\/wp\/v2\/media\/631019"}],"wp:attachment":[{"href":"https:\/\/www.europesays.com\/fr\/wp-json\/wp\/v2\/media?parent=631018"}],"wp:term":[{"taxonomy":"category","embeddable":true,"href":"https:\/\/www.europesays.com\/fr\/wp-json\/wp\/v2\/categories?post=631018"},{"taxonomy":"post_tag","embeddable":true,"href":"https:\/\/www.europesays.com\/fr\/wp-json\/wp\/v2\/tags?post=631018"}],"curies":[{"name":"wp","href":"https:\/\/api.w.org\/{rel}","templated":true}]}}