{"id":631036,"date":"2025-12-31T01:04:11","date_gmt":"2025-12-31T01:04:11","guid":{"rendered":"https:\/\/www.europesays.com\/fr\/631036\/"},"modified":"2025-12-31T01:04:11","modified_gmt":"2025-12-31T01:04:11","slug":"olivier-minne-seffondre-sur-m6-la-chaine-prend-une-decision-rad","status":"publish","type":"post","link":"https:\/\/www.europesays.com\/fr\/631036\/","title":{"rendered":"Olivier Minne s\u2019effondre sur M6, la cha\u00eene prend une d\u00e9cision rad &#8230;"},"content":{"rendered":"<p>EN BREF<\/p>\n<ul class=\"bloc_resume_post_list\">\n<li>Olivier Minne, apr\u00e8s 35 ans sur France T\u00e9l\u00e9visions, anime<br \/>\nle nouveau jeu Pandore sur M6 depuis le 22 d\u00e9cembre<br \/>\n2025.<\/li>\n<li>Pandore, inspir\u00e9 des l\u00e9gendes grecques, met en<br \/>\ncomp\u00e9tition 12 candidats pour un prix de 100 000 euros.<\/li>\n<li>Le changement de programmation de Pandore pourrait<br \/>\ninfluencer son audience apr\u00e8s une baisse significative au deuxi\u00e8me<br \/>\n\u00e9pisode.<\/li>\n<\/ul>\n<p><a href=\"https:\/\/www.telestar.fr\/actu_tv\/retour-du-maillon-faible-sur-m6-voici-la-date-de-la-premiere-dolivier-minne-1745031\" target=\"_blank\" rel=\"noopener\"><br \/>\nRecrut\u00e9 cette saison par M6<\/a> apr\u00e8s plus de <strong>35 ann\u00e9es de<br \/>\nbons et loyaux services sur France T\u00e9l\u00e9visions<\/strong>. Olivier<br \/>\nMinne a h\u00e9rit\u00e9 de la pr\u00e9sentation d\u00a0\u00bbun n<a href=\"https:\/\/www.closermag.fr\/people\/olivier-minne-son-refuge-de-los-angeles-au-coeur-dun-voisinage-prestigieux-3608080\" target=\"_blank\" rel=\"noopener\">ouveau<br \/>\njeu baptis\u00e9 Pandore<\/a>. \u00ab\u00a0Dans l&rsquo;Antiquit\u00e9, les Grecs savaient<br \/>\nque la bo\u00eete de Pandore repr\u00e9sentait un immense danger pour<br \/>\nl&rsquo;humanit\u00e9 alors ils l&rsquo;ont cach\u00e9e aux confins du monde connu. Mais<br \/>\naujourd&rsquo;hui la bo\u00eete a \u00e9t\u00e9 retrouv\u00e9e en Andalousie, et les dieux<br \/>\nont d\u00e9cid\u00e9 de mettre douze mortels \u00e0 l\u2019\u00e9preuve !\u00a0\u00bb, a<br \/>\npremi\u00e8rement indiqu\u00e9 la cha\u00eene dans un communiqu\u00e9.<\/p>\n<p>\u00ab\u00a0Douze hommes et femmes, choisis pour leur force, leur<br \/>\nt\u00e9nacit\u00e9 et leur culture, vont devoir affronter des d\u00e9fis inspir\u00e9s<br \/>\ndes l\u00e9gendes grecques les plus c\u00e9l\u00e8bres <strong>pour remporter une<br \/>\noffrande d&rsquo;une valeur de 100 000 euros<\/strong>. Chaque jeu va<br \/>\nmettre \u00e0 l&rsquo;\u00e9preuve leurs capacit\u00e9s physiques, psychologiques et<br \/>\nintellectuelles. Chaque jour, deux mortels seront sacrifi\u00e9s et leur<br \/>\nsort sera scell\u00e9 dans la bo\u00eete de Pandore\u00a0\u00bb, a ensuite ajout\u00e9<br \/>\nM6.<\/p>\n<p>Pandore : le premier num\u00e9ro du jeu pr\u00e9sent\u00e9 par Olivier Minne a<br \/>\nint\u00e9ress\u00e9 1,8 million de curieux<\/p>\n<p>\u00ab\u00a0Si, au coucher du soleil, leur nom est toujours dans la<br \/>\nbo\u00eete, ils devront s\u2019affronter dans un duel \u00e9liminatoire. Certains<br \/>\nmortels seront soumis \u00e0 la tentation d\u2019ouvrir la bo\u00eete. Le reste du<br \/>\ngroupe devra tout faire pour les emp\u00eacher d\u2019y acc\u00e9der car, \u00e0 chaque<br \/>\nfois qu\u2019elle sera ouverte. <strong>La mal\u00e9diction des dieux<br \/>\ns\u2019abattra sur les mortels et l\u2019offrande diminuera.<\/strong> Alors<br \/>\nchoisiront-ils leur int\u00e9r\u00eat personnel ou le bien collectif ?\u00a0\u00bb,<br \/>\na finalement conclu la cha\u00eene.<\/p>\n<p>Le tout premier num\u00e9ro de Pandore a \u00e9t\u00e9 diffus\u00e9 le lundi 22<br \/>\nd\u00e9cembre 2025 en prime time sur M6. Ce jour-l\u00e0, le programme a<br \/>\nattir\u00e9 une moyenne de 1,8 million de t\u00e9l\u00e9spectateurs devant leurs<br \/>\n\u00e9crans. <strong>Ce qui repr\u00e9sentait 10% de part d&rsquo;audience<\/strong><br \/>\nsur l&rsquo;ensemble du public \u00e2g\u00e9 de quatre ans et plus. Selon les<br \/>\nchiffres de M\u00e9diam\u00e9trie.<\/p>\n<p>Le nouveau de M6 va voir son jour de<br \/>\ndiffusion \u00e9voluer la semaine prochaine<\/p>\n<p>Un bon score qui ne s&rsquo;est malheureusement pas confirm\u00e9 avec la<br \/>\ndiffusion du deuxi\u00e8me \u00e9pisode le lundi 29 d\u00e9cembre 2025. Cette<br \/>\nfois-ci, Pandore a \u00e9t\u00e9 suivi par <strong>seulement 952.000<br \/>\nt\u00e9l\u00e9spectateurs en moyenne.<\/strong> Ce qui repr\u00e9sente \u00e0 peine 5,5%<br \/>\nde part d&rsquo;audience sur l&rsquo;ensemble du public \u00e2g\u00e9 de quatre ans et<br \/>\nplus. Selon les chiffres de M\u00e9diam\u00e9trie.<\/p>\n<p>Si Pandore a \u00e9t\u00e9 programm\u00e9 le lundi soir depuis son lancement<br \/>\nsur M6. L&rsquo;\u00e9mission va subir un changement de programmation d\u00e8s son<br \/>\ntroisi\u00e8me num\u00e9ro. En effet, <strong>celui-ci sera diffus\u00e9 le mardi<br \/>\n6 janvier 2026 en prime time.<\/strong> La veille, un nouvel \u00e9pisode<br \/>\nde l&rsquo;\u00e9mission Cauchemar en cuisine, <a href=\"https:\/\/www.telestar.fr\/actu_tv\/cauchemar-en-cuisine-les-restaurants-de-pascale-et-patrick-a-cavalaire-et-dalexis-a-thoissey-sont-ils-toujours-ouverts-1745458\" target=\"_blank\" rel=\"noopener\"><br \/>\nincarn\u00e9e par le chef Philippe Etchebest<\/a>, sera propos\u00e9 aux<br \/>\nt\u00e9l\u00e9spectateurs en premi\u00e8re partie de soir\u00e9e. Pandore sera ensuite<br \/>\nde retour le lundi soir en prime time la semaine suivante.<\/p>\n","protected":false},"excerpt":{"rendered":"EN BREF Olivier Minne, apr\u00e8s 35 ans sur France T\u00e9l\u00e9visions, anime le nouveau jeu Pandore sur M6 depuis&hellip;\n","protected":false},"author":2,"featured_media":631037,"comment_status":"","ping_status":"","sticky":false,"template":"","format":"standard","meta":{"footnotes":""},"categories":[1356],"tags":[548,58,59,1011,27,494,252,1364],"class_list":{"0":"post-631036","1":"post","2":"type-post","3":"status-publish","4":"format-standard","5":"has-post-thumbnail","7":"category-television","8":"tag-article-simple","9":"tag-divertissement","10":"tag-entertainment","11":"tag-fr","12":"tag-france","13":"tag-m6","14":"tag-television","15":"tag-tv"},"share_on_mastodon":{"url":"https:\/\/pubeurope.com\/@fr\/115811494390275775","error":""},"_links":{"self":[{"href":"https:\/\/www.europesays.com\/fr\/wp-json\/wp\/v2\/posts\/631036","targetHints":{"allow":["GET"]}}],"collection":[{"href":"https:\/\/www.europesays.com\/fr\/wp-json\/wp\/v2\/posts"}],"about":[{"href":"https:\/\/www.europesays.com\/fr\/wp-json\/wp\/v2\/types\/post"}],"author":[{"embeddable":true,"href":"https:\/\/www.europesays.com\/fr\/wp-json\/wp\/v2\/users\/2"}],"replies":[{"embeddable":true,"href":"https:\/\/www.europesays.com\/fr\/wp-json\/wp\/v2\/comments?post=631036"}],"version-history":[{"count":0,"href":"https:\/\/www.europesays.com\/fr\/wp-json\/wp\/v2\/posts\/631036\/revisions"}],"wp:featuredmedia":[{"embeddable":true,"href":"https:\/\/www.europesays.com\/fr\/wp-json\/wp\/v2\/media\/631037"}],"wp:attachment":[{"href":"https:\/\/www.europesays.com\/fr\/wp-json\/wp\/v2\/media?parent=631036"}],"wp:term":[{"taxonomy":"category","embeddable":true,"href":"https:\/\/www.europesays.com\/fr\/wp-json\/wp\/v2\/categories?post=631036"},{"taxonomy":"post_tag","embeddable":true,"href":"https:\/\/www.europesays.com\/fr\/wp-json\/wp\/v2\/tags?post=631036"}],"curies":[{"name":"wp","href":"https:\/\/api.w.org\/{rel}","templated":true}]}}