{"id":631042,"date":"2025-12-31T01:07:13","date_gmt":"2025-12-31T01:07:13","guid":{"rendered":"https:\/\/www.europesays.com\/fr\/631042\/"},"modified":"2025-12-31T01:07:13","modified_gmt":"2025-12-31T01:07:13","slug":"pourquoi-la-science-echoue-encore-sur-ce-virus","status":"publish","type":"post","link":"https:\/\/www.europesays.com\/fr\/631042\/","title":{"rendered":"pourquoi la science \u00e9choue encore sur ce virus"},"content":{"rendered":"<p>    La recherche de vaccin contre le VIH est toujours en cours<br \/>\n                Robert Casacci \/ stock.adobe.com<\/p>\n<p>\n    <strong>D\u00c9CRYPTAGE &#8211;<\/strong> Alors m\u00eame qu\u2019un vaccin contre le Covid a \u00e9t\u00e9 fabriqu\u00e9 en moins d\u2019un an, des d\u00e9cennies de recherche n\u2019ont pas suffi contre le sida. En cause, un virus d\u2019une complexit\u00e9 exceptionnelle capable de d\u00e9jouer les m\u00e9canismes classiques de l\u2019immunit\u00e9.<\/p>\n<p class=\"fig-paragraph\">Le 20 mai 1983, le Pr Luc Montagnier et son \u00e9quipe de l\u2019Institut Pasteur annon\u00e7aient dans Science la d\u00e9couverte du virus du sida. Quarante ans plus tard, le\u00a0<a href=\"http:\/\/sante.lefigaro.fr\/social\/sante-publique\/vih-sida-la-lutte-mondiale-subit-son-revers-le-plus-important-depuis-des-decennies-selon-l-onu-20251125\" data-fig-type=\"NewsFlash\" data-gtm-custom-categorie=\"navigation\" data-gtm-custom-action=\"crossclick\" data-gtm-custom-label=\"Contextuel\" data-gtm-event=\"customEventSPE\" data-fig-domain=\"SANTE\" target=\"_blank\" rel=\"noopener\">VIH\u00a0<\/a>continue de tuer. L\u2019\u00e9pid\u00e9mie a caus\u00e9 la mort de plus de 42,3 millions de personnes \u00e0 travers le monde, et 37 millions de personnes sont aujourd\u2019hui s\u00e9ropositives, dont 180 000 en France. Derni\u00e8rement, plusieurs traitements prometteurs contre le VIH ont vu le jour, tels que le\u00a0<a href=\"http:\/\/sante.lefigaro.fr\/medecine\/il-pourrait-changer-le-cours-de-l-epidemie-l-union-europeenne-ouvre-la-voie-a-un-nouveau-traitement-contre-le-vih-20250725\" data-fig-type=\"NewsFlash\" data-gtm-custom-categorie=\"navigation\" data-gtm-custom-action=\"crossclick\" data-gtm-custom-label=\"Contextuel\" data-gtm-event=\"customEventSPE\" data-fig-domain=\"SANTE\" target=\"_blank\" rel=\"noopener\">l\u00e9nacapavir<\/a>, mais la mise au point d\u2019un vaccin se heurte encore \u00e0 des difficult\u00e9s. Alors pourquoi est-il si difficile de trouver un vaccin contre le VIH\u00a0?<\/p>\n<p class=\"fig-paragraph\">Le principe de la vaccination repose sur une id\u00e9e simple\u00a0: entra\u00eener le syst\u00e8me immunitaire \u00e0 reconna\u00eetre un agent infectieux avant qu\u2019il ne frappe. Mais avec le VIH, ce sch\u00e9ma classique vole en \u00e9clats. \u00ab Le VIH est le virus que nous connaissons qui mute le plus rapidement\u00a0\u00bb, explique le Pr Jean-Daniel Leli\u00e8vre, immunologiste, sp\u00e9cialiste des vaccins et directeur de la recherche clinique \u00e0 l\u2019Institut\u2026<\/p>\n<p class=\"fig-premium-paywall__infos\">\n        Cet article est r\u00e9serv\u00e9 aux abonn\u00e9s.        Il vous reste 78% \u00e0 d\u00e9couvrir.\n    <\/p>\n<p>                <img  data- alt=\"Le Figaro\" class=\"fig-img--complete fig-img\"\/><\/p>\n<p class=\"fig-premium-paywall__title\">Vous avez envie de lire la suite ?<\/p>\n<p class=\"fig-premium-paywall__subtitle\">D\u00e9bloquez tous les articles imm\u00e9diatement.<\/p>\n<p class=\"fig-premium-paywall__connect\">\n                D\u00e9j\u00e0 abonn\u00e9\u00a0?                <a class=\"fig-premium-paywall__connect-link\" href=\"https:\/\/connect.lefigaro.fr\/login?client=sante_web&amp;type=main&amp;redirect_uri=https%3A%2F%2Fsante.lefigaro.fr%2Fsocial%2Fsante-publique%2Fvaccin-contre-le-vih-pourquoi-la-science-echoue-encore-sur-ce-virus-20251230\" data-js-gtm=\"{&quot;customCategorie&quot;: &quot;conversion&quot;, &quot;customAction&quot;: &quot;before_Landing_Connexion_paywall_auto&quot;, &quot;customLabel&quot;: &quot;c2FudGUubGVmaWdhcm8uZnJfXzFmMGU0YzNiLTljMmUtNjIwNi1hMWU0LWJmMWY5ZmYxN2ZkZF9fQXJ0aWNsZQ==_Vaccin contre le VIH\u00a0: pourquoi la science \u00e9choue encore sur ce virus_403&quot;, &quot;customIDSPE&quot;: &quot;c2FudGUubGVmaWdhcm8uZnJfXzFmMGU0YzNiLTljMmUtNjIwNi1hMWU0LWJmMWY5ZmYxN2ZkZF9fQXJ0aWNsZQ==&quot;, &quot;event&quot;: &quot;customEventSPE&quot;}\" target=\"_blank\" rel=\"noopener\"><br \/>\n                    Connectez-vous<br \/>\n                <\/a>\n            <\/p>\n","protected":false},"excerpt":{"rendered":"La recherche de vaccin contre le VIH est toujours en cours Robert Casacci \/ stock.adobe.com D\u00c9CRYPTAGE &#8211; Alors&hellip;\n","protected":false},"author":2,"featured_media":631043,"comment_status":"","ping_status":"","sticky":false,"template":"","format":"standard","meta":{"footnotes":""},"categories":[10],"tags":[1011,27,72,71,41308,773],"class_list":{"0":"post-631042","1":"post","2":"type-post","3":"status-publish","4":"format-standard","5":"has-post-thumbnail","7":"category-sante","8":"tag-fr","9":"tag-france","10":"tag-health","11":"tag-sante","12":"tag-sida-infection-a-vih","13":"tag-vaccin"},"share_on_mastodon":{"url":"","error":""},"_links":{"self":[{"href":"https:\/\/www.europesays.com\/fr\/wp-json\/wp\/v2\/posts\/631042","targetHints":{"allow":["GET"]}}],"collection":[{"href":"https:\/\/www.europesays.com\/fr\/wp-json\/wp\/v2\/posts"}],"about":[{"href":"https:\/\/www.europesays.com\/fr\/wp-json\/wp\/v2\/types\/post"}],"author":[{"embeddable":true,"href":"https:\/\/www.europesays.com\/fr\/wp-json\/wp\/v2\/users\/2"}],"replies":[{"embeddable":true,"href":"https:\/\/www.europesays.com\/fr\/wp-json\/wp\/v2\/comments?post=631042"}],"version-history":[{"count":0,"href":"https:\/\/www.europesays.com\/fr\/wp-json\/wp\/v2\/posts\/631042\/revisions"}],"wp:featuredmedia":[{"embeddable":true,"href":"https:\/\/www.europesays.com\/fr\/wp-json\/wp\/v2\/media\/631043"}],"wp:attachment":[{"href":"https:\/\/www.europesays.com\/fr\/wp-json\/wp\/v2\/media?parent=631042"}],"wp:term":[{"taxonomy":"category","embeddable":true,"href":"https:\/\/www.europesays.com\/fr\/wp-json\/wp\/v2\/categories?post=631042"},{"taxonomy":"post_tag","embeddable":true,"href":"https:\/\/www.europesays.com\/fr\/wp-json\/wp\/v2\/tags?post=631042"}],"curies":[{"name":"wp","href":"https:\/\/api.w.org\/{rel}","templated":true}]}}