{"id":631055,"date":"2025-12-31T01:17:10","date_gmt":"2025-12-31T01:17:10","guid":{"rendered":"https:\/\/www.europesays.com\/fr\/631055\/"},"modified":"2025-12-31T01:17:10","modified_gmt":"2025-12-31T01:17:10","slug":"un-souci-avec-lamba-et-bernauer-avant-le-mans","status":"publish","type":"post","link":"https:\/\/www.europesays.com\/fr\/631055\/","title":{"rendered":"Un souci avec Lamba et Bernauer avant le Mans"},"content":{"rendered":"<p>Afficher l\u2019index Masquer l\u2019index <\/p>\n<p>Il manque encore quelques joueurs dans l\u2019effectif de l\u2019<strong>ASSE<\/strong>, \u00e0 quatre jours du match contre le <strong>Mans FC<\/strong>, lors de la 18e journ\u00e9e de Ligue 2.<\/p>\n<p>ASSE : Annan, Ferreira et Duffus \u00e0 l\u2019\u00e9cart du groupe\t<\/p>\n<p><a href=\"https:\/\/www.foot-sur7.fr\/714619-asse-reprise-des-entrainements-que-de-bonnes-nouvelles\" data-type=\"post\" data-id=\"714619\" target=\"_blank\" rel=\"noopener\">L\u2019ASSE a entam\u00e9 la pr\u00e9paration de la deuxi\u00e8me moiti\u00e9 de la saison<\/a>, lundi. Ce mardi, la s\u00e9ance \u00e9tait ouverte aux supporters st\u00e9phanois au Centre sportif Robert-Herbin. Il n\u2019y a certes pas encore de nouvelle recrue estivale chez les Verts, mais leurs fans ont pu les revoir, apr\u00e8s un peu plus d\u2019une semaine de tr\u00eave hivernale.<\/p>\n<p>Selon les informations d\u2019Evect, quatre joueurs \u00e9taient \u00e0 l\u2019\u00e9cart de la s\u00e9ance collective du jour. Ce sont : Ebenezer Annan, Joao Ferreira, Joshua Duffus et <strong>Chico Lamba<\/strong>.<\/p>\n<p>Lamba entre le collectif et l\u2019individuel<\/p>\n<p>Toutefois, la source pr\u00e9cise que le dernier a d\u00e9marr\u00e9 l\u2019entra\u00eenement dans le groupe st\u00e9phanois, comme indiqu\u00e9 par Peuple-Vert, lundi, avant de finir par une s\u00e9ance en marge du collectif. \u00ab Chico Lamba a effectu\u00e9 une tr\u00e8s grande partie de la s\u00e9ance collective avant de rebasculer individuellement, avec du travail sp\u00e9cifique \u00bb, a inform\u00e9 Envertetcontretous.<\/p>\n<p><a class=\"related-article simple\" href=\"https:\/\/www.foot-sur7.fr\/714920-mercato-le-real-malmene-le-psg-pour-un-crack-de-ligue-1\" target=\"_blank\" rel=\"noopener\">\u00c0 voirMercato : Le Real malm\u00e8ne le PSG pour un crack de Ligue 1 !<\/a><\/p>\n<p><strong>Lisez aussi : <a href=\"https:\/\/www.foot-sur7.fr\/714753-asse-mercato-reponse-cash-dune-cible-preferee-de-sainte\" target=\"_blank\" rel=\"noopener\">ASSE Mercato : R\u00e9ponse cash d\u2019une cible pr\u00e9f\u00e9r\u00e9e de Saint\u00e9<\/a><\/strong><\/p>\n<p>Victime d\u2019un blessure aux adducteurs depuis d\u00e9but octobre 2025, le d\u00e9fenseur central Portugais est encore en phase de r\u00e9athl\u00e9tisation. Son retour \u00e0 la comp\u00e9tition pourrait se faire vers la fin du mois de janvier 2026.<\/p>\n<p>Bernauer se pr\u00e9pare en salle<\/p>\n<p>La source rapporte aussi une mauvaise nouvelle. Elle concerne <strong>Maxime Bernauer<\/strong> (27 ans). Il \u00e9tait absent sur l\u2019aire de jeu, mais pr\u00e9sent en salle. Touch\u00e9 au genou depuis la d\u00e9faite de l\u2019<a href=\"https:\/\/www.foot-sur7.fr\/foot-saint-etienne\" data-type=\"link\" data-id=\"https:\/\/www.foot-sur7.fr\/foot-saint-etienne\" target=\"_blank\" rel=\"noopener\">AS Saint-Etienne<\/a> face au Red Star (2-1), le 1er novembre dernier, le d\u00e9fenseur fran\u00e7ais est g\u00ean\u00e9 par des douleurs, qu\u2019il \u00ab doit toujours g\u00e9rer \u00bb.<\/p>\n<p>Saint-Etienne : Les cadres sont bel et bien pr\u00e9sents<\/p>\n<p>En revanche, le reste de l\u2019effectif d\u2019<strong>Eirik Horneland<\/strong> a enchain\u00e9 sans souci, apr\u00e8s la rentr\u00e9e de lundi. Du capitaine Gautier Larsonneur au meilleur buteur actuel des Verts, Zuriko Davitashvili, en passant par les autre cadres : Florian Tardieu Micka\u00ebl, Nad\u00e9, A\u00efmen Moueffek, Mahmoud Jaber, Dennis Appiah, Lucas Stassin ou encore Augustine Boakye. Ils sont tous disponibles et aff\u00fbt\u00e9s.<\/p>\n<p>Les jeunes joueurs de la r\u00e9serve, promus par l\u2019entraineur de l\u2019ASSE, <a href=\"https:\/\/www.foot-sur7.fr\/700567-asse-le-mans-horneland-confirme-le-retour-dun-milieu\" data-type=\"post\" data-id=\"700567\" target=\"_blank\" rel=\"noopener\">pr\u00e9parent aussi le match contre Le Mans<\/a>, un adversaire direct des Verts dans la course pour la mont\u00e9e en Ligue 1. Ce sont : Djylian N\u2019Guessan, Paul Eymard, Luan Gadegbeku, Kevin Pedro, Nadir El Jamali ou encore Axel Dodote.<\/p>\n<p>Lire aussi sur l\u2019ASSE :<\/p>\n<p><a href=\"https:\/\/www.foot-sur7.fr\/714707-mercato-asse-maintien-de-horneland-ksv-face-a-son-choix\" target=\"_blank\" rel=\"noopener\">Mercato ASSE : Maintien de Horneland, KSV face \u00e0 son choix<\/a><\/p>\n<p><a class=\"related-article simple\" href=\"https:\/\/www.foot-sur7.fr\/714734-mercato-ol-apres-endrick-lyon-tente-un-autre-gros-coup\" target=\"_blank\" rel=\"noopener\">\u00c0 voirMercato OL : Apr\u00e8s Endrick, Lyon tente un autre gros coup<\/a><\/p>\n<p><a href=\"https:\/\/www.foot-sur7.fr\/714705-mercato-asse-larsonneur-pousse-vers-la-sortie-sa-succession-engagee\" target=\"_blank\" rel=\"noopener\">Mercato ASSE : Larsonneur pouss\u00e9 vers la sortie ? Sa succession engag\u00e9e<\/a><\/p>\n<p><a href=\"https:\/\/www.foot-sur7.fr\/714696-mercato-asse-cest-acte-un-renfort-debarque-a-saint-etienne\" target=\"_blank\" rel=\"noopener\">Mercato ASSE : C\u2019est act\u00e9 ! Un renfort d\u00e9barque \u00e0 Saint-\u00c9tienne<\/a><\/p>\n","protected":false},"excerpt":{"rendered":"Afficher l\u2019index Masquer l\u2019index Il manque encore quelques joueurs dans l\u2019effectif de l\u2019ASSE, \u00e0 quatre jours du match&hellip;\n","protected":false},"author":2,"featured_media":319823,"comment_status":"","ping_status":"","sticky":false,"template":"","format":"standard","meta":{"footnotes":""},"categories":[9653],"tags":[1111,11,2430,1777,674,1011,27,12,25,4001],"class_list":{"0":"post-631055","1":"post","2":"type-post","3":"status-publish","4":"format-standard","5":"has-post-thumbnail","7":"category-saint-etienne","8":"tag-actu","9":"tag-actualites","10":"tag-auvergne-rhone-alpes","11":"tag-eu","12":"tag-europe","13":"tag-fr","14":"tag-france","15":"tag-news","16":"tag-republique-francaise","17":"tag-saint-etienne"},"share_on_mastodon":{"url":"https:\/\/pubeurope.com\/@fr\/115811545496346323","error":""},"_links":{"self":[{"href":"https:\/\/www.europesays.com\/fr\/wp-json\/wp\/v2\/posts\/631055","targetHints":{"allow":["GET"]}}],"collection":[{"href":"https:\/\/www.europesays.com\/fr\/wp-json\/wp\/v2\/posts"}],"about":[{"href":"https:\/\/www.europesays.com\/fr\/wp-json\/wp\/v2\/types\/post"}],"author":[{"embeddable":true,"href":"https:\/\/www.europesays.com\/fr\/wp-json\/wp\/v2\/users\/2"}],"replies":[{"embeddable":true,"href":"https:\/\/www.europesays.com\/fr\/wp-json\/wp\/v2\/comments?post=631055"}],"version-history":[{"count":0,"href":"https:\/\/www.europesays.com\/fr\/wp-json\/wp\/v2\/posts\/631055\/revisions"}],"wp:featuredmedia":[{"embeddable":true,"href":"https:\/\/www.europesays.com\/fr\/wp-json\/wp\/v2\/media\/319823"}],"wp:attachment":[{"href":"https:\/\/www.europesays.com\/fr\/wp-json\/wp\/v2\/media?parent=631055"}],"wp:term":[{"taxonomy":"category","embeddable":true,"href":"https:\/\/www.europesays.com\/fr\/wp-json\/wp\/v2\/categories?post=631055"},{"taxonomy":"post_tag","embeddable":true,"href":"https:\/\/www.europesays.com\/fr\/wp-json\/wp\/v2\/tags?post=631055"}],"curies":[{"name":"wp","href":"https:\/\/api.w.org\/{rel}","templated":true}]}}