{"id":631058,"date":"2025-12-31T01:19:34","date_gmt":"2025-12-31T01:19:34","guid":{"rendered":"https:\/\/www.europesays.com\/fr\/631058\/"},"modified":"2025-12-31T01:19:34","modified_gmt":"2025-12-31T01:19:34","slug":"un-auto-stoppeur-de-27-ans-meurt-percute-par-une-voiture-entre-epinal-et-nancy","status":"publish","type":"post","link":"https:\/\/www.europesays.com\/fr\/631058\/","title":{"rendered":"un auto-stoppeur de 27 ans meurt percut\u00e9 par une voiture entre \u00c9pinal et Nancy"},"content":{"rendered":"<p>                    Par<br \/>\n        <strong><br \/>\n            <a href=\"https:\/\/actu.fr\/auteur\/pierre-emile-bouchy-actu-fr\" title=\"Consulter tous les articles de Paul-Emile Bouchy\" target=\"_blank\" rel=\"noopener\">Paul-Emile Bouchy<\/a><br \/>\n                    <\/strong><\/p>\n<p>        Publi\u00e9 le<\/p>\n<p>            30 d\u00e9c. 2025 \u00e0 9h55        <\/p>\n<p>Lundi 29\u00a0d\u00e9cembre 2025, un nouvel <a href=\"https:\/\/actu.fr\/tag\/accident\" target=\"_blank\" rel=\"noopener\">accident<\/a> mortel a eu lieu dans les <a href=\"https:\/\/actu.fr\/grand-est\/vosges_88\" target=\"_blank\" rel=\"noopener\">Vosges<\/a>.<\/p>\n<p class=\" wall-content\">Peu apr\u00e8s 20h, <strong>un pi\u00e9ton de 27\u00a0ans est mort<\/strong> <strong>apr\u00e8s avoir \u00e9t\u00e9 percut\u00e9 par une voiture<\/strong> alors qu\u2019il \u00e9tait au bord de la <strong>RN 57<\/strong>, cette voie rapide reliant \u00c9pinal \u00e0 Nancy.<\/p>\n<p>L\u2019homme faisait du stop pour arr\u00eater les voitures, d\u2019apr\u00e8s des t\u00e9moins<\/p>\n<p class=\" wall-content\">L\u2019accident a eu lieu <strong>\u00e0 proximit\u00e9 de l\u2019aire des Neuf Lieux<\/strong>, en direction de <a href=\"https:\/\/actu.fr\/grand-est\/nancy_54395\" target=\"_blank\" rel=\"noopener\">Nancy<\/a>. Sur place, les gendarmes interrogent le conducteur qui s\u2019est arr\u00eat\u00e9. \u00ab\u2009Il dit avoir percut\u00e9 quelque chose mais sans savoir ce que c\u2019est\u2009\u00bb, relate la <a href=\"https:\/\/actu.fr\/tag\/gendarmerie\" target=\"_blank\" rel=\"noopener\">gendarmerie<\/a>.<\/p>\n<p class=\" wall-content\">En avan\u00e7ant quelques centaines de m\u00e8tres plus loin, les militaires d\u00e9couvrent <strong>la victime inconsciente et en arr\u00eat cardio-respiratoire<\/strong>. Malgr\u00e9 l\u2019intervention des secours et les tentatives de r\u00e9animation, <strong>elle est d\u00e9clar\u00e9e d\u00e9c\u00e9d\u00e9e sur place<\/strong>.<\/p>\n<p class=\" wall-content\">D\u2019apr\u00e8s des t\u00e9moignages d\u2019automobilistes recueillis par la gendarmerie, <strong>l\u2019homme faisait du stop pour arr\u00eater les voitures<\/strong> au bord de la RN 57 avant d\u2019\u00eatre percut\u00e9. Une enqu\u00eate a \u00e9t\u00e9 ouverte.<\/p>\n<p class=\" wall-content\">Personnalisez votre actualit\u00e9 en ajoutant vos villes et m\u00e9dias en favori avec <a href=\"https:\/\/moncompte.actu.fr\" title=\"D\u00e9couvez Mon Actu\" rel=\"nofollow noopener\" data-trk=\"{&quot;cta&quot;:{&quot;action&quot;:&quot;https:\\\/\\\/moncompte.actu.fr&quot;,&quot;category&quot;:&quot;mon compte&quot;,&quot;from&quot;:&quot;article footer&quot;,&quot;name&quot;:&quot;Mon actu&quot;,&quot;type&quot;:&quot;cta&quot;}}\" target=\"_blank\">Mon Actu<\/a>.<\/p>\n","protected":false},"excerpt":{"rendered":"Par Paul-Emile Bouchy Publi\u00e9 le 30 d\u00e9c. 2025 \u00e0 9h55 Lundi 29\u00a0d\u00e9cembre 2025, un nouvel accident mortel a&hellip;\n","protected":false},"author":2,"featured_media":631059,"comment_status":"","ping_status":"","sticky":false,"template":"","format":"standard","meta":{"footnotes":""},"categories":[9635],"tags":[119,1111,11,1777,674,118,1011,27,3381,775,1702,12,25],"class_list":{"0":"post-631058","1":"post","2":"type-post","3":"status-publish","4":"format-standard","5":"has-post-thumbnail","7":"category-nancy","8":"tag-accident","9":"tag-actu","10":"tag-actualites","11":"tag-eu","12":"tag-europe","13":"tag-faits-divers","14":"tag-fr","15":"tag-france","16":"tag-gendarmerie","17":"tag-grand-est","18":"tag-nancy","19":"tag-news","20":"tag-republique-francaise"},"share_on_mastodon":{"url":"https:\/\/pubeurope.com\/@fr\/115811553293193560","error":""},"_links":{"self":[{"href":"https:\/\/www.europesays.com\/fr\/wp-json\/wp\/v2\/posts\/631058","targetHints":{"allow":["GET"]}}],"collection":[{"href":"https:\/\/www.europesays.com\/fr\/wp-json\/wp\/v2\/posts"}],"about":[{"href":"https:\/\/www.europesays.com\/fr\/wp-json\/wp\/v2\/types\/post"}],"author":[{"embeddable":true,"href":"https:\/\/www.europesays.com\/fr\/wp-json\/wp\/v2\/users\/2"}],"replies":[{"embeddable":true,"href":"https:\/\/www.europesays.com\/fr\/wp-json\/wp\/v2\/comments?post=631058"}],"version-history":[{"count":0,"href":"https:\/\/www.europesays.com\/fr\/wp-json\/wp\/v2\/posts\/631058\/revisions"}],"wp:featuredmedia":[{"embeddable":true,"href":"https:\/\/www.europesays.com\/fr\/wp-json\/wp\/v2\/media\/631059"}],"wp:attachment":[{"href":"https:\/\/www.europesays.com\/fr\/wp-json\/wp\/v2\/media?parent=631058"}],"wp:term":[{"taxonomy":"category","embeddable":true,"href":"https:\/\/www.europesays.com\/fr\/wp-json\/wp\/v2\/categories?post=631058"},{"taxonomy":"post_tag","embeddable":true,"href":"https:\/\/www.europesays.com\/fr\/wp-json\/wp\/v2\/tags?post=631058"}],"curies":[{"name":"wp","href":"https:\/\/api.w.org\/{rel}","templated":true}]}}