{"id":631080,"date":"2025-12-31T01:38:13","date_gmt":"2025-12-31T01:38:13","guid":{"rendered":"https:\/\/www.europesays.com\/fr\/631080\/"},"modified":"2025-12-31T01:38:13","modified_gmt":"2025-12-31T01:38:13","slug":"bordeaux-trois-mises-en-examen-apres-une-fusillade-mortelle-liee-au-narcotrafic","status":"publish","type":"post","link":"https:\/\/www.europesays.com\/fr\/631080\/","title":{"rendered":"Bordeaux\u00a0: trois mises en examen apr\u00e8s une fusillade mortelle li\u00e9e au narcotrafic"},"content":{"rendered":"<p>\u00c2g\u00e9s de 19, 20 et 24\u00a0ans et plac\u00e9s en d\u00e9tention provisoire, ils sont suspect\u00e9s de \u00ab\u00a0tentative de meurtre en bande organis\u00e9e au pr\u00e9judice de personnes non identifi\u00e9es \u00e0 ce stade\u00a0\u00bb, \u00ab\u00a0association de malfaiteurs\u00a0\u00bb et \u00ab\u00a0d\u00e9tention d\u2019armes en bande organis\u00e9e\u00a0\u00bb, a pr\u00e9cis\u00e9 devant la presse le procureur de la R\u00e9publique, Renaud Gaudeul.<\/p>\n<p>Arriv\u00e9s en train de Reims<\/p>\n<p>Deux d\u2019entre eux sont des fr\u00e8res originaires de Guyane et l\u2019un des trois a d\u00e9j\u00e0 \u00e9t\u00e9 condamn\u00e9 pour des infractions sur les armes.<\/p>\n<p>Condamn\u00e9e, pour sa part, \u00e0 plusieurs reprises pour des infractions \u00e0 la l\u00e9gislation sur les stup\u00e9fiants et sortie fin novembre de prison, la victime, \u00e2g\u00e9e de 19\u00a0ans et domicili\u00e9e \u00e0 Trappes (Yvelines), avait rejoint ses comparses, arriv\u00e9s en train de Reims, dans un logement de l\u2019agglom\u00e9ration bordelaise.<\/p>\n<p>Tous les quatre avaient \u00ab\u00a0r\u00e9pondu \u00e0 un appel d\u2019un individu (recherch\u00e9 par la police, NDLR) leur demandant de se rendre \u00e0 Bordeaux\u00a0\u00bb, o\u00f9 il leur a fourni une voiture vol\u00e9e pour se d\u00e9placer, a pr\u00e9cis\u00e9 le magistrat.<\/p>\n<p>Le 25\u00a0d\u00e9cembre au soir, ils se sont rendus sur une place du quartier populaire des Aubiers, o\u00f9 des coups de feu ont alors \u00e9clat\u00e9.<\/p>\n<p>Touch\u00e9 trois fois \u00e0 la t\u00eate<\/p>\n<p>La victime qui portait un gilet pare-balles, des gants et une cagoule, a \u00e9t\u00e9 touch\u00e9e \u00e0 trois reprises \u00e0 la t\u00eate, au niveau de l\u2019abdomen et \u00e0 une cuisse. \u00ab\u00a0Le ou les auteurs\u00a0\u00bb de ces tirs mortels ne sont \u00ab\u00a0pas encore identifi\u00e9s\u00a0\u00bb, a soulign\u00e9 Renaud Gaudeul.<\/p>\n<p>Un fusil automatique a \u00e9t\u00e9 retrouv\u00e9 \u00e0 proximit\u00e9 de la voiture abandonn\u00e9e dans leur fuite par les mis en cause, interpell\u00e9s le soir m\u00eame, tandis qu\u2019un fusil \u00e0 pompe et des munitions ont \u00e9t\u00e9 saisis dans un immeuble du quartier.<\/p>\n<p>\u00ab\u00a0La piste largement privil\u00e9gi\u00e9e est celle d\u2019un lien avec le trafic de produits stup\u00e9fiants, compte tenu du mode op\u00e9ratoire\u00a0\u00bb et du lieu des faits, \u00ab\u00a0connu comme \u00e9tant un point de deal qu\u2019il est particuli\u00e8rement difficile d\u2019\u00e9radiquer\u00a0\u00bb, a point\u00e9 le procureur, ajoutant que l\u2019implication de personnes venues d\u2019autres r\u00e9gions \u00e9tant un ph\u00e9nom\u00e8ne r\u00e9cemment observ\u00e9 \u00e0 Bordeaux.<\/p>\n","protected":false},"excerpt":{"rendered":"\u00c2g\u00e9s de 19, 20 et 24\u00a0ans et plac\u00e9s en d\u00e9tention provisoire, ils sont suspect\u00e9s de \u00ab\u00a0tentative de meurtre&hellip;\n","protected":false},"author":2,"featured_media":631081,"comment_status":"","ping_status":"","sticky":false,"template":"","format":"standard","meta":{"footnotes":""},"categories":[2817],"tags":[1111,11,1997,1777,674,1011,27,12,2219,25],"class_list":{"0":"post-631080","1":"post","2":"type-post","3":"status-publish","4":"format-standard","5":"has-post-thumbnail","7":"category-bordeaux","8":"tag-actu","9":"tag-actualites","10":"tag-bordeaux","11":"tag-eu","12":"tag-europe","13":"tag-fr","14":"tag-france","15":"tag-news","16":"tag-nouvelle-aquitaine","17":"tag-republique-francaise"},"share_on_mastodon":{"url":"https:\/\/pubeurope.com\/@fr\/115811628042743692","error":""},"_links":{"self":[{"href":"https:\/\/www.europesays.com\/fr\/wp-json\/wp\/v2\/posts\/631080","targetHints":{"allow":["GET"]}}],"collection":[{"href":"https:\/\/www.europesays.com\/fr\/wp-json\/wp\/v2\/posts"}],"about":[{"href":"https:\/\/www.europesays.com\/fr\/wp-json\/wp\/v2\/types\/post"}],"author":[{"embeddable":true,"href":"https:\/\/www.europesays.com\/fr\/wp-json\/wp\/v2\/users\/2"}],"replies":[{"embeddable":true,"href":"https:\/\/www.europesays.com\/fr\/wp-json\/wp\/v2\/comments?post=631080"}],"version-history":[{"count":0,"href":"https:\/\/www.europesays.com\/fr\/wp-json\/wp\/v2\/posts\/631080\/revisions"}],"wp:featuredmedia":[{"embeddable":true,"href":"https:\/\/www.europesays.com\/fr\/wp-json\/wp\/v2\/media\/631081"}],"wp:attachment":[{"href":"https:\/\/www.europesays.com\/fr\/wp-json\/wp\/v2\/media?parent=631080"}],"wp:term":[{"taxonomy":"category","embeddable":true,"href":"https:\/\/www.europesays.com\/fr\/wp-json\/wp\/v2\/categories?post=631080"},{"taxonomy":"post_tag","embeddable":true,"href":"https:\/\/www.europesays.com\/fr\/wp-json\/wp\/v2\/tags?post=631080"}],"curies":[{"name":"wp","href":"https:\/\/api.w.org\/{rel}","templated":true}]}}