{"id":631082,"date":"2025-12-31T01:39:12","date_gmt":"2025-12-31T01:39:12","guid":{"rendered":"https:\/\/www.europesays.com\/fr\/631082\/"},"modified":"2025-12-31T01:39:12","modified_gmt":"2025-12-31T01:39:12","slug":"le-meurtrier-toujours-recherche-trois-suspects-mis-en-examen-et-ecroues","status":"publish","type":"post","link":"https:\/\/www.europesays.com\/fr\/631082\/","title":{"rendered":"le meurtrier toujours recherch\u00e9, trois suspects mis en examen et \u00e9crou\u00e9s"},"content":{"rendered":"<p>Ce 30\u00a0d\u00e9cembre, lors d\u2019une conf\u00e9rence de presse, le magistrat s\u2019est exprim\u00e9 sur cette affaire dans laquelle trois premiers suspects de 19, 20 et 24\u00a0ans, dont deux fr\u00e8res, tous originaires de Reims (Marne), ont \u00e9t\u00e9 mis en examen pour \u00ab\u00a0tentative de meurtre en bande organis\u00e9e\u00a0\u00bb, \u00ab\u00a0association de malfaiteurs\u00a0\u00bb, \u00ab\u00a0acquisition, d\u00e9tention et transport d\u2019armes en bande organis\u00e9e\u00a0\u00bb et plac\u00e9s en d\u00e9tention provisoire lundi.<\/p>\n<blockquote><p>Les investigations se poursuivent pour identifier et retrouver le ou les auteurs des tirs\u00a0\u00bb<\/p><\/blockquote>\n<p>Ils n\u2019ont pas \u00e9t\u00e9 mis en examen pour \u00ab\u00a0meurtre en bande organis\u00e9e\u00a0\u00bb sur la victime d\u00e9c\u00e9d\u00e9e, un crime \u00e9galement vis\u00e9 dans l\u2019information judiciaire ouverte par le parquet qui a saisi la juridiction interr\u00e9gionale sp\u00e9cialis\u00e9e de Bordeaux. \u00ab\u00a0\u00c0 ce stade, nous ne consid\u00e9rons pas qu\u2019ils sont les auteurs de l\u2019homicide, mais qu\u2019ils accompagnaient la victime. Les investigations se poursuivent pour identifier et retrouver le ou les auteurs des tirs qui l\u2019ont atteinte\u00a0\u00bb, explique le procureur. L\u2019enqu\u00eate est confi\u00e9e \u00e0 la division de la criminalit\u00e9 organis\u00e9e et sp\u00e9cialis\u00e9e (DCOS).<\/p>\n<p>        <img decoding=\"async\" id=\"27248439\" src=\"https:\/\/www.europesays.com\/fr\/wp-content\/uploads\/2025\/12\/20251230164027-davt8624.jpg\" alt=\"Le procureur de la R\u00e9publique de Bordeaux, Renaud Gaudeul, s\u2019est exprim\u00e9 sur cette affaire lors d\u2019une conf\u00e9rence de presse ce 30\u00a0d\u00e9cembre.\" itemprop=\"contentURL\"\/><\/p>\n<p>    Le procureur de la R\u00e9publique de Bordeaux, Renaud Gaudeul, s\u2019est exprim\u00e9 sur cette affaire lors d\u2019une conf\u00e9rence de presse ce 30\u00a0d\u00e9cembre.<\/p>\n<p>Thierry DAVID \/ SO<\/p>\n<p>    Gilet pare-balles, cagoules\u2026<\/p>\n<p>Les faits sont survenus vers 22\u00a0h\u00a045, le 25\u00a0d\u00e9cembre, sur la place Ginette-Neveu, connue pour \u00eatre un point de deal. Un t\u00e9moin a rapidement donn\u00e9 l\u2019alerte et d\u00e9crit une M\u00e9gane\u00a0RS surgissant sur les lieux, des coups de feu et une fuite pr\u00e9cipit\u00e9e. Policiers et secours ont d\u00e9couvert le jeune de 19\u00a0ans, tr\u00e8s gri\u00e8vement bless\u00e9 \u00e0 la t\u00eate, portant un gilet pare-balles, une cagoule et des gants scotch\u00e9s aux manches. Transport\u00e9 au CHU de Bordeaux, il est mort le 26\u00a0d\u00e9cembre.<\/p>\n<p>L\u2019autopsie a r\u00e9v\u00e9l\u00e9 trois plaies\u00a0: une mortelle au cr\u00e2ne, une \u00e0 l\u2019abdomen et une \u00e0 la cuisse avec la d\u00e9couverte d\u2019une ogive. Cet habitant de Trappes, sans emploi, avait d\u00e9j\u00e0 \u00e9t\u00e9 condamn\u00e9 \u00e0 cinq reprises dans des affaires de stups. Il \u00e9tait sorti de prison le 28\u00a0novembre.<\/p>\n<p>Tr\u00e8s vite, d\u2019importants moyens de police ont \u00e9t\u00e9 d\u00e9ploy\u00e9s. La nuit m\u00eame, la M\u00e9gane\u00a0RS a \u00e9t\u00e9 retrouv\u00e9e abandonn\u00e9e, moteur tournant et porti\u00e8res ouvertes, \u00e0 Bruges. Le v\u00e9hicule \u00e9tait faussement plaqu\u00e9 et d\u00e9clar\u00e9 vol\u00e9 depuis novembre \u00e0 Saint-R\u00e9my-l\u00e8s-Chevreuse (Yvelines). Dans un jardin \u00e0 proximit\u00e9, ont \u00e9t\u00e9 d\u00e9couverts un fusil AR-15 avec un chargeur et des munitions.<\/p>\n<p>Quelques minutes plus tard, intrigu\u00e9s par l\u2019\u00e9trange comportement de deux passagers d\u2019un VTC, des policiers ont interpell\u00e9 les deux premiers suspects\u00a0: des hommes de 20 et 24\u00a0ans, originaires de Reims. Le troisi\u00e8me a \u00e9t\u00e9 retrouv\u00e9 gr\u00e2ce \u00e0 l\u2019exploitation des donn\u00e9es du chauffeur VTC qui devait se rendre \u00e0 l\u2019adresse d\u2019un Airbnb, \u00e0 Artigues-pr\u00e8s-Bordeaux.<\/p>\n<blockquote><p>Selon leurs d\u00e9clarations, ils sont sortis arm\u00e9s du v\u00e9hicule et ont \u00e9t\u00e9 pris pour cible par au moins un individu. C\u2019est alors que la victime aurait \u00e9t\u00e9 touch\u00e9e et que les trois autres se sont enfuis\u00a0\u00bb<\/p><\/blockquote>\n<p>Le 26\u00a0d\u00e9cembre, des policiers s\u2019y sont pr\u00e9sent\u00e9s. Un gar\u00e7on de 19\u00a0ans, lui aussi de Reims, leur a ouvert la porte, v\u00eatu d\u2019un gilet pare-balles et d\u2019une cagoule. Des \u00e9l\u00e9ments d\u2019armes et des cartouches ont \u00e9t\u00e9 trouv\u00e9s dans le logement. \u00ab\u00a0D\u2019autres perquisitions ont \u00e9t\u00e9 men\u00e9es. Chez le d\u00e9funt, \u00e0 Trappes, o\u00f9 un pistolet 6.35 et un fusil \u00e0 pompe ont \u00e9t\u00e9 saisis. Des fouilles ont \u00e9t\u00e9 r\u00e9alis\u00e9es dans des parties communes aux Aubiers o\u00f9 un fusil \u00e0 pompe, tr\u00e8s ressemblant \u00e0 celui recherch\u00e9 dans notre dossier, et quatre cartouches, dont une chambr\u00e9e, ont \u00e9t\u00e9 d\u00e9couverts\u00a0\u00bb, pr\u00e9cise le procureur.<\/p>\n<p>Arriv\u00e9s \u00e0 Bordeaux la veille<\/p>\n<p>En garde \u00e0 vue, les trois R\u00e9mois ont affirm\u00e9 \u00ab\u00a0\u00eatre arriv\u00e9s \u00e0 Bordeaux le 24\u00a0d\u00e9cembre, en train, apr\u00e8s avoir r\u00e9pondu \u00e0 un appel d\u2019un individu qui leur aurait fourni les moyens et le transport\u00a0\u00bb, d\u00e9taille le procureur. \u00c0 destination, ils auraient \u00e9t\u00e9 pris en charge et emmen\u00e9s \u00e0 l\u2019Airbnb o\u00f9 la victime les aurait rejoints. Les armes, gilets pare-balles et cagoules leur auraient \u00e9t\u00e9 fournis avant leur d\u00e9part pour les Aubiers.<\/p>\n<p>\u00ab\u00a0Selon leurs d\u00e9clarations, ils sont sortis arm\u00e9s du v\u00e9hicule et ont \u00e9t\u00e9 pris pour cible par au moins un individu. C\u2019est alors que la victime aurait \u00e9t\u00e9 touch\u00e9e et que les trois autres se sont enfuis\u00a0\u00bb, ajoute Renaud Gaudeul, pr\u00e9cisant que \u00ab\u00a0plusieurs points doivent \u00eatre v\u00e9rifi\u00e9s, les versions n\u2019\u00e9tant pas concordantes sur l\u2019emploi des armes\u00a0\u00bb.<\/p>\n<blockquote><p>La raison pr\u00e9cise de leur venue reste \u00e0 d\u00e9terminer m\u00eame si un lien avec le trafic de stup\u00e9fiants est largement privil\u00e9gi\u00e9\u00a0\u00bb<\/p><\/blockquote>\n<p>Quel \u00e9tait le mobile\u00a0? Qui sont les commanditaires et interm\u00e9diaires\u00a0? Qui \u00e9tait vis\u00e9\u00a0? \u00ab\u00a0Les investigations ne font que d\u00e9buter. De nombreuses zones d\u2019ombre persistent, souligne le magistrat. La raison pr\u00e9cise de leur venue reste \u00e0 d\u00e9terminer m\u00eame si un lien avec le trafic de stup\u00e9fiants est largement privil\u00e9gi\u00e9.\u00a0\u00bb La piste d\u2019un contrat n\u2019est pas exclue.<\/p>\n","protected":false},"excerpt":{"rendered":"Ce 30\u00a0d\u00e9cembre, lors d\u2019une conf\u00e9rence de presse, le magistrat s\u2019est exprim\u00e9 sur cette affaire dans laquelle trois premiers&hellip;\n","protected":false},"author":2,"featured_media":631083,"comment_status":"","ping_status":"","sticky":false,"template":"","format":"standard","meta":{"footnotes":""},"categories":[2817],"tags":[1111,11,1997,1777,674,1011,27,12,2219,25],"class_list":{"0":"post-631082","1":"post","2":"type-post","3":"status-publish","4":"format-standard","5":"has-post-thumbnail","7":"category-bordeaux","8":"tag-actu","9":"tag-actualites","10":"tag-bordeaux","11":"tag-eu","12":"tag-europe","13":"tag-fr","14":"tag-france","15":"tag-news","16":"tag-nouvelle-aquitaine","17":"tag-republique-francaise"},"share_on_mastodon":{"url":"https:\/\/pubeurope.com\/@fr\/115811632033434517","error":""},"_links":{"self":[{"href":"https:\/\/www.europesays.com\/fr\/wp-json\/wp\/v2\/posts\/631082","targetHints":{"allow":["GET"]}}],"collection":[{"href":"https:\/\/www.europesays.com\/fr\/wp-json\/wp\/v2\/posts"}],"about":[{"href":"https:\/\/www.europesays.com\/fr\/wp-json\/wp\/v2\/types\/post"}],"author":[{"embeddable":true,"href":"https:\/\/www.europesays.com\/fr\/wp-json\/wp\/v2\/users\/2"}],"replies":[{"embeddable":true,"href":"https:\/\/www.europesays.com\/fr\/wp-json\/wp\/v2\/comments?post=631082"}],"version-history":[{"count":0,"href":"https:\/\/www.europesays.com\/fr\/wp-json\/wp\/v2\/posts\/631082\/revisions"}],"wp:featuredmedia":[{"embeddable":true,"href":"https:\/\/www.europesays.com\/fr\/wp-json\/wp\/v2\/media\/631083"}],"wp:attachment":[{"href":"https:\/\/www.europesays.com\/fr\/wp-json\/wp\/v2\/media?parent=631082"}],"wp:term":[{"taxonomy":"category","embeddable":true,"href":"https:\/\/www.europesays.com\/fr\/wp-json\/wp\/v2\/categories?post=631082"},{"taxonomy":"post_tag","embeddable":true,"href":"https:\/\/www.europesays.com\/fr\/wp-json\/wp\/v2\/tags?post=631082"}],"curies":[{"name":"wp","href":"https:\/\/api.w.org\/{rel}","templated":true}]}}