{"id":631093,"date":"2025-12-31T01:46:12","date_gmt":"2025-12-31T01:46:12","guid":{"rendered":"https:\/\/www.europesays.com\/fr\/631093\/"},"modified":"2025-12-31T01:46:12","modified_gmt":"2025-12-31T01:46:12","slug":"la-galette-party-a-lyon","status":"publish","type":"post","link":"https:\/\/www.europesays.com\/fr\/631093\/","title":{"rendered":"La Galette Party \u00e0 Lyon"},"content":{"rendered":"<p>Rendez-vous dimanche 4 janvier 2026 de 10h \u00e0 18h \u00e0 In-Sted \u00e0 Lyon.<\/p>\n<p>Vous cherchez depuis longtemps la meilleure galette des rois de Lyon ? Inutile d&rsquo;aller plus loin : vous l&rsquo;avez trouv\u00e9e.<\/p>\n<p>Pour la premi\u00e8re fois, place \u00e0 la Galette Party : une d\u00e9gustation imagin\u00e9e comme l&rsquo;\u00e9v\u00e9nement incontournable de la frangipane. Un v\u00e9ritable terrain de jeu pour les amoureux de galette, un paradis pour les gourmands exigeants, et une f\u00eate o\u00f9 le plaisir n&rsquo;est jamais pris \u00e0 la l\u00e9g\u00e8re.<\/p>\n<p>Attendez-vous \u00e0 du feuilletage ultra-croustillant, des saveurs fondantes et beaucoup d&rsquo;\u00e9merveillement\u2026 Une chose est s\u00fbre : vous ne voudrez pas passer \u00e0 c\u00f4t\u00e9.<\/p>\n<p>12 artisans d&rsquo;exception, une seule mission : vous faire plaisir<br \/>Pour cette toute premi\u00e8re Galette Party lyonnaise, nous avons r\u00e9uni un casting d&rsquo;exception :<br \/>12 virtuoses du feuilletage,<br \/>12 passionn\u00e9s de cr\u00e8me d&rsquo;amandes,<br \/>12 artisans qui mettent talent, g\u00e9n\u00e9rosit\u00e9 et cr\u00e9ativit\u00e9 dans chacune de leurs galettes.<\/p>\n<p>Ils seront tous au rendez-vous pour vous r\u00e9galer :<br \/>S\u00e8ve, Antoinette, Alma, Dorner Fr\u00e8res, Mariller, Mosa\u00efque, Sipr\u00e8s P\u00e2tisserie, Caroline Hubert, , Little Petits G\u00e2teaux, Le Pain et Jo, La, Vaina, Le Kitchen<\/p>\n<p>Chacun viendra partager ses galettes, son savoir-faire et les secrets de fabrication qui font toute la diff\u00e9rence. Un moment parfait pour les passionn\u00e9s de p\u00e2tisserie, les curieux\u2026 et tous ceux qui aiment vraiment bien manger.<\/p>\n<p>La Galette Party : un \u00e9v\u00e9nement chaleureux et familial<\/p>\n<p>Parce qu&rsquo;une f\u00eate r\u00e9ussie doit \u00e9merveiller autant les enfants que les adultes, la Galette Party va bien au-del\u00e0 de la simple d\u00e9gustation.<\/p>\n<p>Au programme :<\/p>\n<p>&#8211; Un atelier de d\u00e9coration de f\u00e8ves en c\u00e9ramique, anim\u00e9 par Charlotte Roy<br \/>&#8211; Un atelier de fabrication de galettes des rois, anim\u00e9 par Nos P&rsquo;tits Chefs<br \/>De quoi initier les plus jeunes \u00e0 la p\u00e2tisserie et cr\u00e9er de d\u00e9licieux souvenirs \u00e0 partager en famille.<br \/>&#8211; Une Galette Party pens\u00e9e avec passion (et beaucoup de gourmandise)<\/p>\n<p><b>La Galette Party n&rsquo;est pas un \u00e9v\u00e9nement improvis\u00e9.<\/b><\/p>\n<p>C&rsquo;est un projet imagin\u00e9 avec amour, construit autour de la gourmandise, et con\u00e7u pour mettre \u00e0 l&rsquo;honneur le savoir-faire lyonnais, les artisans que l&rsquo;on admire, et surtout\u2026 le plaisir simple de partager une bonne galette.<\/p>\n<p>Rendez-vous dimanche 4 janvier 2026 de 10h \u00e0 18h \u00e0 In-Sted \u00e0 Lyon<\/p>\n<p>Infos pratiques :<br \/>&#8211; Adresse : In-Sted, 6 rue de la Part-Dieu, 69003 Lyon<br \/>-Horaire : 10h \u00e0 18h<br \/>Tarifs : 18\u20ac Pass 6 parts \/ 35\u20ac Pass d\u00e9gustation illimit\u00e9e <\/p>\n<p>R\u00e9servation sur le site <a class=\"url\" href=\"https:\/\/www.inside-lyon.com\/galette-party-lyon-degustation-galettes-des-rois\" target=\"_blank\" rel=\"noopener\">inside-lyon.com<\/a><\/p>\n<p><\/p>\n","protected":false},"excerpt":{"rendered":"Rendez-vous dimanche 4 janvier 2026 de 10h \u00e0 18h \u00e0 In-Sted \u00e0 Lyon. Vous cherchez depuis longtemps la&hellip;\n","protected":false},"author":2,"featured_media":631094,"comment_status":"","ping_status":"","sticky":false,"template":"","format":"standard","meta":{"footnotes":""},"categories":[1889],"tags":[1111,11,18004,2430,20508,1777,674,1011,27,68118,73985,72110,2428,12,25],"class_list":{"0":"post-631093","1":"post","2":"type-post","3":"status-publish","4":"format-standard","5":"has-post-thumbnail","7":"category-lyon","8":"tag-actu","9":"tag-actualites","10":"tag-artisans","11":"tag-auvergne-rhone-alpes","12":"tag-dgustation","13":"tag-eu","14":"tag-europe","15":"tag-fr","16":"tag-france","17":"tag-galette","18":"tag-galette-party","19":"tag-gourmandises","20":"tag-lyon","21":"tag-news","22":"tag-republique-francaise"},"share_on_mastodon":{"url":"https:\/\/pubeurope.com\/@fr\/115811659586960248","error":""},"_links":{"self":[{"href":"https:\/\/www.europesays.com\/fr\/wp-json\/wp\/v2\/posts\/631093","targetHints":{"allow":["GET"]}}],"collection":[{"href":"https:\/\/www.europesays.com\/fr\/wp-json\/wp\/v2\/posts"}],"about":[{"href":"https:\/\/www.europesays.com\/fr\/wp-json\/wp\/v2\/types\/post"}],"author":[{"embeddable":true,"href":"https:\/\/www.europesays.com\/fr\/wp-json\/wp\/v2\/users\/2"}],"replies":[{"embeddable":true,"href":"https:\/\/www.europesays.com\/fr\/wp-json\/wp\/v2\/comments?post=631093"}],"version-history":[{"count":0,"href":"https:\/\/www.europesays.com\/fr\/wp-json\/wp\/v2\/posts\/631093\/revisions"}],"wp:featuredmedia":[{"embeddable":true,"href":"https:\/\/www.europesays.com\/fr\/wp-json\/wp\/v2\/media\/631094"}],"wp:attachment":[{"href":"https:\/\/www.europesays.com\/fr\/wp-json\/wp\/v2\/media?parent=631093"}],"wp:term":[{"taxonomy":"category","embeddable":true,"href":"https:\/\/www.europesays.com\/fr\/wp-json\/wp\/v2\/categories?post=631093"},{"taxonomy":"post_tag","embeddable":true,"href":"https:\/\/www.europesays.com\/fr\/wp-json\/wp\/v2\/tags?post=631093"}],"curies":[{"name":"wp","href":"https:\/\/api.w.org\/{rel}","templated":true}]}}