{"id":631095,"date":"2025-12-31T01:47:15","date_gmt":"2025-12-31T01:47:15","guid":{"rendered":"https:\/\/www.europesays.com\/fr\/631095\/"},"modified":"2025-12-31T01:47:15","modified_gmt":"2025-12-31T01:47:15","slug":"ce-que-lon-sait-du-conducteur-mis-en-cause","status":"publish","type":"post","link":"https:\/\/www.europesays.com\/fr\/631095\/","title":{"rendered":"ce que l&rsquo;on sait du conducteur mis en cause"},"content":{"rendered":"<p>                    Par<br \/>\n        <strong><br \/>\n            <a href=\"https:\/\/actu.fr\/auteur\/anthony-soudani\" title=\"Consulter tous les articles de Anthony Soudani\" target=\"_blank\" rel=\"noopener\">Anthony Soudani<\/a><br \/>\n                    <\/strong><\/p>\n<p>        Publi\u00e9 le<\/p>\n<p>            30 d\u00e9c. 2025 \u00e0 18h42<br \/>\n        ; mis \u00e0 jour le 30 d\u00e9c. 2025 \u00e0 18h54    <\/p>\n<p>Le <a href=\"https:\/\/actu.fr\/auvergne-rhone-alpes\/lyon_69123\/lyon-terrible-accident-sur-la-m7-une-femme-tuee-dans-le-choc-plusieurs-victimes_63633245.html\" target=\"_blank\" rel=\"noopener\">terrible accident qui a co\u00fbt\u00e9 la vie \u00e0 une femme de 48 ans<\/a> sur la M7 lundi soir pourrait rapidement trouver des r\u00e9ponses quant \u00e0 sa cause. Le parquet de Lyon informe la r\u00e9daction d\u2019actu Lyon qu\u2019une <strong>enqu\u00eate des chefs d\u2019homicide routier aggrav\u00e9<\/strong> et blessures routi\u00e8res aggrav\u00e9es est en cours.\u00a0<\/p>\n<p>Du protoxyde d\u2019azote retrouv\u00e9 dans le v\u00e9hicule du conducteur mis en cause<\/p>\n<p class=\" wall-content\">Le conducteur du v\u00e9hicule qui a percut\u00e9 celui de la passag\u00e8re d\u00e9c\u00e9d\u00e9e a \u00e9t\u00e9 plac\u00e9 en garde \u00e0 vue. Des bonbonnes de protoxyde d\u2019azote ont \u00e9t\u00e9 retrouv\u00e9es <strong>dans la voiture de cet homme \u00e2g\u00e9 de 20 ans<\/strong>, d\u2019apr\u00e8s les informations du procureur de la R\u00e9publique.<\/p>\n<p class=\" wall-content\">Les trois autres occupants du v\u00e9hicule, des membres de la famille de la passag\u00e8re tu\u00e9e, ont, quant \u00e0 eux, \u00e9t\u00e9 bless\u00e9s. Un homme \u00e2g\u00e9 d\u2019une cinquantaine d\u2019ann\u00e9es et deux jeunes \u00e2g\u00e9s d\u2019environ 25 ans se trouvaient \u00e0 bord.<\/p>\n<p>La voiture de la famille violemment percut\u00e9e par derri\u00e8re<\/p>\n<p class=\" wall-content\">Les passagers du v\u00e9hicule, qui a <strong>violemment percut\u00e9 la voiture de la famille par derri\u00e8re<\/strong>, ont \u00e9galement \u00e9t\u00e9 bless\u00e9s.\u00a0<\/p>\n<p class=\" wall-content\">\u00ab\u00a0L\u2019enqu\u00eate se poursuit pour d\u00e9terminer les circonstances pr\u00e9cises de cet accident\u00a0\u00bb, nous pr\u00e9cise le parquet de <a href=\"https:\/\/actu.fr\/lyon\/\" target=\"_blank\" rel=\"noopener\">Lyon<\/a>.<\/p>\n<p class=\" wall-content\">Personnalisez votre actualit\u00e9 en ajoutant vos villes et m\u00e9dias en favori avec <a href=\"https:\/\/moncompte.actu.fr\" title=\"D\u00e9couvez Mon Actu\" rel=\"nofollow noopener\" data-trk=\"{&quot;cta&quot;:{&quot;action&quot;:&quot;https:\\\/\\\/moncompte.actu.fr&quot;,&quot;category&quot;:&quot;mon compte&quot;,&quot;from&quot;:&quot;article footer&quot;,&quot;name&quot;:&quot;Mon actu&quot;,&quot;type&quot;:&quot;cta&quot;}}\" target=\"_blank\">Mon Actu<\/a>.<\/p>\n","protected":false},"excerpt":{"rendered":"Par Anthony Soudani Publi\u00e9 le 30 d\u00e9c. 2025 \u00e0 18h42 ; mis \u00e0 jour le 30 d\u00e9c. 2025&hellip;\n","protected":false},"author":2,"featured_media":631096,"comment_status":"","ping_status":"","sticky":false,"template":"","format":"standard","meta":{"footnotes":""},"categories":[1889],"tags":[119,1111,11,6423,2430,1777,674,118,1011,27,2428,12,25],"class_list":{"0":"post-631095","1":"post","2":"type-post","3":"status-publish","4":"format-standard","5":"has-post-thumbnail","7":"category-lyon","8":"tag-accident","9":"tag-actu","10":"tag-actualites","11":"tag-autoroute-7-a7","12":"tag-auvergne-rhone-alpes","13":"tag-eu","14":"tag-europe","15":"tag-faits-divers","16":"tag-fr","17":"tag-france","18":"tag-lyon","19":"tag-news","20":"tag-republique-francaise"},"share_on_mastodon":{"url":"https:\/\/pubeurope.com\/@fr\/115811663397216506","error":""},"_links":{"self":[{"href":"https:\/\/www.europesays.com\/fr\/wp-json\/wp\/v2\/posts\/631095","targetHints":{"allow":["GET"]}}],"collection":[{"href":"https:\/\/www.europesays.com\/fr\/wp-json\/wp\/v2\/posts"}],"about":[{"href":"https:\/\/www.europesays.com\/fr\/wp-json\/wp\/v2\/types\/post"}],"author":[{"embeddable":true,"href":"https:\/\/www.europesays.com\/fr\/wp-json\/wp\/v2\/users\/2"}],"replies":[{"embeddable":true,"href":"https:\/\/www.europesays.com\/fr\/wp-json\/wp\/v2\/comments?post=631095"}],"version-history":[{"count":0,"href":"https:\/\/www.europesays.com\/fr\/wp-json\/wp\/v2\/posts\/631095\/revisions"}],"wp:featuredmedia":[{"embeddable":true,"href":"https:\/\/www.europesays.com\/fr\/wp-json\/wp\/v2\/media\/631096"}],"wp:attachment":[{"href":"https:\/\/www.europesays.com\/fr\/wp-json\/wp\/v2\/media?parent=631095"}],"wp:term":[{"taxonomy":"category","embeddable":true,"href":"https:\/\/www.europesays.com\/fr\/wp-json\/wp\/v2\/categories?post=631095"},{"taxonomy":"post_tag","embeddable":true,"href":"https:\/\/www.europesays.com\/fr\/wp-json\/wp\/v2\/tags?post=631095"}],"curies":[{"name":"wp","href":"https:\/\/api.w.org\/{rel}","templated":true}]}}