{"id":631100,"date":"2025-12-31T01:51:15","date_gmt":"2025-12-31T01:51:15","guid":{"rendered":"https:\/\/www.europesays.com\/fr\/631100\/"},"modified":"2025-12-31T01:51:15","modified_gmt":"2025-12-31T01:51:15","slug":"previsions-du-mercredi-31-decembre-2025","status":"publish","type":"post","link":"https:\/\/www.europesays.com\/fr\/631100\/","title":{"rendered":"pr\u00e9visions du mercredi 31 d\u00e9cembre 2025"},"content":{"rendered":"<p>Un beau soleil est attendu aujourd&rsquo;hui \u00e0 Paris. Les temp\u00e9ratures seront de 3\u00b0C. Les Parisiens vont avoir froid le matin : les temp\u00e9ratures ne vont pas d\u00e9passer 3\u00b0C. On pr\u00e9voit des valeurs avoisinant 1\u00b0C. Un petit vent de nord-est sera ressenti par les habitants. Les Parisiens vont avoir froid l&rsquo;apr\u00e8s-midi : les temp\u00e9ratures ne vont pas d\u00e9passer 5\u00b0C. L&rsquo;hiver sera bien au rendez-vous puisque les temp\u00e9ratures seront quand m\u00eame de 2\u00b0C au plus bas et de 5\u00b0C au maximum. Des \u00e9claircies feront leur apparition dans la soir\u00e9e. Les valeurs afficheront entre 1 et 2\u00b0C, un temps bel et bien de saison. C&rsquo;est un ciel limpide que conna\u00eetra la nuit de mercredi \u00e0 jeudi.<\/p>\n<p>Les Parisiens vont avoir froid demain : les temp\u00e9ratures ne vont pas d\u00e9passer 5\u00b0C. L&rsquo;hiver se fait sentir \u00e0 Paris : les temp\u00e9ratures seront comprises entre 0 et 5\u00b0C. Un vent de sud-ouest rafra\u00eechira un peu l&rsquo;atmosph\u00e8re. C&rsquo;est un soleil radieux qui va se montrer le matin. Il va faire froid avec des valeurs qui s&rsquo;\u00e9chelonneront entre 0 et 3\u00b0C. Le soleil manquera demain apr\u00e8s-midi, car le ciel sera couvert par des nuages. Les temp\u00e9ratures afficheront entre 3\u00b0C et 5\u00b0C, rappelant l&rsquo;hiver au bon souvenir des habitants. On notera la pr\u00e9sence persistante de nuages demain soir. Des pluies \u00e9parses tomberont.<\/p>\n<p>Pour les prochains jours, la m\u00e9t\u00e9o ne changera pas. Il fera -1\u00b0C en moyenne pour des journ\u00e9es avec un ciel ensoleill\u00e9.<\/p>\n<p><\/p>\n","protected":false},"excerpt":{"rendered":"Un beau soleil est attendu aujourd&rsquo;hui \u00e0 Paris. Les temp\u00e9ratures seront de 3\u00b0C. Les Parisiens vont avoir froid&hellip;\n","protected":false},"author":2,"featured_media":631101,"comment_status":"","ping_status":"","sticky":false,"template":"","format":"standard","meta":{"footnotes":""},"categories":[1888],"tags":[1111,1928,11,1927,1777,674,1011,27,12,1926,626,1925,2119,25],"class_list":{"0":"post-631100","1":"post","2":"type-post","3":"status-publish","4":"format-standard","5":"has-post-thumbnail","7":"category-paris","8":"tag-actu","9":"tag-actu-paris","10":"tag-actualites","11":"tag-actualites-paris","12":"tag-eu","13":"tag-europe","14":"tag-fr","15":"tag-france","16":"tag-news","17":"tag-news-paris","18":"tag-paris","19":"tag-paris-news","20":"tag-previsions-meteo","21":"tag-republique-francaise"},"share_on_mastodon":{"url":"https:\/\/pubeurope.com\/@fr\/115811679190058206","error":""},"_links":{"self":[{"href":"https:\/\/www.europesays.com\/fr\/wp-json\/wp\/v2\/posts\/631100","targetHints":{"allow":["GET"]}}],"collection":[{"href":"https:\/\/www.europesays.com\/fr\/wp-json\/wp\/v2\/posts"}],"about":[{"href":"https:\/\/www.europesays.com\/fr\/wp-json\/wp\/v2\/types\/post"}],"author":[{"embeddable":true,"href":"https:\/\/www.europesays.com\/fr\/wp-json\/wp\/v2\/users\/2"}],"replies":[{"embeddable":true,"href":"https:\/\/www.europesays.com\/fr\/wp-json\/wp\/v2\/comments?post=631100"}],"version-history":[{"count":0,"href":"https:\/\/www.europesays.com\/fr\/wp-json\/wp\/v2\/posts\/631100\/revisions"}],"wp:featuredmedia":[{"embeddable":true,"href":"https:\/\/www.europesays.com\/fr\/wp-json\/wp\/v2\/media\/631101"}],"wp:attachment":[{"href":"https:\/\/www.europesays.com\/fr\/wp-json\/wp\/v2\/media?parent=631100"}],"wp:term":[{"taxonomy":"category","embeddable":true,"href":"https:\/\/www.europesays.com\/fr\/wp-json\/wp\/v2\/categories?post=631100"},{"taxonomy":"post_tag","embeddable":true,"href":"https:\/\/www.europesays.com\/fr\/wp-json\/wp\/v2\/tags?post=631100"}],"curies":[{"name":"wp","href":"https:\/\/api.w.org\/{rel}","templated":true}]}}