{"id":631108,"date":"2025-12-31T01:55:20","date_gmt":"2025-12-31T01:55:20","guid":{"rendered":"https:\/\/www.europesays.com\/fr\/631108\/"},"modified":"2025-12-31T01:55:20","modified_gmt":"2025-12-31T01:55:20","slug":"guerre-en-ukraine-lukraine-rejette-les-accusations-russes-moscou-ne-fournit-aucune-preuve-dune-attaque-de-drone","status":"publish","type":"post","link":"https:\/\/www.europesays.com\/fr\/631108\/","title":{"rendered":"Guerre en Ukraine : L\u2019Ukraine rejette les accusations russes, Moscou ne fournit aucune preuve d\u2019une attaque de drone"},"content":{"rendered":"<p class=\"mb-4 text-lg md:leading-8 break-words\"><strong>R\u00e9cap&rsquo; &#8211; \u00ab\u00a020 Minutes\u00a0\u00bb fait le point pour vous tous les soirs sur le conflit en Ukraine. Ce mardi 30\u00a0d\u00e9cembre, Kiev s\u2019est d\u00e9fendu d\u2019avoir lanc\u00e9 une attaque de drones contre une r\u00e9sidence de Vladimir Poutine<\/strong><\/p>\n<p class=\"mb-4 text-lg md:leading-8 break-words\">Vous avez rat\u00e9 les derniers \u00e9v\u00e9nements sur la <a href=\"https:\/\/www.20minutes.fr\/monde\/ukraine\/?at_medium=RSS%20feed&amp;at_campaign=ynews&amp;utm_source=yahoo&amp;utm_medium=rss&amp;utm_campaign=news_feed&amp;utm_content=in_article_link\" rel=\"nofollow noopener\" target=\"_blank\" data-ylk=\"slk:guerre en Ukraine;elm:context_link;itc:0;sec:content-canvas\" class=\"link \">guerre en Ukraine<\/a>\u00a0? 20 Minutes fait le point pour vous tous les soirs. Voici l\u2019essentiel de ce mardi 30\u00a0d\u00e9cembre, au 1.406e jour du conflit.<\/p>\n<p>Le fait du jour<\/p>\n<p class=\"mb-4 text-lg md:leading-8 break-words\">Kiev a <a href=\"https:\/\/www.20minutes.fr\/monde\/ukraine\/4193728-20251230-guerre-ukraine-apres-attaque-presumee-contre-residence-poutine-kiev-attend-preuves?at_medium=RSS%20feed&amp;at_campaign=ynews&amp;utm_source=yahoo&amp;utm_medium=rss&amp;utm_campaign=news_feed&amp;utm_content=in_article_link\" rel=\"nofollow noopener\" target=\"_blank\" data-ylk=\"slk:point\u00e9 mardi l\u2019absence de preuves;elm:context_link;itc:0;sec:content-canvas\" class=\"link \">point\u00e9 mardi l\u2019absence de preuves<\/a> \u00e9tayant les accusations de Moscou sur <a href=\"https:\/\/www.20minutes.fr\/monde\/ukraine\/4193638-20251229-guerre-ukraine-residence-poutine-ciblee-drones-trump-denonce-attaque-contre-maison?at_medium=RSS%20feed&amp;at_campaign=ynews&amp;utm_source=yahoo&amp;utm_medium=rss&amp;utm_campaign=news_feed&amp;utm_content=in_article_link\" rel=\"nofollow noopener\" target=\"_blank\" data-ylk=\"slk:une attaque ukrainienne de drones;elm:context_link;itc:0;sec:content-canvas\" class=\"link \">une attaque ukrainienne de drones<\/a> contre une r\u00e9sidence de <a href=\"https:\/\/www.20minutes.fr\/monde\/vladimir_poutine\/?at_medium=RSS%20feed&amp;at_campaign=ynews&amp;utm_source=yahoo&amp;utm_medium=rss&amp;utm_campaign=news_feed&amp;utm_content=in_article_link\" rel=\"nofollow noopener\" target=\"_blank\" data-ylk=\"slk:Vladimir Poutine;elm:context_link;itc:0;sec:content-canvas\" class=\"link \">Vladimir Poutine<\/a>, tandis que Moscou a averti qu\u2019elle allait durcir sa position dans les pourparlers sur la fin du conflit.<\/p>\n<p class=\"mb-4 text-lg md:leading-8 break-words\">Ce soudain regain de tension diplomatique intervient peu apr\u00e8s des <a href=\"https:\/\/www.20minutes.fr\/monde\/ukraine\/4193561-20251229-guerre-ukraine-etats-unis-propose-kiev-garanties-solides-moins-15-ans?at_medium=RSS%20feed&amp;at_campaign=ynews&amp;utm_source=yahoo&amp;utm_medium=rss&amp;utm_campaign=news_feed&amp;utm_content=in_article_link\" rel=\"nofollow noopener\" target=\"_blank\" data-ylk=\"slk:d\u00e9clarations am\u00e9ricaines et ukrainiennes;elm:context_link;itc:0;sec:content-canvas\" class=\"link \">d\u00e9clarations am\u00e9ricaines et ukrainiennes<\/a> faisant \u00e9tat de progr\u00e8s dans les discussions en vue d\u2019un accord pouvant faire cesser l\u2019invasion russe de l\u2019Ukraine.<\/p>\n<p class=\"mb-4 text-lg md:leading-8 break-words\">Et ces accusations jettent le doute sur la poursuite des tractations diplomatiques engag\u00e9es depuis novembre pour tenter de mettre fin au conflit le plus meurtrier en Europe depuis la Seconde Guerre mondiale.<\/p>\n<p>La d\u00e9claration du jour<\/p>\n<p class=\"mb-4 text-lg md:leading-8 break-words\">Lors de son briefing quotidien mardi, le porte-parole du Kremlin Dmitri Peskov n\u2019a pas fourni de preuve, assurant que les drones avaient tous \u00e9t\u00e9 abattus et qu\u2019il faudrait de ce fait s\u2019adresser au minist\u00e8re russe de la D\u00e9fense concernant la pr\u00e9sence d\u2019\u00e9ventuels d\u00e9bris.<\/p>\n<p class=\"mb-4 text-lg md:leading-8 break-words\">\u00ab\u00a0Les autorit\u00e9s russes elles-m\u00eames disent tout et son contraire sur ce qui s\u2019est r\u00e9ellement produit\u00a0\u00bb, a soulign\u00e9 l\u2019entourage d\u2019<a href=\"https:\/\/www.20minutes.fr\/politique\/emmanuel-macron\/?at_medium=RSS%20feed&amp;at_campaign=ynews&amp;utm_source=yahoo&amp;utm_medium=rss&amp;utm_campaign=news_feed&amp;utm_content=in_article_link\" rel=\"nofollow noopener\" target=\"_blank\" data-ylk=\"slk:Emmanuel Macron;elm:context_link;itc:0;sec:content-canvas\" class=\"link \">Emmanuel Macron<\/a>, ajoutant qu\u2019il n\u2019y a \u00ab\u00a0aucune preuve solide\u00a0\u00bb de cette attaque, \u00ab\u00a0y compris apr\u00e8s recoupement des informations avec nos partenaires\u00a0\u00bb.<\/p>\n<p>Le chiffre du jour<\/p>\n<p class=\"mb-4 text-lg md:leading-8 break-words\">60. Sur l(&#8230;)<\/p>\n<p class=\"mb-4 text-lg md:leading-8 break-words\"><a href=\"https:\/\/www.20minutes.fr\/monde\/ukraine\/4193777-20251230-guerre-ukraine-ukraine-rejette-accusations-russes-moscou-fournit-aucune-preuve-attaque-drone?at_medium=RSS%20feed&amp;at_campaign=ynews&amp;utm_source=yahoo&amp;utm_medium=rss&amp;utm_campaign=news_feed&amp;utm_content=read_more_link&quot;\" rel=\"nofollow noopener\" target=\"_blank\" data-ylk=\"slk:Lire la suite sur 20minutes;elm:context_link;itc:0;sec:content-canvas\" class=\"link \">Lire la suite sur 20minutes<\/a><\/p>\n<p>\u00c0 lire aussi :<br \/><a href=\"https:\/\/www.20minutes.fr\/monde\/ukraine\/4193728-20251230-guerre-ukraine-apres-attaque-presumee-contre-residence-poutine-kiev-attend-preuves?at_medium=RSS%20feed&amp;at_campaign=ynews&amp;utm_source=yahoo&amp;utm_medium=rss&amp;utm_campaign=news_feed&amp;utm_content=related_content_link\" rel=\"nofollow noopener\" target=\"_blank\" data-ylk=\"slk:Guerre en Ukraine\u00a0: Apr\u00e8s l\u2019attaque pr\u00e9sum\u00e9e contre une r\u00e9sidence de Poutine, Kiev attend des preuves;elm:context_link;itc:0;sec:content-canvas\" class=\"link \">Guerre en Ukraine\u00a0: Apr\u00e8s l\u2019attaque pr\u00e9sum\u00e9e contre une r\u00e9sidence de Poutine, Kiev attend des preuves<\/a><br \/><a href=\"https:\/\/www.20minutes.fr\/monde\/ukraine\/4193638-20251229-guerre-ukraine-residence-poutine-ciblee-drones-trump-denonce-attaque-contre-maison?at_medium=RSS%20feed&amp;at_campaign=ynews&amp;utm_source=yahoo&amp;utm_medium=rss&amp;utm_campaign=news_feed&amp;utm_content=related_content_link\" rel=\"nofollow noopener\" target=\"_blank\" data-ylk=\"slk:Guerre en Ukraine\u00a0: La r\u00e9sidence de Poutine cibl\u00e9e par des drones, Trump d\u00e9nonce \u00ab\u00a0une attaque contre sa maison\u00a0\u00bb;elm:context_link;itc:0;sec:content-canvas\" class=\"link \">Guerre en Ukraine\u00a0: La r\u00e9sidence de Poutine cibl\u00e9e par des drones, Trump d\u00e9nonce \u00ab\u00a0une attaque contre sa maison\u00a0\u00bb<\/a><\/p>\n","protected":false},"excerpt":{"rendered":"R\u00e9cap&rsquo; &#8211; \u00ab\u00a020 Minutes\u00a0\u00bb fait le point pour vous tous les soirs sur le conflit en Ukraine. Ce&hellip;\n","protected":false},"author":2,"featured_media":631109,"comment_status":"","ping_status":"","sticky":false,"template":"","format":"standard","meta":{"footnotes":""},"categories":[1590],"tags":[642,11,834,1777,674,11229,12,220,135],"class_list":{"0":"post-631108","1":"post","2":"type-post","3":"status-publish","4":"format-standard","5":"has-post-thumbnail","7":"category-ukraine","8":"tag-20-minutes","9":"tag-actualites","10":"tag-attaque","11":"tag-eu","12":"tag-europe","13":"tag-kiev","14":"tag-news","15":"tag-ukraine","16":"tag-vladimir-poutine"},"share_on_mastodon":{"url":"https:\/\/pubeurope.com\/@fr\/115811695148510984","error":""},"_links":{"self":[{"href":"https:\/\/www.europesays.com\/fr\/wp-json\/wp\/v2\/posts\/631108","targetHints":{"allow":["GET"]}}],"collection":[{"href":"https:\/\/www.europesays.com\/fr\/wp-json\/wp\/v2\/posts"}],"about":[{"href":"https:\/\/www.europesays.com\/fr\/wp-json\/wp\/v2\/types\/post"}],"author":[{"embeddable":true,"href":"https:\/\/www.europesays.com\/fr\/wp-json\/wp\/v2\/users\/2"}],"replies":[{"embeddable":true,"href":"https:\/\/www.europesays.com\/fr\/wp-json\/wp\/v2\/comments?post=631108"}],"version-history":[{"count":0,"href":"https:\/\/www.europesays.com\/fr\/wp-json\/wp\/v2\/posts\/631108\/revisions"}],"wp:featuredmedia":[{"embeddable":true,"href":"https:\/\/www.europesays.com\/fr\/wp-json\/wp\/v2\/media\/631109"}],"wp:attachment":[{"href":"https:\/\/www.europesays.com\/fr\/wp-json\/wp\/v2\/media?parent=631108"}],"wp:term":[{"taxonomy":"category","embeddable":true,"href":"https:\/\/www.europesays.com\/fr\/wp-json\/wp\/v2\/categories?post=631108"},{"taxonomy":"post_tag","embeddable":true,"href":"https:\/\/www.europesays.com\/fr\/wp-json\/wp\/v2\/tags?post=631108"}],"curies":[{"name":"wp","href":"https:\/\/api.w.org\/{rel}","templated":true}]}}