{"id":631110,"date":"2025-12-31T01:56:10","date_gmt":"2025-12-31T01:56:10","guid":{"rendered":"https:\/\/www.europesays.com\/fr\/631110\/"},"modified":"2025-12-31T01:56:10","modified_gmt":"2025-12-31T01:56:10","slug":"atteinte-dun-cancer-tatiana-schlossberg-la-petite-fille-de-jfk-est-morte-a-lage-de-35-ans","status":"publish","type":"post","link":"https:\/\/www.europesays.com\/fr\/631110\/","title":{"rendered":"Atteinte d\u2019un cancer, Tatiana Schlossberg, la petite-fille de JFK, est morte \u00e0 l\u2019\u00e2ge de 35 ans"},"content":{"rendered":"<p>Tatiana Schlossberg, journaliste am\u00e9ricaine au New York Times et petite-fille de l\u2019ancien pr\u00e9sident <a href=\"https:\/\/www.20minutes.fr\/dossier\/jfk\" target=\"_blank\" class=\"c-link c-link--is-underlined\" rel=\"noopener\">John Fitzgerald Kennedy<\/a>, est d\u00e9c\u00e9d\u00e9e \u00e0 l\u2019\u00e2ge de 35 ans des suites d\u2019un <a href=\"https:\/\/www.20minutes.fr\/dossier\/cancer\" target=\"_blank\" class=\"c-link c-link--is-underlined\" rel=\"noopener\">cancer<\/a>. Sa famille en a fait l\u2019annonce mardi dans un communiqu\u00e9 publi\u00e9 sur les r\u00e9seaux sociaux. \u00ab\u00a0Notre belle Tatiana s\u2019est \u00e9teinte ce matin. Elle restera pour toujours dans nos c\u0153urs\u00a0\u00bb, a-t-elle \u00e9crit.<\/p>\n<p>Sp\u00e9cialis\u00e9e dans les <a href=\"https:\/\/www.20minutes.fr\/planete\/environnement\/\" target=\"_blank\" class=\"c-link c-link--is-underlined\" rel=\"noopener\">questions environnementales<\/a>, Tatiana Schlossberg s\u2019\u00e9tait fait conna\u00eetre par un travail journalistique centr\u00e9 sur le <a href=\"https:\/\/www.20minutes.fr\/dossier\/changement_climatique\" target=\"_blank\" class=\"c-link c-link--is-underlined\" rel=\"noopener\">changement climatique<\/a> et ses impacts, au sein d\u2019une presse de r\u00e9f\u00e9rence. Fille de Caroline Kennedy, ancienne ambassadrice des <a href=\"https:\/\/www.20minutes.fr\/monde\/etats-unis\/\" target=\"_blank\" class=\"c-link c-link--is-underlined\" rel=\"noopener\">Etats-Unis<\/a>, et de l\u2019artiste et designer Edwin Schlossberg, elle appartenait \u00e0 la troisi\u00e8me g\u00e9n\u00e9ration de la famille Kennedy, historiquement engag\u00e9e dans la vie publique am\u00e9ricaine.<\/p>\n<\/p>\n<p>Tr\u00e8s critique envers son cousin Robert Kennedy Jr.<\/p>\n<p>Atteinte d\u2019une <a href=\"https:\/\/www.20minutes.fr\/dossier\/leucemie\" target=\"_blank\" class=\"c-link c-link--is-underlined\" rel=\"noopener\">leuc\u00e9mie<\/a> my\u00e9lo\u00efde aigu\u00eb, un cancer rare du sang diagnostiqu\u00e9 en mai\u00a02024 peu apr\u00e8s la naissance de son deuxi\u00e8me enfant, elle avait choisi de t\u00e9moigner publiquement de sa maladie dans The New Yorker fin novembre. \u00ab\u00a0Pendant le dernier essai clinique, mon docteur m\u2019a dit qu\u2019il pourrait me garder en vie un an, peut-\u00eatre. Ma premi\u00e8re pens\u00e9e a \u00e9t\u00e9 que mes enfants, dont les visages sont grav\u00e9s \u00e0 jamais dans ma m\u00e9moire, ne se souviendraient pas de moi\u00a0\u00bb, \u00e9crivait-elle.<\/p>\n<p><a href=\"https:\/\/www.20minutes.fr\/monde\/etats-unis\/\" target=\"_blank\" class=\"c-link c-btn c-btn--primary\" rel=\"noopener\">Notre dossier sur les Etats-Unis<\/a><\/p>\n<p>Dans ce texte, elle se montrait \u00e9galement critique envers son cousin <a href=\"https:\/\/www.20minutes.fr\/monde\/robert-kennedy-jr\/\" target=\"_blank\" class=\"c-link c-link--is-underlined\" rel=\"noopener\">Robert Kennedy Jr.<\/a>, nomm\u00e9 ministre de la Sant\u00e9 sous la pr\u00e9sidence de <a href=\"https:\/\/www.20minutes.fr\/dossier\/donald_trump\" target=\"_blank\" class=\"c-link c-link--is-underlined\" rel=\"noopener\">Donald Trump<\/a>. \u00ab\u00a0Depuis mon lit d\u2019h\u00f4pital, j\u2019ai vu, contre toute logique et tout bon sens, la nomination de \u00ab\u00a0Bobby\u00a0\u00bb \u00e0 ce poste \u00eatre confirm\u00e9e, bien qu\u2019il n\u2019ait jamais travaill\u00e9 dans la m\u00e9decine, la sant\u00e9 publique ou au gouvernement\u00a0\u00bb, \u00e9crivait-elle. Mari\u00e9e au m\u00e9decin George Moran, m\u00e8re de deux enfants, Tatiana Schlossberg laisse derri\u00e8re elle une famille toujours pr\u00e9sente sur la sc\u00e8ne politique, son fr\u00e8re Jack Schlossberg ayant annonc\u00e9 sa candidature aux \u00e9lections de mi-mandat de\u00a02026 \u00e0 New York.<\/p>\n","protected":false},"excerpt":{"rendered":"Tatiana Schlossberg, journaliste am\u00e9ricaine au New York Times et petite-fille de l\u2019ancien pr\u00e9sident John Fitzgerald Kennedy, est d\u00e9c\u00e9d\u00e9e&hellip;\n","protected":false},"author":2,"featured_media":631111,"comment_status":"","ping_status":"","sticky":false,"template":"","format":"standard","meta":{"footnotes":""},"categories":[1589],"tags":[47,11,101,3983,75,73,1866,40405,2957,24886,226,74,12,13973,1864,1865,1863,308],"class_list":{"0":"post-631110","1":"post","2":"type-post","3":"status-publish","4":"format-standard","5":"has-post-thumbnail","7":"category-etats-unis","8":"tag-actualite","9":"tag-actualites","10":"tag-cancer","11":"tag-deces","12":"tag-donald-trump","13":"tag-etats-unis","14":"tag-etats-unis-damerique","15":"tag-john-fitzgerald-kennedy-jfk","16":"tag-journaliste","17":"tag-leucemie","18":"tag-maladie","19":"tag-monde","20":"tag-news","21":"tag-robert-kennedy-jr","22":"tag-united-states","23":"tag-united-states-of-america","24":"tag-us","25":"tag-usa"},"share_on_mastodon":{"url":"https:\/\/pubeurope.com\/@fr\/115811698798557950","error":""},"_links":{"self":[{"href":"https:\/\/www.europesays.com\/fr\/wp-json\/wp\/v2\/posts\/631110","targetHints":{"allow":["GET"]}}],"collection":[{"href":"https:\/\/www.europesays.com\/fr\/wp-json\/wp\/v2\/posts"}],"about":[{"href":"https:\/\/www.europesays.com\/fr\/wp-json\/wp\/v2\/types\/post"}],"author":[{"embeddable":true,"href":"https:\/\/www.europesays.com\/fr\/wp-json\/wp\/v2\/users\/2"}],"replies":[{"embeddable":true,"href":"https:\/\/www.europesays.com\/fr\/wp-json\/wp\/v2\/comments?post=631110"}],"version-history":[{"count":0,"href":"https:\/\/www.europesays.com\/fr\/wp-json\/wp\/v2\/posts\/631110\/revisions"}],"wp:featuredmedia":[{"embeddable":true,"href":"https:\/\/www.europesays.com\/fr\/wp-json\/wp\/v2\/media\/631111"}],"wp:attachment":[{"href":"https:\/\/www.europesays.com\/fr\/wp-json\/wp\/v2\/media?parent=631110"}],"wp:term":[{"taxonomy":"category","embeddable":true,"href":"https:\/\/www.europesays.com\/fr\/wp-json\/wp\/v2\/categories?post=631110"},{"taxonomy":"post_tag","embeddable":true,"href":"https:\/\/www.europesays.com\/fr\/wp-json\/wp\/v2\/tags?post=631110"}],"curies":[{"name":"wp","href":"https:\/\/api.w.org\/{rel}","templated":true}]}}