{"id":631112,"date":"2025-12-31T01:57:11","date_gmt":"2025-12-31T01:57:11","guid":{"rendered":"https:\/\/www.europesays.com\/fr\/631112\/"},"modified":"2025-12-31T01:57:11","modified_gmt":"2025-12-31T01:57:11","slug":"la-rdc-et-le-royaume-uni-engagent-des-concertations-apres-le-durcissement-des-visas-britanniques","status":"publish","type":"post","link":"https:\/\/www.europesays.com\/fr\/631112\/","title":{"rendered":"La RDC et le Royaume-Uni engagent des concertations apr\u00e8s le durcissement des visas britanniques"},"content":{"rendered":"<p>La R\u00e9publique d\u00e9mocratique du Congo et le Royaume-Uni ont engag\u00e9 des concertations diplomatiques et techniques sur le retour des ressortissants congolais en situation irr\u00e9guli\u00e8re, a annonc\u00e9 mardi le gouvernement congolais, apr\u00e8s le durcissement par Londres des conditions d\u2019octroi de visas aux Congolais.<\/p>\n<p>Dans un communiqu\u00e9, le minist\u00e8re congolais de la Communication indique que Kinshasa a \u00e9t\u00e9 officiellement inform\u00e9e, par les canaux diplomatiques, des mesures envisag\u00e9es par le Royaume-Uni, notamment l\u2019introduction de restrictions de visas visant les d\u00e9tenteurs de passeports sp\u00e9ciaux congolais.<\/p>\n<p>La RDC affirme son attachement \u00e0 une gestion concert\u00e9e des questions migratoires, fond\u00e9e sur le respect de la souverainet\u00e9 des \u00c9tats, des droits humains et des l\u00e9gislations en vigueur dans les deux pays.<\/p>\n<p>Des \u00e9changes techniques et strat\u00e9giques sont en cours entre des experts du minist\u00e8re congolais des Affaires \u00e9trang\u00e8res, de la Direction g\u00e9n\u00e9rale de migration (DGM) et du Home Office britannique, afin d\u2019examiner la situation des Congolais en s\u00e9jour irr\u00e9gulier au Royaume-Uni et d\u2019identifier des solutions \u00ab durables, efficaces et mutuellement acceptables \u00bb, pr\u00e9cise le communiqu\u00e9.<\/p>\n<p>Les discussions portent notamment sur les m\u00e9canismes d\u2019identification pr\u00e9alable des personnes concern\u00e9es. Kinshasa rappelle qu\u2019aucune proc\u00e9dure de retour ou d\u2019expulsion ne peut \u00eatre engag\u00e9e en cas de doute sur l\u2019identit\u00e9 d\u2019une personne et que toute mesure doit se faire dans le strict respect des droits humains.<\/p>\n<p>Ces \u00e9changes interviennent alors que Londres a annonc\u00e9 la suppression des proc\u00e9dures acc\u00e9l\u00e9r\u00e9es de d\u00e9livrance de visas pour les ressortissants congolais ainsi que la fin du traitement pr\u00e9f\u00e9rentiel accord\u00e9 aux responsables politiques et aux personnalit\u00e9s de haut niveau, invoquant une coop\u00e9ration jug\u00e9e insuffisante sur les retours.<\/p>\n<p>La ministre britannique de l\u2019Int\u00e9rieur, Shabana Mahmood, a averti que le Royaume-Uni pourrait aller jusqu\u2019\u00e0 une suspension totale des visas pour la RDC si la \u00ab coop\u00e9ration ne s\u2019am\u00e9liore pas rapidement \u00bb, affirmant que les pays concern\u00e9s devaient reprendre leurs ressortissants en situation irr\u00e9guli\u00e8re.<\/p>\n<p>Le Home Office fait \u00e9tat de lenteurs administratives et d\u2019exigences documentaires ayant entrav\u00e9 les retours vers la RDC, tout en reconnaissant un certain niveau d\u2019engagement des autorit\u00e9s congolaises.<\/p>\n<p>Dans son communiqu\u00e9, Kinshasa dit exprimer sa confiance dans une issue constructive des \u00e9changes techniques en cours, appel\u00e9s \u00e0 renforcer la coop\u00e9ration migratoire entre les deux pays \u00ab dans un climat de s\u00e9r\u00e9nit\u00e9 et de respect mutuel \u00bb, au b\u00e9n\u00e9fice des relations bilat\u00e9rales.<\/p>\n","protected":false},"excerpt":{"rendered":"La R\u00e9publique d\u00e9mocratique du Congo et le Royaume-Uni ont engag\u00e9 des concertations diplomatiques et techniques sur le retour&hellip;\n","protected":false},"author":2,"featured_media":631113,"comment_status":"","ping_status":"","sticky":false,"template":"","format":"standard","meta":{"footnotes":""},"categories":[1588],"tags":[11,1777,674,12,473,1853,1851,1850,1852],"class_list":{"0":"post-631112","1":"post","2":"type-post","3":"status-publish","4":"format-standard","5":"has-post-thumbnail","7":"category-royaume-uni","8":"tag-actualites","9":"tag-eu","10":"tag-europe","11":"tag-news","12":"tag-royaume-uni","13":"tag-royaume-uni-de-grande-bretagne-et-dirlande-du-nord","14":"tag-uk","15":"tag-united-kingdom","16":"tag-united-kingdom-of-great-britain-and-northern-ireland"},"share_on_mastodon":{"url":"https:\/\/pubeurope.com\/@fr\/115811703055681979","error":""},"_links":{"self":[{"href":"https:\/\/www.europesays.com\/fr\/wp-json\/wp\/v2\/posts\/631112","targetHints":{"allow":["GET"]}}],"collection":[{"href":"https:\/\/www.europesays.com\/fr\/wp-json\/wp\/v2\/posts"}],"about":[{"href":"https:\/\/www.europesays.com\/fr\/wp-json\/wp\/v2\/types\/post"}],"author":[{"embeddable":true,"href":"https:\/\/www.europesays.com\/fr\/wp-json\/wp\/v2\/users\/2"}],"replies":[{"embeddable":true,"href":"https:\/\/www.europesays.com\/fr\/wp-json\/wp\/v2\/comments?post=631112"}],"version-history":[{"count":0,"href":"https:\/\/www.europesays.com\/fr\/wp-json\/wp\/v2\/posts\/631112\/revisions"}],"wp:featuredmedia":[{"embeddable":true,"href":"https:\/\/www.europesays.com\/fr\/wp-json\/wp\/v2\/media\/631113"}],"wp:attachment":[{"href":"https:\/\/www.europesays.com\/fr\/wp-json\/wp\/v2\/media?parent=631112"}],"wp:term":[{"taxonomy":"category","embeddable":true,"href":"https:\/\/www.europesays.com\/fr\/wp-json\/wp\/v2\/categories?post=631112"},{"taxonomy":"post_tag","embeddable":true,"href":"https:\/\/www.europesays.com\/fr\/wp-json\/wp\/v2\/tags?post=631112"}],"curies":[{"name":"wp","href":"https:\/\/api.w.org\/{rel}","templated":true}]}}