{"id":631116,"date":"2025-12-31T01:59:18","date_gmt":"2025-12-31T01:59:18","guid":{"rendered":"https:\/\/www.europesays.com\/fr\/631116\/"},"modified":"2025-12-31T01:59:18","modified_gmt":"2025-12-31T01:59:18","slug":"merz-appelle-leurope-a-saffirmer-pour-proteger-la-paix-et-la-prosperite-31-12-2025-a-0049","status":"publish","type":"post","link":"https:\/\/www.europesays.com\/fr\/631116\/","title":{"rendered":"Merz appelle l&rsquo;Europe \u00e0 s&rsquo;affirmer pour prot\u00e9ger la paix et la prosp\u00e9rit\u00e9 &#8211; 31\/12\/2025 \u00e0 00:49"},"content":{"rendered":"<p>\n L&rsquo;Europe doit faire<br \/>\nvaloir ses int\u00e9r\u00eats avec davantage de fermet\u00e9 pour garantir la<br \/>\npaix et la prosp\u00e9rit\u00e9 en 2026 face aux d\u00e9fis que repr\u00e9sentant<br \/>\nl&rsquo;agression men\u00e9e par la Russie, le protectionnisme mondial et<br \/>\nles changements dans les relations avec les Etats-Unis, a<br \/>\nd\u00e9clar\u00e9 mercredi Friedrich Merz.\n<\/p>\n<p>\n Dans ses voeux pour le Nouvel an, le chancelier allemand a<br \/>\nsoulign\u00e9 que la guerre \u00ab\u00a0terrible\u00a0\u00bb qui fait rage aux portes de<br \/>\nl&rsquo;Europe repr\u00e9sentait une menace directe pour la libert\u00e9 et la<br \/>\ns\u00e9curit\u00e9 du continent.\n<\/p>\n<p>\n \u00ab\u00a0Nous voyons de plus en plus clairement que l&rsquo;agression<br \/>\nmen\u00e9e par la Russie fait partie d&rsquo;un plan visant l&rsquo;ensemble de<br \/>\nl&rsquo;Europe\u00a0\u00bb, a-t-il dit, ajoutant que l&rsquo;Allemagne subissait<br \/>\nquotidiennement des actes de sabotage, d&rsquo;espionnage et des<br \/>\ncyberattaques.\n<\/p>\n<p>\n Arriv\u00e9 au pouvoir \u00e0 Berlin en mai dernier, Friedrich Merz a<br \/>\ncontribu\u00e9 \u00e0 chapeauter les efforts de l&rsquo;Union europ\u00e9enne pour<br \/>\nsoutenir l&rsquo;Ukraine face \u00e0 l&rsquo;invasion de la Russie, lanc\u00e9e en<br \/>\nf\u00e9vrier 2022.\n<\/p>\n<p>\n Le gouvernement allemand a \u00e9galement accru depuis 2023 ses<br \/>\nd\u00e9penses de d\u00e9fense afin d&rsquo;\u00eatre pr\u00eat \u00e0 assumer davantage de<br \/>\nresponsabilit\u00e9s.\n<\/p>\n<p>\n Friedrich Merz a not\u00e9 par ailleurs que le protectionnisme<br \/>\ndans l&rsquo;\u00e9conomie mondiale repr\u00e9sentait un d\u00e9fi suppl\u00e9mentaire<br \/>\npour l&rsquo;Europe, dont la d\u00e9pendance \u00e0 l&rsquo;\u00e9gard de mati\u00e8res<br \/>\npremi\u00e8res import\u00e9es est selon lui de plus en plus utilis\u00e9e comme<br \/>\nun levier politique contre le continent.\n<\/p>\n<p>\n Alors qu&rsquo;elle peine \u00e0 redynamiser une \u00e9conomie tourn\u00e9e vers<br \/>\nl&rsquo;export, l&rsquo;Allemagne tente de r\u00e9duire sa d\u00e9pendance vis-\u00e0-vis<br \/>\nde la Chine et de naviguer les tensions commerciales mondiales<br \/>\nprovoqu\u00e9es notamment par la politique de droits de douane du<br \/>\npr\u00e9sident am\u00e9ricain Donald Trump.\n<\/p>\n<p>\n La relation avec les Etats-Unis, traditionnellement garants<br \/>\nde la s\u00e9curit\u00e9 de l&rsquo;Allemagne et de l&rsquo;Europe dans son ensemble,<br \/>\ns&rsquo;est compliqu\u00e9e depuis le retour au pouvoir de Donald Trump en<br \/>\njanvier dernier.\n<\/p>\n<p>\n \u00ab\u00a0Pour nous Europ\u00e9ens, cela signifie que nous devons d\u00e9fendre<br \/>\net faire valoir nos int\u00e9r\u00eats par nous-m\u00eames avec davantage de<br \/>\nfermet\u00e9\u00a0\u00bb, a dit le chancelier allemand.\n<\/p>\n<p>\n Il a ajout\u00e9 que l&rsquo;Europe devait \u00eatre guid\u00e9e par la confiance<br \/>\net non par la peur. L&rsquo;ann\u00e9e 2026 peut \u00eatre \u00ab\u00a0marquante pour notre<br \/>\npays et pour l&rsquo;Europe. Cela peut \u00eatre une ann\u00e9e durant laquelle<br \/>\nl&rsquo;Allemagne et l&rsquo;Europe, avec une force nouvelle, renouent avec<br \/>\ndes d\u00e9cennies de paix, de libert\u00e9 et de prosp\u00e9rit\u00e9\u00a0\u00bb.\n<\/p>\n<p>\n (Madeline Chambers; version fran\u00e7aise Jean Terzian)<\/p>\n","protected":false},"excerpt":{"rendered":"L&rsquo;Europe doit faire valoir ses int\u00e9r\u00eats avec davantage de fermet\u00e9 pour garantir la paix et la prosp\u00e9rit\u00e9 en&hellip;\n","protected":false},"author":2,"featured_media":2956,"comment_status":"","ping_status":"","sticky":false,"template":"","format":"standard","meta":{"footnotes":""},"categories":[1586],"tags":[400,11,398,408,405,1777,674,1011,27,403,402,399,404,12,25,401,406,407],"class_list":{"0":"post-631116","1":"post","2":"type-post","3":"status-publish","4":"format-standard","5":"has-post-thumbnail","7":"category-europe","8":"tag-action-cac-40","9":"tag-actualites","10":"tag-bourse-de-paris","11":"tag-boursorama","12":"tag-cotations","13":"tag-eu","14":"tag-europe","15":"tag-fr","16":"tag-france","17":"tag-indices-devises","18":"tag-investir","19":"tag-investissement","20":"tag-marche-boursier","21":"tag-news","22":"tag-republique-francaise","23":"tag-sicav","24":"tag-trackers","25":"tag-warrants"},"share_on_mastodon":{"url":"https:\/\/pubeurope.com\/@fr\/115811710623855419","error":""},"_links":{"self":[{"href":"https:\/\/www.europesays.com\/fr\/wp-json\/wp\/v2\/posts\/631116","targetHints":{"allow":["GET"]}}],"collection":[{"href":"https:\/\/www.europesays.com\/fr\/wp-json\/wp\/v2\/posts"}],"about":[{"href":"https:\/\/www.europesays.com\/fr\/wp-json\/wp\/v2\/types\/post"}],"author":[{"embeddable":true,"href":"https:\/\/www.europesays.com\/fr\/wp-json\/wp\/v2\/users\/2"}],"replies":[{"embeddable":true,"href":"https:\/\/www.europesays.com\/fr\/wp-json\/wp\/v2\/comments?post=631116"}],"version-history":[{"count":0,"href":"https:\/\/www.europesays.com\/fr\/wp-json\/wp\/v2\/posts\/631116\/revisions"}],"wp:featuredmedia":[{"embeddable":true,"href":"https:\/\/www.europesays.com\/fr\/wp-json\/wp\/v2\/media\/2956"}],"wp:attachment":[{"href":"https:\/\/www.europesays.com\/fr\/wp-json\/wp\/v2\/media?parent=631116"}],"wp:term":[{"taxonomy":"category","embeddable":true,"href":"https:\/\/www.europesays.com\/fr\/wp-json\/wp\/v2\/categories?post=631116"},{"taxonomy":"post_tag","embeddable":true,"href":"https:\/\/www.europesays.com\/fr\/wp-json\/wp\/v2\/tags?post=631116"}],"curies":[{"name":"wp","href":"https:\/\/api.w.org\/{rel}","templated":true}]}}