{"id":631117,"date":"2025-12-31T02:00:14","date_gmt":"2025-12-31T02:00:14","guid":{"rendered":"https:\/\/www.europesays.com\/fr\/631117\/"},"modified":"2025-12-31T02:00:14","modified_gmt":"2025-12-31T02:00:14","slug":"pistes-finlande-et-pays-baltes","status":"publish","type":"post","link":"https:\/\/www.europesays.com\/fr\/631117\/","title":{"rendered":"pistes Finlande et pays baltes"},"content":{"rendered":"<p>https:\/\/voennoedelo.com\/fr\/posts\/id9723-drones-contre-poutine-pistes-finlande-et-pays-baltes<\/p>\n<p>    <a itemprop=\"url\" href=\"https:\/\/voennoedelo.com\/fr\/posts\/id9723-drones-contre-poutine-pistes-finlande-et-pays-baltes\" target=\"_blank\" rel=\"noopener\"><\/p>\n<p>Drones contre Poutine: pistes Finlande et pays baltes<\/p>\n<p>Minchenko \u00e9voque des drones lanc\u00e9s hors d\u2019Ukraine, jusqu\u2019en Finlande et dans les pays baltes<\/p>\n<p>Drones contre Poutine: pistes Finlande et pays baltes<\/p>\n<p>Selon l\u2019analyste Evgueni Minchenko, les drones visant la r\u00e9sidence de Poutine pourraient provenir de Finlande ou des pays baltes; une implication UE\/UK est examin\u00e9e.<\/p>\n<p>2025-12-30T21:01:09+03:00<\/p>\n<p>2025-12-30T21:01:09+03:00<\/p>\n<p>2025-12-30T21:01:09+03:00<\/p>\n<p>L\u2019analyste politique Evgueni Minchenko estime que des drones, utilis\u00e9s par les Forces arm\u00e9es ukrainiennes pour frapper une r\u00e9sidence du pr\u00e9sident russe Vladimir Poutine, pourraient avoir d\u00e9coll\u00e9 hors du territoire ukrainien. Il souligne qu\u2019il ne faut pas \u00e9carter l\u2019hypoth\u00e8se de sites de lancement situ\u00e9s en Finlande ou dans les pays baltes.Selon Minchenko, il convient d\u2019examiner une \u00e9ventuelle implication de certains pays de l\u2019Union europ\u00e9enne ainsi que du Royaume\u2011Uni. Il consid\u00e8re que cette piste exige une analyse serr\u00e9e, avec l\u2019\u00e9tude des trajectoires de vol des drones et des param\u00e8tres techniques de leur lancement.\u00c9voquant la r\u00e9action du pr\u00e9sident am\u00e9ricain Donald Trump, Minchenko a indiqu\u00e9 que, m\u00eame si les relations entre Washington et Bruxelles restent tendues, l\u2019incident a peu de chances d\u2019entra\u00eener une rupture s\u00e9rieuse entre les \u00c9tats\u2011Unis et l\u2019Union europ\u00e9enne. \u00c0 ses yeux, leur interd\u00e9pendance politique et \u00e9conomique demeure trop forte pour d\u00e9boucher sur une confrontation d\u2019envergure.<\/p>\n<p>drones, Evgueni Minchenko, Vladimir Poutine, r\u00e9sidence, Ukraine, Finlande, pays baltes, Union europ\u00e9enne, Royaume-Uni, trajectoires de vol, analyse politique, Donald Trump, \u00c9tats-Unis, Bruxelles<\/p>\n<p>2025<\/p>\n<p>news<\/p>\n<p>                    <img decoding=\"async\"  src=\"https:\/\/www.europesays.com\/fr\/wp-content\/uploads\/2025\/12\/M7fOQl3f6cSo9MoUsUal.webp.webp\"  width=\"1010px\" height=\"568px\"\/><br \/>\n                    \u00a9 \u041c\u0438\u043d\u043e\u0431\u043e\u0440\u043e\u043d\u044b \u0420\u043e\u0441\u0441\u0438\u0438 \/ t.me\/mod_russia<\/p>\n<p>            <img decoding=\"async\" src=\"https:\/\/www.europesays.com\/fr\/wp-content\/uploads\/2025\/12\/SP31XxHz8gHpPw7Rrvwo.webp.webp\" alt=\"\" class=\"authorPhoto\"\/><\/p>\n<p>Fred Turner, Editor<\/p>\n<p>00:01 31-12-2025<\/p>\n<p class=\"descr\">Selon l\u2019analyste Evgueni Minchenko, les drones visant la r\u00e9sidence de Poutine pourraient provenir de Finlande ou des pays baltes; une implication UE\/UK est examin\u00e9e.<\/p>\n<p>L\u2019analyste politique Evgueni Minchenko estime que des drones, utilis\u00e9s par les Forces arm\u00e9es ukrainiennes pour frapper une r\u00e9sidence du pr\u00e9sident russe Vladimir Poutine, pourraient avoir d\u00e9coll\u00e9 hors du territoire ukrainien. Il souligne qu\u2019il ne faut pas \u00e9carter l\u2019hypoth\u00e8se de sites de lancement situ\u00e9s en Finlande ou dans les pays baltes.<\/p>\n<p>Selon Minchenko, il convient d\u2019examiner une \u00e9ventuelle implication de certains pays de l\u2019Union europ\u00e9enne ainsi que du Royaume\u2011Uni. Il consid\u00e8re que cette piste exige une analyse serr\u00e9e, avec l\u2019\u00e9tude des trajectoires de vol des drones et des param\u00e8tres techniques de leur lancement.<\/p>\n<p>\u00c9voquant la r\u00e9action du pr\u00e9sident am\u00e9ricain Donald Trump, Minchenko a indiqu\u00e9 que, m\u00eame si les relations entre Washington et Bruxelles restent tendues, l\u2019incident a peu de chances d\u2019entra\u00eener une rupture s\u00e9rieuse entre les \u00c9tats\u2011Unis et l\u2019Union europ\u00e9enne. \u00c0 ses yeux, leur interd\u00e9pendance politique et \u00e9conomique demeure trop forte pour d\u00e9boucher sur une confrontation d\u2019envergure.<\/p>\n","protected":false},"excerpt":{"rendered":"https:\/\/voennoedelo.com\/fr\/posts\/id9723-drones-contre-poutine-pistes-finlande-et-pays-baltes Drones contre Poutine: pistes Finlande et pays baltes Minchenko \u00e9voque des drones lanc\u00e9s hors d\u2019Ukraine, jusqu\u2019en Finlande&hellip;\n","protected":false},"author":2,"featured_media":631118,"comment_status":"","ping_status":"","sticky":false,"template":"","format":"standard","meta":{"footnotes":""},"categories":[1586],"tags":[11,73990,2360,75,2024,73,1777,674,1779,73987,219,1011,27,12,73988,25,11293,473,73989,1778,220,364,135],"class_list":{"0":"post-631117","1":"post","2":"type-post","3":"status-publish","4":"format-standard","5":"has-post-thumbnail","7":"category-europe","8":"tag-actualites","9":"tag-analyse-politique","10":"tag-bruxelles","11":"tag-donald-trump","12":"tag-drones","13":"tag-etats-unis","14":"tag-eu","15":"tag-europe","16":"tag-european-union","17":"tag-evgueni-minchenko","18":"tag-finlande","19":"tag-fr","20":"tag-france","21":"tag-news","22":"tag-pays-baltes","23":"tag-republique-francaise","24":"tag-residence","25":"tag-royaume-uni","26":"tag-trajectoires-de-vol","27":"tag-ue","28":"tag-ukraine","29":"tag-union-europeenne","30":"tag-vladimir-poutine"},"share_on_mastodon":{"url":"https:\/\/pubeurope.com\/@fr\/115811714646938022","error":""},"_links":{"self":[{"href":"https:\/\/www.europesays.com\/fr\/wp-json\/wp\/v2\/posts\/631117","targetHints":{"allow":["GET"]}}],"collection":[{"href":"https:\/\/www.europesays.com\/fr\/wp-json\/wp\/v2\/posts"}],"about":[{"href":"https:\/\/www.europesays.com\/fr\/wp-json\/wp\/v2\/types\/post"}],"author":[{"embeddable":true,"href":"https:\/\/www.europesays.com\/fr\/wp-json\/wp\/v2\/users\/2"}],"replies":[{"embeddable":true,"href":"https:\/\/www.europesays.com\/fr\/wp-json\/wp\/v2\/comments?post=631117"}],"version-history":[{"count":0,"href":"https:\/\/www.europesays.com\/fr\/wp-json\/wp\/v2\/posts\/631117\/revisions"}],"wp:featuredmedia":[{"embeddable":true,"href":"https:\/\/www.europesays.com\/fr\/wp-json\/wp\/v2\/media\/631118"}],"wp:attachment":[{"href":"https:\/\/www.europesays.com\/fr\/wp-json\/wp\/v2\/media?parent=631117"}],"wp:term":[{"taxonomy":"category","embeddable":true,"href":"https:\/\/www.europesays.com\/fr\/wp-json\/wp\/v2\/categories?post=631117"},{"taxonomy":"post_tag","embeddable":true,"href":"https:\/\/www.europesays.com\/fr\/wp-json\/wp\/v2\/tags?post=631117"}],"curies":[{"name":"wp","href":"https:\/\/api.w.org\/{rel}","templated":true}]}}