{"id":631130,"date":"2025-12-31T02:11:12","date_gmt":"2025-12-31T02:11:12","guid":{"rendered":"https:\/\/www.europesays.com\/fr\/631130\/"},"modified":"2025-12-31T02:11:12","modified_gmt":"2025-12-31T02:11:12","slug":"francois-trarieux-globalement-tres-satisfait-actualite","status":"publish","type":"post","link":"https:\/\/www.europesays.com\/fr\/631130\/","title":{"rendered":"Fran\u00e7ois Trarieux : \u00ab Globalement tr\u00e8s satisfait \u00bb &#8211; Actualit\u00e9"},"content":{"rendered":"<p dir=\"ltr\"><strong>La plus grande \u00e9ch\u00e9ance de l\u2019ann\u00e9e approche. Dans un mois, les meilleurs sp\u00e9cialistes fran\u00e7ais de cyclo-cross se frotteront au gratin mondial dans la course au maillot arc-en-ciel, \u00e0 Hulst aux Pays-Bas. Entre-temps, c\u2019est \u00e0 Troyes que les tricolores s\u2019affronteront pour tenter de d\u00e9crocher les tant convoit\u00e9s titres de Champion de France. DirectVelo a profit\u00e9 de sa pr\u00e9sence \u00e0 Termonde, dimanche dernier, pour faire le point avec le s\u00e9lectionneur national de la discipline, Fran\u00e7ois Trarieux.<\/strong> <\/p>\n<p dir=\"ltr\"><strong>DirectVelo : Que retiens-tu de cette manche de Coupe du Monde \u00e0 Termonde et plus g\u00e9n\u00e9ralement de la saison des jeunes fran\u00e7ais jusqu\u2019\u00e0 pr\u00e9sent ?<\/strong><br \/>Fran\u00e7ois Trarieux : On restait sur de bons week-ends depuis le d\u00e9but de saison, en commen\u00e7ant fort \u00e0 Tabor. On s\u2019en \u00e9tait pas trop mal sorti \u00e9galement dans le sable de Coxyde. Lise (Revol) a fait un superbe d\u00e9but de saison et continue de confirmer son statut de Championne du Monde. Laly (Pichon) avait fait une tr\u00e8s belle manche \u00e0 Coxyde, \u00e7a a \u00e9t\u00e9 un peu plus compliqu\u00e9 pour elle au d\u00e9part ici, comme pour Z\u00e9lie (Lambert) et Lucie (Elizalde). Elles ont pass\u00e9 toute la course \u00e0 chasser le groupe qui se jouait le podium apr\u00e8s avoir loup\u00e9 le bon wagon en d\u00e9but de course, c\u2019est dommage. Plus g\u00e9n\u00e9ralement, ces quatre premi\u00e8res manches de Coupe du Monde restaient des \u00e9valuations pour voir qui pouvait potentiellement \u00eatre s\u00e9lectionn\u00e9 au Mondial. Lise confirme tout ce qu\u2019on attend d\u2019elle. Je suis tr\u00e8s satisfait qu&rsquo;elle remporte le classement de la Coupe du Monde (les r\u00e9sultats sont pris sur les quatre meilleures courses et elle ne peut plus \u00eatre devanc\u00e9e, NDLR), m\u00eame si ce n\u2019\u00e9tait pas l\u2019objectif majeur de la saison. C\u2019est seulement la deuxi\u00e8me Fran\u00e7aise \u00e0 r\u00e9ussir cette performance apr\u00e8s C\u00e9lia Gery.<\/p>\n<p><strong>\u00ab<\/strong><strong> ILS PARTENT DE LOIN SUR LA GRILLE \u00bb<\/strong> <\/p>\n<p><strong>Soren Bruy\u00e8re Joumard repart bredouille de Termonde \u00e0 cause d\u2019un incident m\u00e9canique alors qu\u2019il jouait la gagne\u2026<\/strong><br \/>Oui, \u00e7a fait deux week-ends cons\u00e9cutifs qu\u2019il joue de malchance. Il a eu un probl\u00e8me de cha\u00eene qui s\u2019est bloqu\u00e9e. Il marchait, il \u00e9tait avec les trois de devant.<\/p>\n<p><strong>Aucun Junior fran\u00e7ais ne figure dans le Top 20 ce dimanche\u2026<\/strong> <br \/>Victor Devos revient d\u2019une grippe, Soen Le Pann a lui aussi encha\u00een\u00e9 les petites maladies depuis un mois. Je ne veux pas leur trouver d\u2019excuses mais forc\u00e9ment, ce n\u2019est pas simple dans ces conditions-l\u00e0 de retrouver son meilleur niveau de forme. Caliste (Chainel) \u00e9tait sur un circuit tr\u00e8s roulant qui ne lui convenait pas trop. Augustin (Fahy) disputait sa premi\u00e8re manche de Coupe du Monde. Bien s\u00fbr, ce n\u2019est pas trop en termes de r\u00e9sultat mais il faut aussi dire que mis \u00e0 part Soren, les gamins paient le manque de points UCI. Ils partent de loin sur la grille et se retrouvent toujours \u00e0 devoir faire des courses de remont\u00e9e.<\/p>\n<p><strong>\u00ab JE COMMENCE \u00c0 AVOIR UN BON GROUPE EN T\u00caTE \u00bb <\/strong><\/p>\n<p><strong>Chez les Espoirs, comment analyses-tu la course d\u2019Aubin Sparfel et de L\u00e9o Bisiaux ?<\/strong><br \/>Je pense qu\u2019il a manqu\u00e9 un peu d\u2019exp\u00e9rience sur ce type de course. Il s\u2019est retrouv\u00e9 \u00e0 lutter face \u00e0 plusieurs N\u00e9erlandais et plusieurs Belges, dont certains \u00e9voluent qui plus est dans les m\u00eames \u00e9quipes de marques et qui roulaient ensemble. Aubin devait aussi assumer son leadership au classement de la Coupe du Monde. Il n\u2019y a pas eu photo tactiquement dans le final. Aubin s\u2019est fait contrer. L\u00e9o (Bisiaux) a fait une belle course en partant de la quatri\u00e8me ligne. Il devrait monter en pression au fil des courses, \u00e7a peut permettre \u00e0 Aubin de se retrouver un peu moins seul \u00e0 l\u2019avant.<\/p>\n<p><strong>O\u00f9 en es-tu au niveau de ta s\u00e9lection pour le Championnat du Monde ?<\/strong><br \/>Je commence \u00e0 avoir un bon groupe en t\u00eate mais la d\u00e9cision finale sera prise et annonc\u00e9e apr\u00e8s le Championnat de France de Troyes. On a un tr\u00e8s bon groupe m\u00eame si tout n\u2019a pas \u00e9t\u00e9 \u00e9vident \u00e0 Termonde. Les contre-performances apprennent aussi aux coureurs \u00e0 ne pas se reposer sur leurs lauriers. M\u00eame pour des Soren ou des Aubin qui peuvent pr\u00e9tendre au titre mondial, on voit que tout peut se jouer \u00e0 des d\u00e9tails. Globalement, s\u2019il fallait r\u00e9sumer la saison de nos \u00e9quipes de jeunes jusqu\u2019\u00e0 pr\u00e9sent, je suis quand m\u00eame tr\u00e8s satisfait. On est encore loin du Mondial, les jeunes savent qu\u2019il y a encore du travail mais il n\u2019y a rien d\u2019alarmant. Il reste bien s\u00fbr des marges de progression et de quoi faire pendant un mois, jusqu\u2019au Mondial, mais ce qu\u2019on voit reste tr\u00e8s encourageant.<\/p>\n<p><img decoding=\"async\" src=\"https:\/\/www.europesays.com\/fr\/wp-content\/uploads\/2025\/12\/6951933d370fa.jpg\" alt=\"\"\/> \u00a0<\/p>\n","protected":false},"excerpt":{"rendered":"La plus grande \u00e9ch\u00e9ance de l\u2019ann\u00e9e approche. Dans un mois, les meilleurs sp\u00e9cialistes fran\u00e7ais de cyclo-cross se frotteront&hellip;\n","protected":false},"author":2,"featured_media":631131,"comment_status":"","ping_status":"","sticky":false,"template":"","format":"standard","meta":{"footnotes":""},"categories":[1411],"tags":[834,828,836,829,837,827,83,826,824,823,1154,207,814,817,815,816,822,821,832,211,839,1011,27,820,818,819,835,831,830,833,838,60,212,208,825],"class_list":{"0":"post-631130","1":"post","2":"type-post","3":"status-publish","4":"format-standard","5":"has-post-thumbnail","7":"category-cyclisme","8":"tag-attaque","9":"tag-belgique","10":"tag-braquet","11":"tag-bretagne","12":"tag-chute","13":"tag-competition","14":"tag-coupe-de-france","15":"tag-coureur","16":"tag-course-cyclisme","17":"tag-course-cycliste","18":"tag-cycling","19":"tag-cyclisme","20":"tag-direct","21":"tag-direct-velo","22":"tag-directvelo","23":"tag-directvelo-com","24":"tag-epreuve","25":"tag-epreuve-cycliste","26":"tag-federation-francaise-de-cyclisme","27":"tag-ffc","28":"tag-flandres","29":"tag-fr","30":"tag-france","31":"tag-live","32":"tag-live-course","33":"tag-live-epreuve","34":"tag-peloton","35":"tag-radio-peloton","36":"tag-radio-tour","37":"tag-ravitaillement","38":"tag-relance","39":"tag-sports","40":"tag-uci","41":"tag-velo","42":"tag-velos"},"share_on_mastodon":{"url":"https:\/\/pubeurope.com\/@fr\/115811757826264197","error":""},"_links":{"self":[{"href":"https:\/\/www.europesays.com\/fr\/wp-json\/wp\/v2\/posts\/631130","targetHints":{"allow":["GET"]}}],"collection":[{"href":"https:\/\/www.europesays.com\/fr\/wp-json\/wp\/v2\/posts"}],"about":[{"href":"https:\/\/www.europesays.com\/fr\/wp-json\/wp\/v2\/types\/post"}],"author":[{"embeddable":true,"href":"https:\/\/www.europesays.com\/fr\/wp-json\/wp\/v2\/users\/2"}],"replies":[{"embeddable":true,"href":"https:\/\/www.europesays.com\/fr\/wp-json\/wp\/v2\/comments?post=631130"}],"version-history":[{"count":0,"href":"https:\/\/www.europesays.com\/fr\/wp-json\/wp\/v2\/posts\/631130\/revisions"}],"wp:featuredmedia":[{"embeddable":true,"href":"https:\/\/www.europesays.com\/fr\/wp-json\/wp\/v2\/media\/631131"}],"wp:attachment":[{"href":"https:\/\/www.europesays.com\/fr\/wp-json\/wp\/v2\/media?parent=631130"}],"wp:term":[{"taxonomy":"category","embeddable":true,"href":"https:\/\/www.europesays.com\/fr\/wp-json\/wp\/v2\/categories?post=631130"},{"taxonomy":"post_tag","embeddable":true,"href":"https:\/\/www.europesays.com\/fr\/wp-json\/wp\/v2\/tags?post=631130"}],"curies":[{"name":"wp","href":"https:\/\/api.w.org\/{rel}","templated":true}]}}