{"id":631134,"date":"2025-12-31T02:13:10","date_gmt":"2025-12-31T02:13:10","guid":{"rendered":"https:\/\/www.europesays.com\/fr\/631134\/"},"modified":"2025-12-31T02:13:10","modified_gmt":"2025-12-31T02:13:10","slug":"pierre-niney-ce-cnnard-sa-rivalite-meconnue-avec-gilles-lellouche","status":"publish","type":"post","link":"https:\/\/www.europesays.com\/fr\/631134\/","title":{"rendered":"Pierre Niney : \u00ab\u00a0Ce c*nnard\u00a0\u00bb, sa rivalit\u00e9 m\u00e9connue avec Gilles Lellouche"},"content":{"rendered":"<p>T\u00eate d&rsquo;affiche incontournable du cin\u00e9ma fran\u00e7ais depuis d\u00e9j\u00e0<br \/>\nplus d&rsquo;une d\u00e9cennie. Pierre Niney \u00e9tait <strong>au sommet du<br \/>\nbox-office en 2024.<\/strong> Cette ann\u00e9e-l\u00e0, il interpr\u00e9tait le<br \/>\nr\u00f4le-titre de la <a href=\"https:\/\/www.closermag.fr\/culture\/priscilla-la-zone-dinteret-le-comte-de-monte-cristo-les-films-les-plus-attendus-de-2024-3351931\" target=\"_blank\" rel=\"noopener\"><br \/>\nnouvelle adaptation cin\u00e9matographique du Comte de<br \/>\nMonte-Cristo<\/a>. Au total, plus de neuf millions de<br \/>\nspectateurs se sont d\u00e9plac\u00e9s dans les salles obscures pour<br \/>\nd\u00e9couvrir ce long-m\u00e9trage. Ce qui a fait de cette \u0153uvre le deuxi\u00e8me<br \/>\nfilm fran\u00e7ais le plus populaire cette ann\u00e9e-l\u00e0.<\/p>\n<p>En effet, <a href=\"https:\/\/www.telestar.fr\/culture\/un-ptit-truc-en-plus-avec-10-millions-dentrees-ou-se-classe-le-film-dartus-dans-lhistoire-du-cinema-francais-1686835\" target=\"_blank\" rel=\"noopener\"><br \/>\nla com\u00e9die baptis\u00e9e Un p&rsquo;tit truc en plus<\/a>, r\u00e9alis\u00e9e<br \/>\npar Artus, s&rsquo;\u00e9tait class\u00e9e premi\u00e8re avec plus de 11 millions de<br \/>\nspectateurs au cin\u00e9ma. Pour sa prestation dans le r\u00f4le du Comte<br \/>\nde Monte-Cristo. <strong>Pierre Niney avait \u00e9t\u00e9 nomm\u00e9 au C\u00e9sar<br \/>\ndu meilleur acteur.<\/strong> Une r\u00e9compense qu&rsquo;il avait d\u00e9j\u00e0<br \/>\nd\u00e9croch\u00e9e en 2015. Pour avoir incarn\u00e9 le c\u00e9l\u00e8bre couturier Yves<br \/>\nSaint-Laurent dans le biopic qui lui \u00e9tait consacr\u00e9.<\/p>\n<p>Pierre Niney \u00e0 Gilles Lellouche : \u00ab\u00a0Tu vas rester bien assis au<br \/>\nchaud\u00a0\u00bb<\/p>\n<p>En 2022, Pierre Niney avait une nouvelle fois \u00e9t\u00e9 nomm\u00e9 au C\u00e9sar<br \/>\ndu meilleur acteur. Cette fois-ci, <strong>c&rsquo;\u00e9tait pour son r\u00f4le<br \/>\ndans le film Bo\u00eete Noire<\/strong>. Face \u00e0 lui, on<br \/>\nretrouvait cette ann\u00e9e-l\u00e0 Gilles Lellouche. Nomm\u00e9 pour sa<br \/>\nprestation dans <a href=\"https:\/\/www.closermag.fr\/people\/bac-nord-quelle-histoire-vraie-a-inspire-le-film-1380644\" target=\"_blank\" rel=\"noopener\"><br \/>\nle long-m\u00e9trage Bac Nord.<\/a> Tandis que Fran\u00e7ois Civil<br \/>\n\u00e9tait quant \u00e0 lui nomm\u00e9 au C\u00e9sar du meilleur acteur dans un second<br \/>\nr\u00f4le pour ce m\u00eame film.<\/p>\n<p>\u00ab\u00a0\u00catre nomm\u00e9 aux C\u00e9sar cette ann\u00e9e. Tr\u00e8s cool mais savoir que<br \/>\nmon fr\u00e8re Fran\u00e7ois Civil, avec qui on r\u00eave de ce m\u00e9tier depuis<br \/>\npresque quinze piges, sera aussi de la partie = petite \u00e9motion.<br \/>\nContrairement \u00e0 ce c*nnard de Gilles Lellouche dont on se serait<br \/>\nbien pass\u00e9. Tu vas rester bien assis au chaud. <strong>Tu me diras<br \/>\nde quoi j&rsquo;ai l&rsquo;air sur sc\u00e8ne<\/strong>\u00ab\u00a0, avait alors lanc\u00e9<br \/>\nPierre Niney sur les r\u00e9seaux sociaux. Avec humour.<\/p>\n<p>Gilles Lellouche \u00e0 son partenaire de<br \/>\njeu : \u00ab\u00a0Tu ne vas quand m\u00eame pas perdre partout\u00a0\u00bb<\/p>\n<p>\u00ab\u00a0<strong>Tu vas regarder l&rsquo;\u00e9mission du haut de ta chaumi\u00e8re<br \/>\n\u00e0 la campagne non ?<\/strong> Parce que si tu peux faire une<br \/>\n\u00e9conomie d&rsquo;essence c&rsquo;est aussi bien. Tu ne vas quand m\u00eame pas<br \/>\nperdre partout\u00a0\u00bb, avait ensuite r\u00e9pliqu\u00e9 Gilles Lellouche.<br \/>\nFinalement, Pierre Niney avait mis un terme \u00e0 ce clash amical avec<br \/>\nle message suivant : \u00ab\u00a0Humilit\u00e9 et bienveillance seront les<br \/>\nma\u00eetres mots de ce combat\u00a0\u00bb.<\/p>\n<p>Peu apr\u00e8s la c\u00e9r\u00e9monie des C\u00e9sar. <strong>Les deux acteurs ont<br \/>\npartag\u00e9 l&rsquo;affiche du film baptis\u00e9 Goliath<\/strong>. Au<br \/>\nsein de ce long-m\u00e9trage, Gilles Lellouche incarnait le personnage<br \/>\nd&rsquo;un avocat d\u00e9termin\u00e9 \u00e0 faire tomber un g\u00e9ant de l\u2019agrochimie.<br \/>\nTandis que Pierre Niney interpr\u00e9tait le personnage d&rsquo;un lobbyiste<br \/>\nultra-rapide, qui est justement au service de cette entreprise. Le<br \/>\ncasting de ce film est compl\u00e9t\u00e9 par Emmanuelle Bercot. Dont le<br \/>\npersonnage livre une croisade acharn\u00e9e contre les pesticides.<\/p>\n","protected":false},"excerpt":{"rendered":"T\u00eate d&rsquo;affiche incontournable du cin\u00e9ma fran\u00e7ais depuis d\u00e9j\u00e0 plus d&rsquo;une d\u00e9cennie. Pierre Niney \u00e9tait au sommet du box-office&hellip;\n","protected":false},"author":2,"featured_media":631135,"comment_status":"","ping_status":"","sticky":false,"template":"","format":"standard","meta":{"footnotes":""},"categories":[1359],"tags":[21303,58,59,1011,27,70202,973],"class_list":{"0":"post-631134","1":"post","2":"type-post","3":"status-publish","4":"format-standard","5":"has-post-thumbnail","7":"category-people","8":"tag-buzz_nonli","9":"tag-divertissement","10":"tag-entertainment","11":"tag-fr","12":"tag-france","13":"tag-marfeel_connexes","14":"tag-people"},"share_on_mastodon":{"url":"https:\/\/pubeurope.com\/@fr\/115811765688972266","error":""},"_links":{"self":[{"href":"https:\/\/www.europesays.com\/fr\/wp-json\/wp\/v2\/posts\/631134","targetHints":{"allow":["GET"]}}],"collection":[{"href":"https:\/\/www.europesays.com\/fr\/wp-json\/wp\/v2\/posts"}],"about":[{"href":"https:\/\/www.europesays.com\/fr\/wp-json\/wp\/v2\/types\/post"}],"author":[{"embeddable":true,"href":"https:\/\/www.europesays.com\/fr\/wp-json\/wp\/v2\/users\/2"}],"replies":[{"embeddable":true,"href":"https:\/\/www.europesays.com\/fr\/wp-json\/wp\/v2\/comments?post=631134"}],"version-history":[{"count":0,"href":"https:\/\/www.europesays.com\/fr\/wp-json\/wp\/v2\/posts\/631134\/revisions"}],"wp:featuredmedia":[{"embeddable":true,"href":"https:\/\/www.europesays.com\/fr\/wp-json\/wp\/v2\/media\/631135"}],"wp:attachment":[{"href":"https:\/\/www.europesays.com\/fr\/wp-json\/wp\/v2\/media?parent=631134"}],"wp:term":[{"taxonomy":"category","embeddable":true,"href":"https:\/\/www.europesays.com\/fr\/wp-json\/wp\/v2\/categories?post=631134"},{"taxonomy":"post_tag","embeddable":true,"href":"https:\/\/www.europesays.com\/fr\/wp-json\/wp\/v2\/tags?post=631134"}],"curies":[{"name":"wp","href":"https:\/\/api.w.org\/{rel}","templated":true}]}}