{"id":631136,"date":"2025-12-31T02:14:11","date_gmt":"2025-12-31T02:14:11","guid":{"rendered":"https:\/\/www.europesays.com\/fr\/631136\/"},"modified":"2025-12-31T02:14:11","modified_gmt":"2025-12-31T02:14:11","slug":"village-breton-sous-la-neige-le-tableau-renversant-de-paul-gauguin","status":"publish","type":"post","link":"https:\/\/www.europesays.com\/fr\/631136\/","title":{"rendered":"\u00ab\u00a0Village breton sous la neige\u00a0\u00bb, le tableau renversant de Paul Gauguin"},"content":{"rendered":"<p>      lire plus tard<\/p>\n<p id=\"dialog__title\" class=\"dialog__title\">Pour sauvegarder cet article, connectez-vous ou cr\u00e9ez un compte franceinfo<\/p>\n<p class=\"dialog__description\">Sans paiement. Sans abonnement.<\/p>\n<p>        Fermer la fen\u00eatre d\u2019activation des notifications France Info<\/p>\n<p>      cr\u00e9er votre compte<\/p>\n<p>      se connecter<\/p>\n<p>      :<\/p>\n<p>        Fermer la fen\u00eatre de pr\u00e9sentation<\/p>\n<p>    Publi\u00e9 le 30\/12\/2025 21:46<\/p>\n<p>      Mis \u00e0 jour le 30\/12\/2025 21:47<\/p>\n<p>        Temps de lecture : 2min &#8211; vid\u00e9o : 3min<\/p>\n<p>    <img decoding=\"async\" class=\"francetv-player-wrapper__image\" alt=\"Art : &quot;Village breton sous la neige&quot;, le tableau renversant de Paul Gauguin\"  width=\"432\" height=\"243\" src=\"https:\/\/www.europesays.com\/fr\/wp-content\/uploads\/2025\/12\/tableau-695439b2768db284097130.jpg\" fetchpriority=\"high\"\/><\/p>\n<p>              Art : \u00ab\u00a0Village breton sous la neige\u00a0\u00bb, le tableau renversant de Paul Gauguin<br \/>\n                    (France 2)<\/p>\n<p>      3min<\/p>\n<p>\n  Peint par Paul Gauguin lors de ses ann\u00e9es \u00e0 Pont-Aven (Finist\u00e8re), le tableau qu&rsquo;on nomme d\u00e9sormais \u00ab\u00a0Village breton sous la neige\u00a0\u00bb, avait, dans un premier temps, \u00e9t\u00e9 identifi\u00e9 comme \u00ab\u00a0Les chutes du Niagara\u00a0\u00bb, avant d&rsquo;\u00eatre tourn\u00e9 dans le bon sens.\n<\/p>\n<p><strong>Ce texte correspond \u00e0 une partie de la retranscription du reportage ci-dessus. Cliquez sur la vid\u00e9o pour la regarder dans son int\u00e9gralit\u00e9.<\/strong><\/p>\n<p>De <a href=\"https:\/\/www.franceinfo.fr\/culture\/arts-expos\/peinture\/un-tableau-de-paul-gauguin-danse-bretonne-mis-en-vente-mardi-estime-entre-500-000-et-700-000-euros_7667893.html\" target=\"_self\" rel=\"noopener noreferrer nofollow\" data-tooltip-url=\"https:\/\/www.franceinfo.fr\/culture\/arts-expos\/peinture\/un-tableau-de-paul-gauguin-danse-bretonne-mis-en-vente-mardi-estime-entre-500-000-et-700-000-euros_7667893.html\">Paul Gauguin<\/a>, on conna\u00eet le go\u00fbt pour les tropiques, le soleil et les Ta\u00eftiennes, bien s\u00fbr. Les vahin\u00e9s lui inspirent ses plus c\u00e9l\u00e8bres tableaux, une peinture gorg\u00e9e de soleil. Mais avant Tahiti, Gauguin peint la Bretagne et m\u00eame la Bretagne sous la neige. La notori\u00e9t\u00e9 d&rsquo;un de ses tableaux est n\u00e9e d&rsquo;un malentendu. \u00c0 la mort de Gauguin en 1903, ses biens sont vendus aux ench\u00e8res \u00e0 Tahiti. Parmi eux, un tableau identifi\u00e9 comme \u00ab\u00a0Les chutes du Niagara\u00a0\u00bb. Certes, il faut avoir un peu d&rsquo;imagination, mais un homme, Victor Segalen, s&rsquo;appr\u00eatant \u00e0 l&rsquo;acheter, se permet une l\u00e9g\u00e8re correction. <\/p>\n<p>Le commissaire-priseur l&rsquo;avait en fait pr\u00e9sent\u00e9 \u00e0 l&rsquo;envers. Le tableau est logiquement rebaptis\u00e9 \u00ab\u00a0Village breton sous la neige\u00a0\u00bb. Une \u0153uvre renversante partie pour trois fois rien. Un tableau qui se d\u00e9couvre, dans le bon sens, au mus\u00e9e de Pont-Aven (Finist\u00e8re), le village o\u00f9 il a v\u00e9cu avant de s&rsquo;installer sous les tropiques et qui l&rsquo;a inspir\u00e9 avec son clocher et ses chaumi\u00e8res. Et malgr\u00e9 la m\u00e9t\u00e9o typiquement bretonne, Gauguin est d\u00e9j\u00e0 en recherche d&rsquo;exotisme. \u00ab\u00a0Son premier s\u00e9jour en Bretagne, c&rsquo;est en 1886. Il \u00e9crit \u00e0 sa femme danoise, Mette, qu&rsquo;il va dans un trou et qu&rsquo;il va chercher une nouvelle inspiration. Pont-Aven, c&rsquo;est un lieu qui n&rsquo;a pas connu les effets de l&rsquo;industrialisation galopante en cette fin du XIXe si\u00e8cle\u00a0\u00bb, explique Sophie Kervran, directrice du Mus\u00e9e de Pont-Aven.<\/p>\n<p>En 1886, Gauguin fuit l&rsquo;agitation parisienne et s&rsquo;installe dans le Finist\u00e8re, son premier bout du monde. Ici, il trouve certes son style, mais aussi le froid. Dans ses lettres, il se plaint que l&rsquo;hiver est rude. La neige l&rsquo;\u00e9puise : \u00ab\u00a0Le climat de Pont-Aven n&rsquo;est pas tout \u00e0 fait ce qu&rsquo;il me faut. Mais que voulez-vous ? On ne choisit pas\u00a0\u00bb. R\u00e9sultat : un tableau un peu aust\u00e8re autour duquel un myst\u00e8re subsiste encore : la date \u00e0 laquelle l&rsquo;artiste l&rsquo;a peint. \u00ab\u00a0Est-ce qu&rsquo;il l&rsquo;a peint ici, \u00e0 Pont-Aven, en 1894, lors de son dernier s\u00e9jour ? Ou est-ce que c&rsquo;est plut\u00f4t en 1898 ou m\u00eame en 1902-1903, juste avant sa mort, qu&rsquo;il aurait peint de m\u00e9moire ce village, ce Pont-Aven ?\u00a0\u00bb, s&rsquo;interroge Sophie Kervran.<\/p>\n<p>Peint depuis sa case polyn\u00e9sienne, le souvenir d&rsquo;un No\u00ebl breton enneig\u00e9. Un tableau que l&rsquo;artiste garda pr\u00e9cieusement jusqu&rsquo;\u00e0 sa mort. Une \u0153uvre hivernale qui a fait tourner bien des t\u00eates.<\/p>\n","protected":false},"excerpt":{"rendered":"lire plus tard Pour sauvegarder cet article, connectez-vous ou cr\u00e9ez un compte franceinfo Sans paiement. Sans abonnement. Fermer&hellip;\n","protected":false},"author":2,"featured_media":631137,"comment_status":"","ping_status":"","sticky":false,"template":"","format":"standard","meta":{"footnotes":""},"categories":[1358],"tags":[1348,1384,1385,1386,58,59,1011,27],"class_list":{"0":"post-631136","1":"post","2":"type-post","3":"status-publish","4":"format-standard","5":"has-post-thumbnail","7":"category-arts-et-design","8":"tag-arts","9":"tag-arts-and-design","10":"tag-arts-et-design","11":"tag-design","12":"tag-divertissement","13":"tag-entertainment","14":"tag-fr","15":"tag-france"},"share_on_mastodon":{"url":"https:\/\/pubeurope.com\/@fr\/115811769612315998","error":""},"_links":{"self":[{"href":"https:\/\/www.europesays.com\/fr\/wp-json\/wp\/v2\/posts\/631136","targetHints":{"allow":["GET"]}}],"collection":[{"href":"https:\/\/www.europesays.com\/fr\/wp-json\/wp\/v2\/posts"}],"about":[{"href":"https:\/\/www.europesays.com\/fr\/wp-json\/wp\/v2\/types\/post"}],"author":[{"embeddable":true,"href":"https:\/\/www.europesays.com\/fr\/wp-json\/wp\/v2\/users\/2"}],"replies":[{"embeddable":true,"href":"https:\/\/www.europesays.com\/fr\/wp-json\/wp\/v2\/comments?post=631136"}],"version-history":[{"count":0,"href":"https:\/\/www.europesays.com\/fr\/wp-json\/wp\/v2\/posts\/631136\/revisions"}],"wp:featuredmedia":[{"embeddable":true,"href":"https:\/\/www.europesays.com\/fr\/wp-json\/wp\/v2\/media\/631137"}],"wp:attachment":[{"href":"https:\/\/www.europesays.com\/fr\/wp-json\/wp\/v2\/media?parent=631136"}],"wp:term":[{"taxonomy":"category","embeddable":true,"href":"https:\/\/www.europesays.com\/fr\/wp-json\/wp\/v2\/categories?post=631136"},{"taxonomy":"post_tag","embeddable":true,"href":"https:\/\/www.europesays.com\/fr\/wp-json\/wp\/v2\/tags?post=631136"}],"curies":[{"name":"wp","href":"https:\/\/api.w.org\/{rel}","templated":true}]}}