{"id":631138,"date":"2025-12-31T02:16:15","date_gmt":"2025-12-31T02:16:15","guid":{"rendered":"https:\/\/www.europesays.com\/fr\/631138\/"},"modified":"2025-12-31T02:16:15","modified_gmt":"2025-12-31T02:16:15","slug":"la-bataille-la-malediction-de-lile-spoiler-les-duos-decouvrent-qui-a-ete-elimine-la-bataille-la-malediction-de-lile","status":"publish","type":"post","link":"https:\/\/www.europesays.com\/fr\/631138\/","title":{"rendered":"La Bataille : La Mal\u00e9diction de L&rsquo;\u00eele &#8211; SPOILER &#8211; Les duos d\u00e9couvrent qui a \u00e9t\u00e9 \u00e9limin\u00e9 &#8211; La Bataille : La Mal\u00e9diction de L&rsquo;\u00eele"},"content":{"rendered":"<p id=\"descriptionPanel\" class=\"text-secondary mr-2 line-clamp-2 pr-2.5 overflow-visible\">De retour sur l&rsquo;\u00eele, les duos qui ont particip\u00e9 \u00e0 l&rsquo;\u00e9preuve du cercle maudit reviennent avec une t\u00eate d&rsquo;enterrement&#8230; Ils doivent annoncer \u00e0 tout le monde qu&rsquo;un duo a \u00e9t\u00e9 \u00e9limin\u00e9. Personne ne veut croire que l&rsquo;\u00e9preuve \u00e9tait \u00e9liminatoire, mais lorsqu&rsquo;ils annoncent que c&rsquo;est Vivian et M\u00e9lanie Da Cruz qui ont \u00e9t\u00e9 \u00e9limin\u00e9s, Cynthia est d\u00e9vast\u00e9e. Elle n&rsquo;imagine pas l&rsquo;aventure sans lui et d\u00e9cide de lui ouvrir son c\u0153ur avant qu&rsquo;il ne quitte l&rsquo;\u00eele. Extrait de La Bataille :  La Mal\u00e9diction de L&rsquo;\u00eele &#8211; Episode 36 du 2 janvier 2026<br \/>En savoir plus sur <a class=\"text-white hover:text-blue-500\" href=\"https:\/\/www.tf1.fr\/dossier\/melanie-secret-story-9\" target=\"_blank\" rel=\"noopener\">M\u00e9lanie Da Cruz<\/a>, <a class=\"text-white hover:text-blue-500\" href=\"https:\/\/www.tf1.fr\/dossier\/maissane-aghioul-61458410\" target=\"_blank\" rel=\"noopener\">Maissane Aghioul<\/a>, <a class=\"text-white hover:text-blue-500\" href=\"https:\/\/www.tf1.fr\/dossier\/giovanni-prat-47518092\" target=\"_blank\" rel=\"noopener\">Giovanni Prat<\/a>, <a class=\"text-white hover:text-blue-500\" href=\"https:\/\/www.tf1.fr\/dossier\/amelie-neten-83340298\" target=\"_blank\" rel=\"noopener\">Am\u00e9lie Neten<\/a>, <a class=\"text-white hover:text-blue-500\" href=\"https:\/\/www.tf1.fr\/dossier\/celia-secret-story-2025-18208385\" target=\"_blank\" rel=\"noopener\">C\u00e9lia Mejjati<\/a>, <a class=\"text-white hover:text-blue-500\" href=\"https:\/\/www.tf1.fr\/dossier\/vivian-lvcb-3\" target=\"_blank\" rel=\"noopener\">Vivian Grimigni<\/a>, <a class=\"text-white hover:text-blue-500\" href=\"https:\/\/www.tf1.fr\/dossier\/constance-secret-story-2025-97345810\" target=\"_blank\" rel=\"noopener\">Constance Omar<\/a>, <a class=\"text-white hover:text-blue-500\" href=\"https:\/\/www.tf1.fr\/dossier\/frederique-brugiroux-06978016\" target=\"_blank\" rel=\"noopener\">Fr\u00e9d\u00e9rique Brugiroux<\/a>, <a class=\"text-white hover:text-blue-500\" href=\"https:\/\/www.tf1.fr\/dossier\/melanie-orlenko-98845143\" target=\"_blank\" rel=\"noopener\">M\u00e9lanie Orlenko<\/a>, <a class=\"text-white hover:text-blue-500\" href=\"https:\/\/www.tf1.fr\/dossier\/romain-spodarek-67295069\" target=\"_blank\" rel=\"noopener\">Romain Spodarek<\/a>, <a class=\"text-white hover:text-blue-500\" href=\"https:\/\/www.tf1.fr\/dossier\/cynthia-makhoul-89948165\" target=\"_blank\" rel=\"noopener\">Cynthia Makhoul<\/a> ou <a class=\"text-white hover:text-blue-500\" href=\"https:\/\/www.tf1.fr\/dossier\/gary-jarny-45589774\" target=\"_blank\" rel=\"noopener\">Gary Jarny<\/a><\/p>\n<p>Afficher la version longue du r\u00e9sum\u00e9<a class=\"shrink-0\" href=\"https:\/\/www.tf1.fr\/tfx\/la-bataille-la-malediction-de-lile\" target=\"_blank\" rel=\"noopener\"><img decoding=\"async\" src=\"https:\/\/www.europesays.com\/fr\/wp-content\/uploads\/2025\/12\/program-card-portrait-2b-c5fcf9-191fa7-0@1x.jpg\" width=\"138\" height=\"184\" alt=\"\" loading=\"eager\" fetchpriority=\"auto\" class=\"rounded-3px aspect-[3\/4] h-24 w-auto\" aria-hidden=\"true\"\/><\/a><\/p>\n","protected":false},"excerpt":{"rendered":"De retour sur l&rsquo;\u00eele, les duos qui ont particip\u00e9 \u00e0 l&rsquo;\u00e9preuve du cercle maudit reviennent avec une t\u00eate&hellip;\n","protected":false},"author":2,"featured_media":631139,"comment_status":"","ping_status":"","sticky":false,"template":"","format":"standard","meta":{"footnotes":""},"categories":[1356],"tags":[58,59,3483,64995,64996,46763,1011,27,64102,64997,64998,64114,64118,64103,64115,64119,64111,64110,64116,64117,64112,64113,252,1364,64108,64109],"class_list":{"0":"post-631138","1":"post","2":"type-post","3":"status-publish","4":"format-standard","5":"has-post-thumbnail","7":"category-television","8":"tag-divertissement","9":"tag-entertainment","10":"tag-extrait","11":"tag-extrait-la-bataille-la-malediction-de-lile","12":"tag-extrait-la-bataille-la-malediction-de-lile-tfx","13":"tag-extrait-tfx","14":"tag-fr","15":"tag-france","16":"tag-la-bataille-la-malediction-de-lile","17":"tag-la-bataille-la-malediction-de-lile-extrait","18":"tag-la-bataille-la-malediction-de-lile-extrait-tfx","19":"tag-la-bataille-la-malediction-de-lile-streaming","20":"tag-la-bataille-la-malediction-de-lile-streaming-gratuit","21":"tag-la-bataille-la-malediction-de-lile-tfx","22":"tag-la-bataille-la-malediction-de-lile-tfx-streaming","23":"tag-la-bataille-la-malediction-de-lile-tfx-streaming-gratuit","24":"tag-la-bataille-la-malediction-de-lile-tfx-video","25":"tag-la-bataille-la-malediction-de-lile-video","26":"tag-streaming-gratuit-la-bataille-la-malediction-de-lile","27":"tag-streaming-gratuit-la-bataille-la-malediction-de-lile-tfx","28":"tag-streaming-la-bataille-la-malediction-de-lile","29":"tag-streaming-la-bataille-la-malediction-de-lile-tfx","30":"tag-television","31":"tag-tv","32":"tag-video-la-bataille-la-malediction-de-lile","33":"tag-video-la-bataille-la-malediction-de-lile-tfx"},"share_on_mastodon":{"url":"","error":"Validation failed: Text character limit of 500 exceeded"},"_links":{"self":[{"href":"https:\/\/www.europesays.com\/fr\/wp-json\/wp\/v2\/posts\/631138","targetHints":{"allow":["GET"]}}],"collection":[{"href":"https:\/\/www.europesays.com\/fr\/wp-json\/wp\/v2\/posts"}],"about":[{"href":"https:\/\/www.europesays.com\/fr\/wp-json\/wp\/v2\/types\/post"}],"author":[{"embeddable":true,"href":"https:\/\/www.europesays.com\/fr\/wp-json\/wp\/v2\/users\/2"}],"replies":[{"embeddable":true,"href":"https:\/\/www.europesays.com\/fr\/wp-json\/wp\/v2\/comments?post=631138"}],"version-history":[{"count":0,"href":"https:\/\/www.europesays.com\/fr\/wp-json\/wp\/v2\/posts\/631138\/revisions"}],"wp:featuredmedia":[{"embeddable":true,"href":"https:\/\/www.europesays.com\/fr\/wp-json\/wp\/v2\/media\/631139"}],"wp:attachment":[{"href":"https:\/\/www.europesays.com\/fr\/wp-json\/wp\/v2\/media?parent=631138"}],"wp:term":[{"taxonomy":"category","embeddable":true,"href":"https:\/\/www.europesays.com\/fr\/wp-json\/wp\/v2\/categories?post=631138"},{"taxonomy":"post_tag","embeddable":true,"href":"https:\/\/www.europesays.com\/fr\/wp-json\/wp\/v2\/tags?post=631138"}],"curies":[{"name":"wp","href":"https:\/\/api.w.org\/{rel}","templated":true}]}}