{"id":631140,"date":"2025-12-31T02:17:14","date_gmt":"2025-12-31T02:17:14","guid":{"rendered":"https:\/\/www.europesays.com\/fr\/631140\/"},"modified":"2025-12-31T02:17:14","modified_gmt":"2025-12-31T02:17:14","slug":"les-pronostiques-hippiques-de-sebastien-mortagne-mercredi-31-decembre-rdl-la-radio-qui-chante","status":"publish","type":"post","link":"https:\/\/www.europesays.com\/fr\/631140\/","title":{"rendered":"Les pronostiques hippiques de S\u00e9bastien Mortagne : Mercredi 31 D\u00e9cembre &#8211; RDL &#8211; La Radio qui Chante"},"content":{"rendered":"<ol>\n<li><a href=\"https:\/\/news.google.com\/rss\/articles\/CBMiXkFVX3lxTFBIczQxWVlIYWk1bVNyV3FOZE9mVnJlejdTX2RQR2RCQkNaZkRYalktQnhYR2xISllyVkg3NGNyX2RQSTRlNEE1UnZqZENLN2RCS3RNNkw1cXNDT0lYWWc?oc=5\" target=\"_blank\" rel=\"noopener\">Les pronostiques hippiques de S\u00e9bastien Mortagne : Mercredi 31 D\u00e9cembre<\/a>&nbsp;&nbsp;RDL &#8211; La Radio qui Chante<\/li>\n<li><a href=\"https:\/\/news.google.com\/rss\/articles\/CBMiswFBVV95cUxOMUZWUVMtUU1OR0xXN0NIUHR2ZDNnbmJZOFpGX3RjMTQ3UjRkTWVWaVVvdmdqc19wemFQOTgwMWVyanc3eUMxZGw4QXNLNk1nckRzNDBZbC1TUGZpa25CNzU4WF9fQS11cjNiNWloelBMNWtWVkIzSEhNX1k0cmtSdjVDUldfc2wzTThTX2diZHFtVVZ0SzlMNTJGWWNCMG1QRW5BYzNrYnVHMGh3MTJ0dWpfYw?oc=5\" target=\"_blank\" rel=\"noopener\">Tierc\u00e9. Les pronostics de L&rsquo;Alsace pour mercredi 31 d\u00e9cembre &#8211; Prix de Poitiers<\/a>&nbsp;&nbsp;L&rsquo;Alsace<\/li>\n<li><a href=\"https:\/\/news.google.com\/rss\/articles\/CBMisgFBVV95cUxNQm81STBoM2hZdGpDTDJ4RThKOXcxWWI3OVRHZHdyemV0QTlqZUpOTExSeUMxY1RnT0JuNXUxOVl6Y1NMZHVramM4QzNHN0IwX1dDNmVSallsaEZTUmNsQjNKeWJWS2JpQ3JaeUo4a0h5VTBBcDh4VWM2LUwtbE5YTndQUm40LVBfeFNya3pBcmtFNFd3VVJ3eGdkSnZPN1hrUF9wNkVzTDlUZTduQ2VtQVRn?oc=5\" target=\"_blank\" rel=\"noopener\">Quint\u00e9 du mercredi 31 d\u00e9cembre 2025 \u00e0 Vincennes : les pronostics<\/a>&nbsp;&nbsp;RTL.fr<\/li>\n<li><a href=\"https:\/\/news.google.com\/rss\/articles\/CBMisgFBVV95cUxNLVoxSzFGNGVYYy1jX1hueHdmT3doLTNGTVMtcExIYUlTVmpmbHI2V05TV1BGMFBfajZRcFlSbUxjVG83MlBoTnZnRVU0eE4yQ05qVVBFNjhLRVdaTE5hc1pqazdXd1dSak9GTW01SjVqVHZDU2VsOWFZUERiREN1VnI4bE1WdkNFbzVrSWZ1cWdscjhZZU5MRTRRV2JqcDBRTTZaMmpDX21EOC05SGZ1RmJn?oc=5\" target=\"_blank\" rel=\"noopener\">Les pronos hippiques du mercredi 31 d\u00e9cembre 2025<\/a>&nbsp;&nbsp;RMC Sport<\/li>\n<li><a href=\"https:\/\/news.google.com\/rss\/articles\/CBMixwFBVV95cUxNNW5BN3kyTjZENno3SHZCZkQyTC01WTh4Qi1CZE9Ndm93UWlPWlg0UnZubmVPSUpkaksxanJYWU45QnVRMlFZQUE0Q3pPb3NqYThkaHJ3NUVRdUtVR0czemZUNl9MeDNsS3NtNDNiVG03NE9ZRzVyUm1vTDNhaVAzSXFaM2JYX1djQUpXUDRCR1JpQjc0endvY1RSbFlkckFIamRlUGMtOW9Kak11RFNYUEZ3eHZYZGgyLXFaRkxsTWo4QXlqb3JB?oc=5\" target=\"_blank\" rel=\"noopener\">Quint\u00e9+ du mercredi 31 d\u00e9cembre : Analyse et d\u00e9cryptage de la course de r\u00e9f<\/a>&nbsp;&nbsp;Equidia<\/li>\n<\/ol>\n","protected":false},"excerpt":{"rendered":"Les pronostiques hippiques de S\u00e9bastien Mortagne : Mercredi 31 D\u00e9cembre&nbsp;&nbsp;RDL &#8211; La Radio qui Chante Tierc\u00e9. Les pronostics&hellip;\n","protected":false},"author":2,"featured_media":563512,"comment_status":"","ping_status":"","sticky":false,"template":"","format":"standard","meta":{"footnotes":""},"categories":[1355],"tags":[119,11,3723,37292,9420,58,920,33,59,1011,27,37289,37290,1114,303,37291,4253,5672,1361,873,12,1308,37294,23862,1072,1825,37288,37293,37295,71,1097],"class_list":{"0":"post-631140","1":"post","2":"type-post","3":"status-publish","4":"format-standard","5":"has-post-thumbnail","7":"category-musique","8":"tag-accident","9":"tag-actualites","10":"tag-actus","11":"tag-bethune","12":"tag-calais","13":"tag-divertissement","14":"tag-dunkerque","15":"tag-economie","16":"tag-entertainment","17":"tag-fr","18":"tag-france","19":"tag-info-locale","20":"tag-info-regionale","21":"tag-infos","22":"tag-justice","23":"tag-le-voix-du-nord","24":"tag-lens","25":"tag-montreuil","26":"tag-music","27":"tag-musique","28":"tag-news","29":"tag-nord","30":"tag-nord-littoral","31":"tag-pas-de-calais","32":"tag-police","33":"tag-radio","34":"tag-rdl","35":"tag-saint-omer","36":"tag-saint-pol-sur-ternoise","37":"tag-sante","38":"tag-trafic"},"share_on_mastodon":{"url":"https:\/\/pubeurope.com\/@fr\/115811781490048757","error":""},"_links":{"self":[{"href":"https:\/\/www.europesays.com\/fr\/wp-json\/wp\/v2\/posts\/631140","targetHints":{"allow":["GET"]}}],"collection":[{"href":"https:\/\/www.europesays.com\/fr\/wp-json\/wp\/v2\/posts"}],"about":[{"href":"https:\/\/www.europesays.com\/fr\/wp-json\/wp\/v2\/types\/post"}],"author":[{"embeddable":true,"href":"https:\/\/www.europesays.com\/fr\/wp-json\/wp\/v2\/users\/2"}],"replies":[{"embeddable":true,"href":"https:\/\/www.europesays.com\/fr\/wp-json\/wp\/v2\/comments?post=631140"}],"version-history":[{"count":0,"href":"https:\/\/www.europesays.com\/fr\/wp-json\/wp\/v2\/posts\/631140\/revisions"}],"wp:featuredmedia":[{"embeddable":true,"href":"https:\/\/www.europesays.com\/fr\/wp-json\/wp\/v2\/media\/563512"}],"wp:attachment":[{"href":"https:\/\/www.europesays.com\/fr\/wp-json\/wp\/v2\/media?parent=631140"}],"wp:term":[{"taxonomy":"category","embeddable":true,"href":"https:\/\/www.europesays.com\/fr\/wp-json\/wp\/v2\/categories?post=631140"},{"taxonomy":"post_tag","embeddable":true,"href":"https:\/\/www.europesays.com\/fr\/wp-json\/wp\/v2\/tags?post=631140"}],"curies":[{"name":"wp","href":"https:\/\/api.w.org\/{rel}","templated":true}]}}