{"id":631150,"date":"2025-12-31T02:23:10","date_gmt":"2025-12-31T02:23:10","guid":{"rendered":"https:\/\/www.europesays.com\/fr\/631150\/"},"modified":"2025-12-31T02:23:10","modified_gmt":"2025-12-31T02:23:10","slug":"loi-speciale-deficit-dette-un-debut-dannee-decisif-pour-la-france","status":"publish","type":"post","link":"https:\/\/www.europesays.com\/fr\/631150\/","title":{"rendered":"Loi sp\u00e9ciale, d\u00e9ficit, dette&#8230; Un d\u00e9but d\u2019ann\u00e9e d\u00e9cisif pour la France"},"content":{"rendered":"<p>\n    <strong>D\u00c9CRYPTAGE &#8211;<\/strong> Lourdement endett\u00e9e, la France doit emprunter en 2026 le montant record de 310\u00a0milliards d\u2019euros.<\/p>\n<p class=\"fig-paragraph\">C\u2019est ce qu\u2019on appelle une cote mal taill\u00e9e, en attendant un costume mieux ajust\u00e9. La loi sp\u00e9ciale garantissant la continuit\u00e9 budg\u00e9taire de l\u2019\u00c9tat,\u00a0<a href=\"http:\/\/www.lefigaro.fr\/conjoncture\/budget-2026-la-loi-speciale-promulguee-au-journal-officiel-le-budget-2025-reconduit-20251227\" data-fig-type=\"NewsFlash\" data-gtm-custom-categorie=\"navigation\" data-gtm-custom-action=\"crossclick\" data-gtm-custom-label=\"Contextuel\" data-gtm-event=\"customEventSPE\" data-fig-domain=\"LEFIGARO\" target=\"_blank\" rel=\"noopener\">promulgu\u00e9e la semaine derni\u00e8re par Emmanuel Macron<\/a>, n\u2019est pas une bonne affaire, selon la ministre charg\u00e9e des Comptes publics, Am\u00e9lie de\u00a0Montchalin. En l\u2019absence d\u2019un \u00ab\u00a0vrai budget\u00a0\u00bb, le recours \u00e0 ce \u00ab\u00a0service minimum\u00a0\u00bb<a href=\"http:\/\/www.lefigaro.fr\/conjoncture\/en-l-absence-de-budget-une-loi-speciale-couterait-11-milliards-d-euros-a-l-economie-20251016\" data-fig-type=\"NewsFlash\" data-gtm-custom-categorie=\"navigation\" data-gtm-custom-action=\"crossclick\" data-gtm-custom-label=\"Contextuel\" data-gtm-event=\"customEventSPE\" data-fig-domain=\"LEFIGARO\" target=\"_blank\" rel=\"noopener\">\u00a0co\u00fbterait 11\u00a0milliards d\u2019euros<\/a>\u00a0\u00e0 l\u2019\u00e9conomie fran\u00e7aise, avait affirm\u00e9 le minist\u00e8re de l\u2019\u00c9conomie et des Finances en octobre. Un chiffrage qui n\u2019est pas encore stabilis\u00e9, reconna\u00eet Bercy. Le rapporteur LR du budget \u00e0 l\u2019Assembl\u00e9e nationale,\u00a0<a href=\"https:\/\/video.lefigaro.fr\/figaro\/economie\/nous-avons-le-temps-grace-a-la-loi-speciale-se-felicite-le-rapporteur-philippe-juvin-20251223\" data-fig-type=\"Video\" data-gtm-custom-categorie=\"navigation\" data-gtm-custom-action=\"crossclick\" data-gtm-custom-label=\"Contextuel\" data-gtm-event=\"customEventSPE\" data-fig-domain=\"LEFIGARO\" target=\"_blank\" rel=\"noopener\">Philippe Juvin<\/a>, estime pour sa part que, si ce r\u00e9gime ne dure qu\u2019une quinzaine de jours, alors il ne co\u00fbtera \u00ab\u00a0pas grand-chose\u00a0\u00bb.<\/p>\n<p>                                                        Revenir \u00e0 5\u00a0% de d\u00e9ficit en 2026<\/p>\n<p class=\"fig-paragraph\">Ce qui est certain, c\u2019est que personne n\u2019a int\u00e9r\u00eat \u00e0 ce que cette situation perdure. Les militaires attendent de voir leur budget augmenter de 6,7\u00a0milliards d\u2019euros, tout comme leurs coll\u00e8gues de la Justice et de l\u2019Int\u00e9rieur dans de moindres proportions\u2026<\/p>\n<p class=\"fig-premium-paywall__infos\">\n        Cet article est r\u00e9serv\u00e9 aux abonn\u00e9s.        Il vous reste 83% \u00e0 d\u00e9couvrir.\n    <\/p>\n<p>                <img  data- alt=\"Le Figaro\" class=\"fig-img--complete fig-img\"\/><\/p>\n<p class=\"fig-premium-paywall__title\">Vous avez envie de lire la suite ?<\/p>\n<p class=\"fig-premium-paywall__subtitle\">D\u00e9bloquez tous les articles imm\u00e9diatement.<\/p>\n<p class=\"fig-premium-paywall__connect\">\n                D\u00e9j\u00e0 abonn\u00e9\u00a0?                <a class=\"fig-premium-paywall__connect-link\" href=\"https:\/\/connect.lefigaro.fr\/login?client=horizon_web&amp;type=main&amp;redirect_uri=https%3A%2F%2Fwww.lefigaro.fr%2Fconjoncture%2Floi-speciale-deficit-dette-un-debut-d-annee-decisif-pour-la-france-20251230\" data-js-gtm=\"{&quot;customCategorie&quot;: &quot;conversion&quot;, &quot;customAction&quot;: &quot;before_Landing_Connexion_paywall_auto&quot;, &quot;customLabel&quot;: &quot;bGVmaWdhcm8uZnJfXzFmMGU1NmEwLWY0ZTItNjU4Ni1hMTAwLTg5MGRmMzdlODA5OV9fTmV3c0ZsYXNo_Loi sp\u00e9ciale, d\u00e9ficit, dette... Un d\u00e9but d\u2019ann\u00e9e d\u00e9cisif pour la France_249&quot;, &quot;customIDSPE&quot;: &quot;bGVmaWdhcm8uZnJfXzFmMGU1NmEwLWY0ZTItNjU4Ni1hMTAwLTg5MGRmMzdlODA5OV9fTmV3c0ZsYXNo&quot;, &quot;event&quot;: &quot;customEventSPE&quot;}\" target=\"_blank\" rel=\"noopener\"><br \/>\n                    Connectez-vous<br \/>\n                <\/a>\n            <\/p>\n","protected":false},"excerpt":{"rendered":"D\u00c9CRYPTAGE &#8211; Lourdement endett\u00e9e, la France doit emprunter en 2026 le montant record de 310\u00a0milliards d\u2019euros. C\u2019est ce&hellip;\n","protected":false},"author":2,"featured_media":631151,"comment_status":"","ping_status":"","sticky":false,"template":"","format":"standard","meta":{"footnotes":""},"categories":[6],"tags":[339,340,35,343,345,350,130,344,352,349,33,34,341,313,1011,27,346,342,353,351,347,348,354],"class_list":{"0":"post-631150","1":"post","2":"type-post","3":"status-publish","4":"format-standard","5":"has-post-thumbnail","7":"category-economie","8":"tag-actualite-economique","9":"tag-bourse","10":"tag-business","11":"tag-cac-40","12":"tag-chef-dentreprise","13":"tag-concurrence","14":"tag-consommation","15":"tag-creation-dentreprise","16":"tag-crise","17":"tag-delocalisations","18":"tag-economie","19":"tag-economy","20":"tag-emploi","21":"tag-entreprises","22":"tag-fr","23":"tag-france","24":"tag-grands-patrons","25":"tag-impots","26":"tag-licenciements","27":"tag-monopole","28":"tag-multinationales","29":"tag-privatisation","30":"tag-unio"},"share_on_mastodon":{"url":"https:\/\/pubeurope.com\/@fr\/115811805345275166","error":""},"_links":{"self":[{"href":"https:\/\/www.europesays.com\/fr\/wp-json\/wp\/v2\/posts\/631150","targetHints":{"allow":["GET"]}}],"collection":[{"href":"https:\/\/www.europesays.com\/fr\/wp-json\/wp\/v2\/posts"}],"about":[{"href":"https:\/\/www.europesays.com\/fr\/wp-json\/wp\/v2\/types\/post"}],"author":[{"embeddable":true,"href":"https:\/\/www.europesays.com\/fr\/wp-json\/wp\/v2\/users\/2"}],"replies":[{"embeddable":true,"href":"https:\/\/www.europesays.com\/fr\/wp-json\/wp\/v2\/comments?post=631150"}],"version-history":[{"count":0,"href":"https:\/\/www.europesays.com\/fr\/wp-json\/wp\/v2\/posts\/631150\/revisions"}],"wp:featuredmedia":[{"embeddable":true,"href":"https:\/\/www.europesays.com\/fr\/wp-json\/wp\/v2\/media\/631151"}],"wp:attachment":[{"href":"https:\/\/www.europesays.com\/fr\/wp-json\/wp\/v2\/media?parent=631150"}],"wp:term":[{"taxonomy":"category","embeddable":true,"href":"https:\/\/www.europesays.com\/fr\/wp-json\/wp\/v2\/categories?post=631150"},{"taxonomy":"post_tag","embeddable":true,"href":"https:\/\/www.europesays.com\/fr\/wp-json\/wp\/v2\/tags?post=631150"}],"curies":[{"name":"wp","href":"https:\/\/api.w.org\/{rel}","templated":true}]}}