{"id":631156,"date":"2025-12-31T02:26:14","date_gmt":"2025-12-31T02:26:14","guid":{"rendered":"https:\/\/www.europesays.com\/fr\/631156\/"},"modified":"2025-12-31T02:26:14","modified_gmt":"2025-12-31T02:26:14","slug":"le-gouvernement-va-presenter-une-importante-reforme-du-droit-de-la-fonction-publique-mi-janvier","status":"publish","type":"post","link":"https:\/\/www.europesays.com\/fr\/631156\/","title":{"rendered":"Le gouvernement va pr\u00e9senter une importante r\u00e9forme du droit de la fonction publique mi-janvier"},"content":{"rendered":"<p>Le <a href=\"https:\/\/www.20minutes.fr\/dossier\/gouvernement\" target=\"_blank\" class=\"c-link c-link--is-underlined\" rel=\"noopener\">gouvernement<\/a> s\u2019appr\u00eate \u00e0 ouvrir un nouveau chantier l\u00e9gislatif sur la <a href=\"https:\/\/www.20minutes.fr\/dossier\/fonction_publique\" target=\"_blank\" class=\"c-link c-link--is-underlined\" rel=\"noopener\">fonction publique<\/a>. Un projet de loi visant \u00e0 harmoniser plusieurs dispositions juridiques, fragilis\u00e9es par des d\u00e9cisions r\u00e9centes du <a href=\"https:\/\/www.20minutes.fr\/dossier\/conseil_constitutionnel\" target=\"_blank\" class=\"c-link c-link--is-underlined\" rel=\"noopener\">Conseil constitutionnel<\/a>, doit \u00eatre pr\u00e9sent\u00e9 aux organisations syndicales \u00e0 la mi-janvier. Le texte sera soumis pour avis le 13\u00a0janvier lors d\u2019un Conseil commun de la fonction publique (CCFP), confirmant une information r\u00e9v\u00e9l\u00e9e par Le Monde.<\/p>\n<p>Cette \u00e9tape marque le lancement d\u2019une premi\u00e8re phase de concertation avec les repr\u00e9sentants des agents publics, avant une transmission ult\u00e9rieure au <a href=\"https:\/\/www.20minutes.fr\/dossier\/parlement\" target=\"_blank\" class=\"c-link c-link--is-underlined\" rel=\"noopener\">Parlement<\/a> \u00e0 une date qui reste \u00e0 pr\u00e9ciser. Le minist\u00e8re de la fonction publique indique que l\u2019objectif est de \u00ab\u00a0s\u00e9curiser plusieurs dispositions du droit de la fonction publique\u00a0\u00bb afin de \u00ab\u00a0limiter tout risque contentieux pour l\u2019administration\u00a0\u00bb, apr\u00e8s la censure de certaines r\u00e8gles jug\u00e9es contraires \u00e0 la <a href=\"https:\/\/www.20minutes.fr\/dossier\/constitution\" target=\"_blank\" class=\"c-link c-link--is-underlined\" rel=\"noopener\">Constitution<\/a>.<\/p>\n<p>Un projet pour les agents contractuels<\/p>\n<p>L\u2019un des volets centraux du projet concerne les agents contractuels de la fonction publique de l\u2019Etat, qui emploie environ 2,5\u00a0millions de personnes, notamment des <a href=\"https:\/\/www.20minutes.fr\/dossier\/enseignant\" target=\"_blank\" class=\"c-link c-link--is-underlined\" rel=\"noopener\">enseignants<\/a> et des agents des administrations centrales et territoriales. Jusqu\u2019\u00e0 pr\u00e9sent, l\u2019acc\u00e8s \u00e0 un contrat \u00e0 dur\u00e9e ind\u00e9termin\u00e9e (<a href=\"https:\/\/www.20minutes.fr\/dossier\/cdi\" target=\"_blank\" class=\"c-link c-link--is-underlined\" rel=\"noopener\">CDI<\/a>) suppose au moins six ann\u00e9es de services publics en contrats \u00e0 dur\u00e9e d\u00e9termin\u00e9e (<a href=\"https:\/\/www.20minutes.fr\/dossier\/cdd\" target=\"_blank\" class=\"c-link c-link--is-underlined\" rel=\"noopener\">CDD<\/a>). Or certains CDD n\u2019\u00e9taient pas comptabilis\u00e9s, une exclusion jug\u00e9e contraire au principe d\u2019\u00e9galit\u00e9 devant la loi par le Conseil constitutionnel en juillet.<\/p>\n<\/p>\n<p>Pour se conformer \u00e0 cette d\u00e9cision, le projet de loi pr\u00e9voit d\u2019int\u00e9grer ces p\u00e9riodes dans le calcul des six ann\u00e9es n\u00e9cessaires \u00e0 l\u2019obtention d\u2019un CDI. Cette anciennet\u00e9 devra toutefois avoir \u00e9t\u00e9 acquise int\u00e9gralement au sein du \u00ab\u00a0m\u00eame d\u00e9partement minist\u00e9riel, de la m\u00eame autorit\u00e9 publique ou du m\u00eame \u00e9tablissement public\u00a0\u00bb, pr\u00e9cise le texte, afin de maintenir un cadre coh\u00e9rent pour les employeurs publics.<\/p>\n<p>\u00ab\u00a0Droit de se taire\u00a0\u00bb en cas de proc\u00e9dure disciplinaire<\/p>\n<p>Le gouvernement entend \u00e9galement inscrire dans la loi un \u00ab\u00a0droit de se taire\u00a0\u00bb pour les fonctionnaires faisant l\u2019objet d\u2019une proc\u00e9dure disciplinaire. Cette \u00e9volution r\u00e9pond aux exigences formul\u00e9es par les juges constitutionnels et impose \u00e0 l\u2019administration d\u2019informer explicitement l\u2019agent de ce droit, valable jusqu\u2019\u00e0 la cl\u00f4ture de la proc\u00e9dure engag\u00e9e \u00e0 son encontre.<\/p>\n<p><a href=\"https:\/\/www.20minutes.fr\/dossier\/fonction_publique\" target=\"_blank\" class=\"c-link c-btn c-btn--primary\" rel=\"noopener\">Notre dossier sur la fonction publique<\/a><\/p>\n<p>Enfin, le projet de loi pr\u00e9voit de p\u00e9renniser le dispositif de titularisation des <a href=\"https:\/\/www.20minutes.fr\/dossier\/apprentissage\" target=\"_blank\" class=\"c-link c-link--is-underlined\" rel=\"noopener\">apprentis<\/a> en situation de <a href=\"https:\/\/www.20minutes.fr\/dossier\/handicap\" target=\"_blank\" class=\"c-link c-link--is-underlined\" rel=\"noopener\">handicap<\/a> dans la fonction publique. Arriv\u00e9e \u00e0 \u00e9ch\u00e9ance, l\u2019exp\u00e9rimentation serait ainsi transform\u00e9e en mesure durable, avec pour objectif affich\u00e9 de \u00ab\u00a0renforcer l\u2019inclusion\u00a0\u00bb au sein des administrations. L\u2019ensemble de ces dispositions sera au c\u0153ur des discussions sociales pr\u00e9vues en janvier, avant un futur examen parlementaire.<\/p>\n","protected":false},"excerpt":{"rendered":"Le gouvernement s\u2019appr\u00eate \u00e0 ouvrir un nouveau chantier l\u00e9gislatif sur la fonction publique. Un projet de loi visant&hellip;\n","protected":false},"author":2,"featured_media":631157,"comment_status":"","ping_status":"","sticky":false,"template":"","format":"standard","meta":{"footnotes":""},"categories":[2],"tags":[47,11,1003,39211,76,1274,1011,27,418,420,12,1050,316],"class_list":{"0":"post-631156","1":"post","2":"type-post","3":"status-publish","4":"format-standard","5":"has-post-thumbnail","7":"category-actualites","8":"tag-actualite","9":"tag-actualites","10":"tag-budget","11":"tag-conseil-constitutionnel","12":"tag-constitution","13":"tag-fonction-publique","14":"tag-fr","15":"tag-france","16":"tag-gouvernement","17":"tag-loi","18":"tag-news","19":"tag-parlement","20":"tag-politique"},"share_on_mastodon":{"url":"https:\/\/pubeurope.com\/@fr\/115811816741473343","error":""},"_links":{"self":[{"href":"https:\/\/www.europesays.com\/fr\/wp-json\/wp\/v2\/posts\/631156","targetHints":{"allow":["GET"]}}],"collection":[{"href":"https:\/\/www.europesays.com\/fr\/wp-json\/wp\/v2\/posts"}],"about":[{"href":"https:\/\/www.europesays.com\/fr\/wp-json\/wp\/v2\/types\/post"}],"author":[{"embeddable":true,"href":"https:\/\/www.europesays.com\/fr\/wp-json\/wp\/v2\/users\/2"}],"replies":[{"embeddable":true,"href":"https:\/\/www.europesays.com\/fr\/wp-json\/wp\/v2\/comments?post=631156"}],"version-history":[{"count":0,"href":"https:\/\/www.europesays.com\/fr\/wp-json\/wp\/v2\/posts\/631156\/revisions"}],"wp:featuredmedia":[{"embeddable":true,"href":"https:\/\/www.europesays.com\/fr\/wp-json\/wp\/v2\/media\/631157"}],"wp:attachment":[{"href":"https:\/\/www.europesays.com\/fr\/wp-json\/wp\/v2\/media?parent=631156"}],"wp:term":[{"taxonomy":"category","embeddable":true,"href":"https:\/\/www.europesays.com\/fr\/wp-json\/wp\/v2\/categories?post=631156"},{"taxonomy":"post_tag","embeddable":true,"href":"https:\/\/www.europesays.com\/fr\/wp-json\/wp\/v2\/tags?post=631156"}],"curies":[{"name":"wp","href":"https:\/\/api.w.org\/{rel}","templated":true}]}}