{"id":631158,"date":"2025-12-31T02:28:11","date_gmt":"2025-12-31T02:28:11","guid":{"rendered":"https:\/\/www.europesays.com\/fr\/631158\/"},"modified":"2025-12-31T02:28:11","modified_gmt":"2025-12-31T02:28:11","slug":"bafe-gomis-bientot-dirigeant-a-saint-etienne","status":"publish","type":"post","link":"https:\/\/www.europesays.com\/fr\/631158\/","title":{"rendered":"Baf\u00e9 Gomis bient\u00f4t dirigeant \u00e0 Saint-Etienne\u00a0?"},"content":{"rendered":"<p>Afficher l\u2019index Masquer l\u2019index <\/p>\n<p><strong>Baf\u00e9 Gomis<\/strong>, ancien joueur de l\u2019<strong>ASSE<\/strong>, pr\u00e9pare sa reconversion en tant que dirigeant sportif. Il n\u2019\u00e9carte pas un \u00e9ventuel retour \u00e0 Saint-Etienne o\u00f9 il avait \u00e9t\u00e9 form\u00e9 et r\u00e9v\u00e9l\u00e9.<\/p>\n<p>ASSE : Reconversion, Baf\u00e9 Gomis passe ses dipl\u00f4mes \u00e0 la FIFA\t<\/p>\n<p>Retrait\u00e9 depuis novembre 2024, <a href=\"https:\/\/www.foot-sur7.fr\/701478-asse-stassin-surprend-en-copiant-une-star-de-liverpool\" data-type=\"post\" data-id=\"701478\" target=\"_blank\" rel=\"noopener\">Baf\u00e9 Gomis (40 ans), ancien buteur de l\u2019ASSE<\/a>, passe ses dipl\u00f4mes, afin de se lancer dans une carri\u00e8re de dirigeant. Dans un entretien avec Le Progr\u00e8s, il apprend qu\u2019il passe ses dipl\u00f4mes avec la FIFA. Il a ensuite laiss\u00e9 entendre qu\u2019il a d\u00e9j\u00e0 \u00ab obtenu la certification \u00e9lite scout \u00bb et poursuit sa formation. N\u00e9anmoins, il se dit d\u00e9j\u00e0 pr\u00eat \u00e0 exercer.<\/p>\n<p>\u00ab Je vois plut\u00f4t mon avenir dans une direction sportive, le management, dans le but de devenir un dirigeant de club. J\u2019ai encore un an et demi d\u2019\u00e9tudes, mais je peux \u00eatre en poste, et les mener de front, si on me propose le bon projet \u00bb, a annonc\u00e9 l\u2019ancien joueur de l\u2019<a href=\"https:\/\/www.foot-sur7.fr\/foot-saint-etienne\" data-type=\"link\" data-id=\"https:\/\/www.foot-sur7.fr\/foot-saint-etienne\" target=\"_blank\" rel=\"noopener\">AS Saint-Etienne<\/a>.<\/p>\n<p><a class=\"related-article simple\" href=\"https:\/\/www.foot-sur7.fr\/714907-mercato-lom-en-feu-accord-proche-avec-ilan-kebbal\" target=\"_blank\" rel=\"noopener\">\u00c0 voirMercato\u00a0: L\u2019OM en feu, accord proche avec Ilan Kebbal\u00a0?<\/a><\/p>\n<p>Baf\u00e9 Gomis est m\u00eame d\u00e9j\u00e0 enthousiaste \u00e0 l\u2019id\u00e9e d\u2019\u00eatre la cheville ouvri\u00e8re du recrutement dans un club. \u00ab Je pense que c\u2019est le moteur d\u2019un club, quand on recrute les bons joueurs, quand on a le bon r\u00e9seau \u00bb, a-t-il gliss\u00e9 dans le quotidien r\u00e9gional.<\/p>\n<p>Mercato : Gomis envisage un retour \u00e0 Saint-Etienne comme dirigeant<\/p>\n<p>Form\u00e9 \u00e0 l\u2019ASSE (2000-2002), puis lanc\u00e9 et r\u00e9v\u00e9l\u00e9 par le club st\u00e9phanois (2003-2009), l\u2019ancien international Fran\u00e7ais (12 s\u00e9lections) n\u2019exclut pas de revenir dans le Forez, o\u00f9 il a gard\u00e9 des liens forts, dans le costume de dirigeant.<\/p>\n<p><strong>Lisez aussi : <a href=\"https:\/\/www.foot-sur7.fr\/714780-mercato-asse-le-nom-dun-entraineur-libre-associe-a-sainte\" target=\"_blank\" rel=\"noopener\">Mercato ASSE : Le nom d\u2019un entra\u00eeneur libre associ\u00e9 \u00e0 Saint\u00e9<\/a><\/strong><\/p>\n<p>\u00ab Le club a eu la chance d\u2019\u00eatre rachet\u00e9 par un grand groupe fortun\u00e9 qui fait du bon travail, m\u00eame s\u2019il y a eu descente. Ils ont su garder l\u2019ossature de l\u2019\u00e9quipe. Il faut \u00eatre patient [\u2026], il faut regarder sur le moyen et long terme \u00bb, a-t-il d\u00e9clar\u00e9.<\/p>\n<p><a class=\"related-article simple\" href=\"https:\/\/www.foot-sur7.fr\/714918-psg-nasser-al-khelaifi-annonce-du-lourd-pour-lannee-2026\" target=\"_blank\" rel=\"noopener\">\u00c0 voirPSG : Nasser Al-Khela\u00effi annonce du lourd pour l\u2019ann\u00e9e 2026<\/a><\/p>\n<p>Cependant, il faut rappeler qu\u2019en 2023 d\u00e9j\u00e0, Baf\u00e9 Gomis n\u2019avait pas ferm\u00e9 la porte \u00e0 un retour \u00e0 Saint-Etienne. \u00ab Un r\u00f4le \u00e0 l\u2019avenir au sein du club en cas de rachat ? Pourquoi pas \u00bb, avait-il annonc\u00e9, avant <a href=\"https:\/\/www.foot-sur7.fr\/601849-asse-kilmer-sports-voit-las-saint-etienne-en-or\" data-type=\"post\" data-id=\"601849\" target=\"_blank\" rel=\"noopener\">l\u2019arriv\u00e9e de Kilmer Sports Ventures en juin 2024<\/a>.<\/p>\n<p>Lire aussi sur l\u2019ASSE :<\/p>\n<p><a href=\"https:\/\/www.foot-sur7.fr\/714753-asse-mercato-reponse-cash-dune-cible-preferee-de-sainte\" target=\"_blank\" rel=\"noopener\">ASSE Mercato : R\u00e9ponse cash d\u2019une cible pr\u00e9f\u00e9r\u00e9e de Saint\u00e9<\/a><\/p>\n<p><a href=\"https:\/\/www.foot-sur7.fr\/714707-mercato-asse-maintien-de-horneland-ksv-face-a-son-choix\" target=\"_blank\" rel=\"noopener\">Mercato ASSE : Maintien de Horneland, KSV face \u00e0 son choix<\/a><\/p>\n<p><a href=\"https:\/\/www.foot-sur7.fr\/714705-mercato-asse-larsonneur-pousse-vers-la-sortie-sa-succession-engagee\" target=\"_blank\" rel=\"noopener\">Mercato ASSE : Larsonneur pouss\u00e9 vers la sortie ? Sa succession engag\u00e9e<\/a><\/p>\n<p><a class=\"related-article simple\" href=\"https:\/\/www.foot-sur7.fr\/714823-mercato-ogc-nice-puel-avance-pour-une-deuxieme-recrue\" target=\"_blank\" rel=\"noopener\">\u00c0 voirMercato OGC Nice\u00a0: Puel avance pour une deuxi\u00e8me recrue<\/a><\/p>\n","protected":false},"excerpt":{"rendered":"Afficher l\u2019index Masquer l\u2019index Baf\u00e9 Gomis, ancien joueur de l\u2019ASSE, pr\u00e9pare sa reconversion en tant que dirigeant sportif.&hellip;\n","protected":false},"author":2,"featured_media":1217,"comment_status":"","ping_status":"","sticky":false,"template":"","format":"standard","meta":{"footnotes":""},"categories":[9653],"tags":[1111,11,2430,1777,674,1011,27,12,25,4001],"class_list":{"0":"post-631158","1":"post","2":"type-post","3":"status-publish","4":"format-standard","5":"has-post-thumbnail","7":"category-saint-etienne","8":"tag-actu","9":"tag-actualites","10":"tag-auvergne-rhone-alpes","11":"tag-eu","12":"tag-europe","13":"tag-fr","14":"tag-france","15":"tag-news","16":"tag-republique-francaise","17":"tag-saint-etienne"},"share_on_mastodon":{"url":"https:\/\/pubeurope.com\/@fr\/115811824596510107","error":""},"_links":{"self":[{"href":"https:\/\/www.europesays.com\/fr\/wp-json\/wp\/v2\/posts\/631158","targetHints":{"allow":["GET"]}}],"collection":[{"href":"https:\/\/www.europesays.com\/fr\/wp-json\/wp\/v2\/posts"}],"about":[{"href":"https:\/\/www.europesays.com\/fr\/wp-json\/wp\/v2\/types\/post"}],"author":[{"embeddable":true,"href":"https:\/\/www.europesays.com\/fr\/wp-json\/wp\/v2\/users\/2"}],"replies":[{"embeddable":true,"href":"https:\/\/www.europesays.com\/fr\/wp-json\/wp\/v2\/comments?post=631158"}],"version-history":[{"count":0,"href":"https:\/\/www.europesays.com\/fr\/wp-json\/wp\/v2\/posts\/631158\/revisions"}],"wp:featuredmedia":[{"embeddable":true,"href":"https:\/\/www.europesays.com\/fr\/wp-json\/wp\/v2\/media\/1217"}],"wp:attachment":[{"href":"https:\/\/www.europesays.com\/fr\/wp-json\/wp\/v2\/media?parent=631158"}],"wp:term":[{"taxonomy":"category","embeddable":true,"href":"https:\/\/www.europesays.com\/fr\/wp-json\/wp\/v2\/categories?post=631158"},{"taxonomy":"post_tag","embeddable":true,"href":"https:\/\/www.europesays.com\/fr\/wp-json\/wp\/v2\/tags?post=631158"}],"curies":[{"name":"wp","href":"https:\/\/api.w.org\/{rel}","templated":true}]}}