{"id":631171,"date":"2025-12-31T02:44:47","date_gmt":"2025-12-31T02:44:47","guid":{"rendered":"https:\/\/www.europesays.com\/fr\/631171\/"},"modified":"2025-12-31T02:44:47","modified_gmt":"2025-12-31T02:44:47","slug":"rennes-mis-en-examen-pour-viol-sur-mineur-un-pretre-breton-obtient-finalement-un-non-lieu","status":"publish","type":"post","link":"https:\/\/www.europesays.com\/fr\/631171\/","title":{"rendered":"Rennes : Mis en examen pour viol sur mineur, un pr\u00eatre breton obtient finalement un non-lieu"},"content":{"rendered":"<p class=\"mb-4 text-lg md:leading-8 break-words\"><strong>luxure &#8211; Adepte de soir\u00e9es \u00ab\u00a0chemsex\u00a0\u00bb, le pr\u00eatre a admis avoir eu des rapports violents mais consentis avec l\u2019adolescent<\/strong><\/p>\n<p class=\"mb-4 text-lg md:leading-8 break-words\">Sa mise en examen avait cr\u00e9\u00e9 une onde de choc dans la paroisse bretonne o\u00f9 il exer\u00e7ait. Un juge d\u2019instruction parisien a finalement ordonn\u00e9 un non-lieu concernant un pr\u00eatre <a href=\"https:\/\/www.20minutes.fr\/justice\/4009512-20221110-pretre-mis-examen-viol-aggrave-adolescent-ecroue-paris?at_medium=RSS%20feed&amp;at_campaign=ynews&amp;utm_source=yahoo&amp;utm_medium=rss&amp;utm_campaign=news_feed&amp;utm_content=in_article_link\" rel=\"nofollow noopener\" target=\"_blank\" data-ylk=\"slk:mis en examen en\u00a02022 pour viol sur un adolescent;elm:context_link;itc:0;sec:content-canvas\" class=\"link \">mis en examen en\u00a02022 pour viol sur un adolescent<\/a> qui l\u2019accusait de l\u2019avoir drogu\u00e9.<\/p>\n<p class=\"mb-4 text-lg md:leading-8 break-words\">Par ordonnance du 26\u00a0d\u00e9cembre, le juge a renvoy\u00e9 Yannick Polign\u00e9 devant le tribunal correctionnel de <a href=\"https:\/\/www.20minutes.fr\/paris\/?at_medium=RSS%20feed&amp;at_campaign=ynews&amp;utm_source=yahoo&amp;utm_medium=rss&amp;utm_campaign=news_feed&amp;utm_content=in_article_link\" rel=\"nofollow noopener\" target=\"_blank\" data-ylk=\"slk:Paris;elm:context_link;itc:0;sec:content-canvas\" class=\"link \">Paris<\/a> pour usage de stup\u00e9fiants, mais sans donner lieu \u00e0 poursuite pour des faits de nature sexuelle, a expliqu\u00e9 mardi le parquet de Paris.<\/p>\n<p>Renvoy\u00e9 pour usage de stup\u00e9fiants<\/p>\n<p class=\"mb-4 text-lg md:leading-8 break-words\">Yannick Polign\u00e9, 55 ans, avait \u00e9t\u00e9 mis en examen en novembre\u00a02022 et plac\u00e9 en d\u00e9tention provisoire pour viol avec administration d\u2019une substance de nature \u00e0 alt\u00e9rer le discernement, mise en danger de la vie d\u2019autrui, et usage de stup\u00e9fiants depuis\u00a02016. Le non-lieu ordonn\u00e9 par le juge pour le viol, et le seul renvoi du pr\u00eatre pour usage de stup\u00e9fiants, sont conformes aux r\u00e9quisitions du parquet, prises le 17\u00a0novembre dernier.<\/p>\n<p class=\"mb-4 text-lg md:leading-8 break-words\">Les accusations port\u00e9es par l\u2019adolescent fin\u00a02022 avaient provoqu\u00e9 la stup\u00e9faction dans le dioc\u00e8se de <a href=\"https:\/\/www.20minutes.fr\/rennes\/?at_medium=RSS%20feed&amp;at_campaign=ynews&amp;utm_source=yahoo&amp;utm_medium=rss&amp;utm_campaign=news_feed&amp;utm_content=in_article_link\" rel=\"nofollow noopener\" target=\"_blank\" data-ylk=\"slk:Rennes;elm:context_link;itc:0;sec:content-canvas\" class=\"link \">Rennes<\/a> o\u00f9 exer\u00e7ait alors ce cur\u00e9, sur fond de r\u00e9v\u00e9lations multiples de violences sexuelles sur mineurs dans l\u2019Eglise.<\/p>\n<p class=\"mb-4 text-lg md:leading-8 break-words\">Au moment des faits, Yannick Polign\u00e9, ordonn\u00e9 pr\u00eatre en\u00a01999, \u00e9tait cur\u00e9 de la paroisse Saint-Louis-Marie-en-Broc\u00e9liande, \u00e0 Montfort-sur-Meu (Ille-et-Vilaine). L\u2019archev\u00eaque de Rennes Pierre d\u2019Ornellas avait annonc\u00e9 en novembre\u00a02022 avoir \u00ab\u00a0signal\u00e9\u00a0\u00bb au Vatican les faits reproch\u00e9s au pr\u00eatre afin que soit lanc\u00e9e une (&#8230;)<\/p>\n<p class=\"mb-4 text-lg md:leading-8 break-words\"><a href=\"https:\/\/www.20minutes.fr\/justice\/4193755-20251230-rennes-mis-examen-viol-mineur-pretre-breton-obtient-finalement-non-lieu?at_medium=RSS%20feed&amp;at_campaign=ynews&amp;utm_source=yahoo&amp;utm_medium=rss&amp;utm_campaign=news_feed&amp;utm_content=read_more_link&quot;\" rel=\"nofollow noopener\" target=\"_blank\" data-ylk=\"slk:Lire la suite sur 20minutes;elm:context_link;itc:0;sec:content-canvas\" class=\"link \">Lire la suite sur 20minutes<\/a><\/p>\n<p>\u00c0 lire aussi :<br \/><a href=\"https:\/\/www.20minutes.fr\/faits_divers\/4180663-20251021-dordogne-pretre-arrete-juge-agressions-sexuelles-mineur?at_medium=RSS%20feed&amp;at_campaign=ynews&amp;utm_source=yahoo&amp;utm_medium=rss&amp;utm_campaign=news_feed&amp;utm_content=related_content_link\" rel=\"nofollow noopener\" target=\"_blank\" data-ylk=\"slk:Dordogne\u00a0: Un pr\u00eatre arr\u00eat\u00e9 et jug\u00e9 pour des agressions sexuelles sur mineur;elm:context_link;itc:0;sec:content-canvas\" class=\"link \">Dordogne\u00a0: Un pr\u00eatre arr\u00eat\u00e9 et jug\u00e9 pour des agressions sexuelles sur mineur<\/a><br \/><a href=\"https:\/\/www.20minutes.fr\/faits_divers\/4184161-20251107-maroc-pretre-breton-reconnait-violences-sexuelles-jeunes-migrants?at_medium=RSS%20feed&amp;at_campaign=ynews&amp;utm_source=yahoo&amp;utm_medium=rss&amp;utm_campaign=news_feed&amp;utm_content=related_content_link\" rel=\"nofollow noopener\" target=\"_blank\" data-ylk=\"slk:Maroc\u00a0: Un pr\u00eatre breton reconna\u00eet des violences sexuelles sur de jeunes migrants;elm:context_link;itc:0;sec:content-canvas\" class=\"link \">Maroc\u00a0: Un pr\u00eatre breton reconna\u00eet des violences sexuelles sur de jeunes migrants<\/a><\/p>\n","protected":false},"excerpt":{"rendered":"luxure &#8211; Adepte de soir\u00e9es \u00ab\u00a0chemsex\u00a0\u00bb, le pr\u00eatre a admis avoir eu des rapports violents mais consentis avec&hellip;\n","protected":false},"author":2,"featured_media":631172,"comment_status":"","ping_status":"","sticky":false,"template":"","format":"standard","meta":{"footnotes":""},"categories":[2821],"tags":[1111,11,829,1777,674,1011,27,9079,73994,5117,12,584,25,1265,73993],"class_list":{"0":"post-631171","1":"post","2":"type-post","3":"status-publish","4":"format-standard","5":"has-post-thumbnail","7":"category-rennes","8":"tag-actu","9":"tag-actualites","10":"tag-bretagne","11":"tag-eu","12":"tag-europe","13":"tag-fr","14":"tag-france","15":"tag-ladolescent","16":"tag-le-pretre","17":"tag-mise-en-examen","18":"tag-news","19":"tag-rennes","20":"tag-republique-francaise","21":"tag-viol","22":"tag-yannick-poligne"},"share_on_mastodon":{"url":"https:\/\/pubeurope.com\/@fr\/115811891489178271","error":""},"_links":{"self":[{"href":"https:\/\/www.europesays.com\/fr\/wp-json\/wp\/v2\/posts\/631171","targetHints":{"allow":["GET"]}}],"collection":[{"href":"https:\/\/www.europesays.com\/fr\/wp-json\/wp\/v2\/posts"}],"about":[{"href":"https:\/\/www.europesays.com\/fr\/wp-json\/wp\/v2\/types\/post"}],"author":[{"embeddable":true,"href":"https:\/\/www.europesays.com\/fr\/wp-json\/wp\/v2\/users\/2"}],"replies":[{"embeddable":true,"href":"https:\/\/www.europesays.com\/fr\/wp-json\/wp\/v2\/comments?post=631171"}],"version-history":[{"count":0,"href":"https:\/\/www.europesays.com\/fr\/wp-json\/wp\/v2\/posts\/631171\/revisions"}],"wp:featuredmedia":[{"embeddable":true,"href":"https:\/\/www.europesays.com\/fr\/wp-json\/wp\/v2\/media\/631172"}],"wp:attachment":[{"href":"https:\/\/www.europesays.com\/fr\/wp-json\/wp\/v2\/media?parent=631171"}],"wp:term":[{"taxonomy":"category","embeddable":true,"href":"https:\/\/www.europesays.com\/fr\/wp-json\/wp\/v2\/categories?post=631171"},{"taxonomy":"post_tag","embeddable":true,"href":"https:\/\/www.europesays.com\/fr\/wp-json\/wp\/v2\/tags?post=631171"}],"curies":[{"name":"wp","href":"https:\/\/api.w.org\/{rel}","templated":true}]}}