{"id":631175,"date":"2025-12-31T02:46:13","date_gmt":"2025-12-31T02:46:13","guid":{"rendered":"https:\/\/www.europesays.com\/fr\/631175\/"},"modified":"2025-12-31T02:46:13","modified_gmt":"2025-12-31T02:46:13","slug":"previsions-du-mercredi-31-decembre-2025-2","status":"publish","type":"post","link":"https:\/\/www.europesays.com\/fr\/631175\/","title":{"rendered":"pr\u00e9visions du mercredi 31 d\u00e9cembre 2025"},"content":{"rendered":"<p>Un splendide soleil brillera sur Strasbourg, o\u00f9 la journ\u00e9e sera des plus plaisantes. Le thermom\u00e8tre affichera -1\u00b0C en moyenne. Les Strasbourgeois vont avoir froid le matin : les temp\u00e9ratures ne vont pas d\u00e9passer 1\u00b0C. Les valeurs seront comprises entre -3\u00b0C et 1\u00b0C, rappelant l&rsquo;hiver au bon souvenir des habitants. Un l\u00e9ger vent de nord soufflera. Les Strasbourgeois vont avoir froid l&rsquo;apr\u00e8s-midi : les temp\u00e9ratures ne vont pas d\u00e9passer 2\u00b0C. Les valeurs afficheront entre -1 et 2\u00b0C, un temps bel et bien de saison. Des \u00e9claircies sont attendues : on passera une soir\u00e9e cl\u00e9mente. Il fera environ -2\u00b0C. Pendant votre sommeil, dans la nuit de mercredi \u00e0 jeudi, le ciel sera clair.<\/p>\n<p>Un bel ensoleillement est pr\u00e9vu demain \u00e0 Strasbourg. On pr\u00e9voit des temp\u00e9ratures d&rsquo;environ -1\u00b0C. Un vent de sud-ouest rafra\u00eechira quelque peu l&rsquo;atmosph\u00e8re. Les Strasbourgeois vont avoir froid le matin : les temp\u00e9ratures ne vont pas d\u00e9passer 1\u00b0C. Il va faire -2\u00b0C en moyenne. Les Strasbourgeois vont avoir froid demain apr\u00e8s-midi : les temp\u00e9ratures ne vont pas d\u00e9passer 2\u00b0C. L&rsquo;hiver sera bien l\u00e0 puisque les valeurs seront quand m\u00eame de -1\u00b0C au plus bas et de 2\u00b0C au plus haut. La m\u00e9t\u00e9o devrait s&rsquo;am\u00e9liorer durant la soir\u00e9e. Les temp\u00e9ratures tourneront autour de les -1\u00b0C.<\/p>\n<p>Pour les jours qui suivent, le temps ne changera pas. Il va faire un temps assez ensoleill\u00e9 avec des temp\u00e9ratures autour de -3\u00b0C.<\/p>\n<p><\/p>\n","protected":false},"excerpt":{"rendered":"Un splendide soleil brillera sur Strasbourg, o\u00f9 la journ\u00e9e sera des plus plaisantes. Le thermom\u00e8tre affichera -1\u00b0C en&hellip;\n","protected":false},"author":2,"featured_media":631176,"comment_status":"","ping_status":"","sticky":false,"template":"","format":"standard","meta":{"footnotes":""},"categories":[2820],"tags":[1111,11,1777,674,1011,27,775,12,2119,25,640],"class_list":{"0":"post-631175","1":"post","2":"type-post","3":"status-publish","4":"format-standard","5":"has-post-thumbnail","7":"category-strasbourg","8":"tag-actu","9":"tag-actualites","10":"tag-eu","11":"tag-europe","12":"tag-fr","13":"tag-france","14":"tag-grand-est","15":"tag-news","16":"tag-previsions-meteo","17":"tag-republique-francaise","18":"tag-strasbourg"},"share_on_mastodon":{"url":"https:\/\/pubeurope.com\/@fr\/115811895413492717","error":""},"_links":{"self":[{"href":"https:\/\/www.europesays.com\/fr\/wp-json\/wp\/v2\/posts\/631175","targetHints":{"allow":["GET"]}}],"collection":[{"href":"https:\/\/www.europesays.com\/fr\/wp-json\/wp\/v2\/posts"}],"about":[{"href":"https:\/\/www.europesays.com\/fr\/wp-json\/wp\/v2\/types\/post"}],"author":[{"embeddable":true,"href":"https:\/\/www.europesays.com\/fr\/wp-json\/wp\/v2\/users\/2"}],"replies":[{"embeddable":true,"href":"https:\/\/www.europesays.com\/fr\/wp-json\/wp\/v2\/comments?post=631175"}],"version-history":[{"count":0,"href":"https:\/\/www.europesays.com\/fr\/wp-json\/wp\/v2\/posts\/631175\/revisions"}],"wp:featuredmedia":[{"embeddable":true,"href":"https:\/\/www.europesays.com\/fr\/wp-json\/wp\/v2\/media\/631176"}],"wp:attachment":[{"href":"https:\/\/www.europesays.com\/fr\/wp-json\/wp\/v2\/media?parent=631175"}],"wp:term":[{"taxonomy":"category","embeddable":true,"href":"https:\/\/www.europesays.com\/fr\/wp-json\/wp\/v2\/categories?post=631175"},{"taxonomy":"post_tag","embeddable":true,"href":"https:\/\/www.europesays.com\/fr\/wp-json\/wp\/v2\/tags?post=631175"}],"curies":[{"name":"wp","href":"https:\/\/api.w.org\/{rel}","templated":true}]}}