{"id":631191,"date":"2025-12-31T02:57:19","date_gmt":"2025-12-31T02:57:19","guid":{"rendered":"https:\/\/www.europesays.com\/fr\/631191\/"},"modified":"2025-12-31T02:57:19","modified_gmt":"2025-12-31T02:57:19","slug":"podcast-double-incendie-fin-du-plastique-covid-decouvrez-la-suite-de-la-saga-milhe-avons","status":"publish","type":"post","link":"https:\/\/www.europesays.com\/fr\/631191\/","title":{"rendered":"PODCAST. Double incendie, fin du plastique, Covid\u2026 D\u00e9couvrez la suite de la saga Milhe &#038; Avons"},"content":{"rendered":"<p>Ancien journal papier, l\u2019entreprise marseillaise Milhe &amp; Avons conna\u00eet une progression constante depuis sa cr\u00e9ation, en\u00a01876. Au tournant des ann\u00e9es\u00a01990, boost\u00e9e par l\u2019essor de la soci\u00e9t\u00e9 de consommation et son besoin continue de contenants, la soci\u00e9t\u00e9 est en plein essor. Mais, en\u00a01991, un drame bouleverse la vie de l\u2019entreprise. En seulement deux semaines, deux violents incendies br\u00fblent une partie du b\u00e2timent de stockage ainsi qu\u2019une grande partie de l\u2019entrep\u00f4t de production de Milhe &amp; Avons, install\u00e9 dans le quartier de Saint-Barnab\u00e9, \u00e0 Marseille.<\/p>\n<p>Pour Milhe &amp; Avons, ce double incendie est finalement per\u00e7u comme l\u2019occasion d\u2019un nouveau d\u00e9part. Un nouvel \u00e9lan qui va se mat\u00e9rialiser plusieurs mois plus tard par un nouveau changement de locaux, 30\u00a0ans apr\u00e8s son installation dans l\u2019entrep\u00f4t de Saint-Barnab\u00e9. Le 22\u00a0juin\u00a01992, Bernard et Michel Milhe, les deux dirigeants de l\u2019entreprise qui repr\u00e9sentent alors la quatri\u00e8me g\u00e9n\u00e9ration familiale, inaugurent la nouvelle usine install\u00e9e au <a href=\"https:\/\/www.laprovence.com\/article\/region\/1737483381313415\/marseille-chateau-gombert-un-technopole-qu-il-faut-demystifier-et-securiser\" target=\"_blank\" rel=\"noopener\">technop\u00f4le de Ch\u00e2teau-Gombert<\/a>.<\/p>\n<p>La fin du tout plastique<\/p>\n<p>Durant les ann\u00e9es qui suivent, l\u2019entreprise se pr\u00e9pare \u00e0 une r\u00e9volution qui va frapper tout le secteur de l\u2019emballage\u00a0: la fin du tout plastique. \u00ab\u00a0Cette prise de conscience \u00e9cologique fait que le papier reprend une forme de lettre de noblesse\u00a0\u00bb, rappelle Olivier Milhe, l\u2019actuel directeur commercial et marketing de l\u2019entreprise.<\/p>\n<p>Dans sa volont\u00e9 de produire des sacs les plus \u00e9cologiques possibles, Milhe &amp; Avons va mettre au point ce qui va devenir sa marque de fabrique\u00a0: le Cabas Massilia. Avec sa poign\u00e9e torsad\u00e9e, ce sac papier va rapidement s\u2019imposer et devenir la r\u00e9f\u00e9rence de la soci\u00e9t\u00e9.<\/p>\n<p>L\u2019enjeu de la transmission<\/p>\n<p>Alors que tout semble aller pour le mieux pour la soci\u00e9t\u00e9 qui a su faire preuve de r\u00e9silience et <a href=\"https:\/\/www.laprovence.com\/article\/papier\/3160798\/milhe-et-avons-des-sacs-pour-tous-les-commerces.htmlhttps:\/\/www.laprovence.com\/article\/papier\/3160798\/milhe-et-avons-des-sacs-pour-tous-les-commerces.html\" target=\"_blank\" rel=\"noopener\">d\u2019innovation<\/a>, un \u00e9v\u00e8nement inattendu va de nouveau rebattre les cartes de l\u2019entreprise\u00a0: le Covid. Toujours flexible et en capacit\u00e9 de s\u2019adapter, Milhe &amp; Avons se met alors en ordre de marche et, en lien avec l\u2019un de ses fournisseurs chinois, se lance dans l\u2019acheminement de masques.<\/p>\n<p>L\u2019entreprise qui f\u00eatera ses 150\u00a0ans d\u2019existence l\u2019ann\u00e9e prochaine semble r\u00e9sister au temps et \u00e0 tous les \u00e9v\u00e9nements. Pourtant, il est un d\u00e9fi qui ne cesse de planer au-dessus de sa t\u00eate\u00a0: la transmission familiale. \u00ab\u00a0L\u2019\u00e9vidence de la transmission n\u2019est jamais l\u00e0, reconna\u00eet Olivier Milhe, qui repr\u00e9sente la cinqui\u00e8me g\u00e9n\u00e9ration \u00e0 la t\u00eate de l\u2019entreprise avec son fr\u00e8re Thomas, directeur g\u00e9n\u00e9ral de Milhe &amp; Avons. \u00c0 chaque g\u00e9n\u00e9ration, un nouvel enjeu se pr\u00e9sente, celui de savoir si des personnes ont l\u2019envie et la capacit\u00e9 de reprendre l\u2019entreprise.\u00a0\u00bb Un enjeu pour chaque g\u00e9n\u00e9ration afin que l\u2019affaire continue d\u2019\u00eatre le sac de la famille Milhe.<\/p>\n<p><strong>Le podcast \u00ab\u00a0Centaures\u00a0\u00bb est \u00e0 d\u00e9couvrir sur <a href=\"https:\/\/www.laprovence.com\/podcasts\" target=\"_blank\" rel=\"noopener\">LaProvence.com<\/a>, l&rsquo;application \u00ab\u00a0La Provence\u00a0\u00bb et sur toutes les plateformes d&rsquo;\u00e9coute.<\/strong><\/p>\n<p><a target=\"_self\" aria-label=\"Acc\u00e9der au dossier Saga, nos r\u00e9cits sonores\" class=\"w-full h-full flex flex-row rounded-lg\" data-xiti-chapter1=\"dossier\" data-xiti-chapter2=\"tag\" type=\"navigation\" href=\"https:\/\/www.laprovence.com\/dossiers\/126327\/saga-nos-recits-sonores\" rel=\"noopener\"><img alt=\"Illustration du dossier Saga, nos r\u00e9cits sonores\" loading=\"lazy\" decoding=\"async\" data-nimg=\"fill\" class=\"rounded-lg\" style=\"position:absolute;height:100%;width:100%;left:0;top:0;right:0;bottom:0;object-fit:cover;color:transparent\"   src=\"https:\/\/www.europesays.com\/fr\/wp-content\/uploads\/2025\/12\/saga-recit.png\"\/><\/a><\/p>\n","protected":false},"excerpt":{"rendered":"Ancien journal papier, l\u2019entreprise marseillaise Milhe &amp; Avons conna\u00eet une progression constante depuis sa cr\u00e9ation, en\u00a01876. Au tournant&hellip;\n","protected":false},"author":2,"featured_media":631192,"comment_status":"","ping_status":"","sticky":false,"template":"","format":"standard","meta":{"footnotes":""},"categories":[2814],"tags":[17,1111,11,73995,4400,3391,1777,674,5729,1011,27,1310,884,12,6579,3725,2927,882,25],"class_list":{"0":"post-631191","1":"post","2":"type-post","3":"status-publish","4":"format-standard","5":"has-post-thumbnail","7":"category-marseille","8":"tag-17","9":"tag-actu","10":"tag-actualites","11":"tag-centaures","12":"tag-covid","13":"tag-double","14":"tag-eu","15":"tag-europe","16":"tag-fin","17":"tag-fr","18":"tag-france","19":"tag-incendie","20":"tag-marseille","21":"tag-news","22":"tag-plastique","23":"tag-podcast","24":"tag-podcasts","25":"tag-provence-alpes-cote-dazur","26":"tag-republique-francaise"},"share_on_mastodon":{"url":"https:\/\/pubeurope.com\/@fr\/115811938703777433","error":""},"_links":{"self":[{"href":"https:\/\/www.europesays.com\/fr\/wp-json\/wp\/v2\/posts\/631191","targetHints":{"allow":["GET"]}}],"collection":[{"href":"https:\/\/www.europesays.com\/fr\/wp-json\/wp\/v2\/posts"}],"about":[{"href":"https:\/\/www.europesays.com\/fr\/wp-json\/wp\/v2\/types\/post"}],"author":[{"embeddable":true,"href":"https:\/\/www.europesays.com\/fr\/wp-json\/wp\/v2\/users\/2"}],"replies":[{"embeddable":true,"href":"https:\/\/www.europesays.com\/fr\/wp-json\/wp\/v2\/comments?post=631191"}],"version-history":[{"count":0,"href":"https:\/\/www.europesays.com\/fr\/wp-json\/wp\/v2\/posts\/631191\/revisions"}],"wp:featuredmedia":[{"embeddable":true,"href":"https:\/\/www.europesays.com\/fr\/wp-json\/wp\/v2\/media\/631192"}],"wp:attachment":[{"href":"https:\/\/www.europesays.com\/fr\/wp-json\/wp\/v2\/media?parent=631191"}],"wp:term":[{"taxonomy":"category","embeddable":true,"href":"https:\/\/www.europesays.com\/fr\/wp-json\/wp\/v2\/categories?post=631191"},{"taxonomy":"post_tag","embeddable":true,"href":"https:\/\/www.europesays.com\/fr\/wp-json\/wp\/v2\/tags?post=631191"}],"curies":[{"name":"wp","href":"https:\/\/api.w.org\/{rel}","templated":true}]}}