{"id":631193,"date":"2025-12-31T02:58:11","date_gmt":"2025-12-31T02:58:11","guid":{"rendered":"https:\/\/www.europesays.com\/fr\/631193\/"},"modified":"2025-12-31T02:58:11","modified_gmt":"2025-12-31T02:58:11","slug":"previsions-du-mercredi-31-decembre-2025-6","status":"publish","type":"post","link":"https:\/\/www.europesays.com\/fr\/631193\/","title":{"rendered":"pr\u00e9visions du mercredi 31 d\u00e9cembre 2025"},"content":{"rendered":"<p>Le soleil appara\u00eet l\u00e9g\u00e8rement aujourd&rsquo;hui. Ces \u00e9claircies devraient faire plaisir aux habitants de Marseille. On pr\u00e9voit des temp\u00e9ratures avoisinant 9\u00b0C. Un vent de nord-ouest soufflera l\u00e9g\u00e8rement, avec 7 km\/h. Le matin, le thermom\u00e8tre affichera 8\u00b0C en moyenne. Les valeurs afficheront entre 8\u00b0C et 9\u00b0C dans l&rsquo;apr\u00e8s-midi. Des \u00e9claircies sont attendues : on passera une soir\u00e9e agr\u00e9able. Les temp\u00e9ratures seront de 8\u00b0C. Durant la nuit de mercredi \u00e0 jeudi, le ciel sera clair.<\/p>\n<p>Demain, \u00e0 Marseille, des nuages ne voudront pas c\u00e9der leur place au soleil. Le temps sera marqu\u00e9 par des pluies \u00e9parses. Le mercure va baisser de quelques degr\u00e9s. Les temp\u00e9ratures s&rsquo;\u00e9chelonneront entre 7 et 9\u00b0C. Le soleil aura du mal \u00e0 percer au milieu des nuages qui perdureront dans la matin\u00e9e. Les valeurs seront de 9\u00b0C. Une brise de sud-est soufflera l\u00e9g\u00e8rement. Encore de la grisaille demain apr\u00e8s-midi. Les nuages vont stationner. Les temp\u00e9ratures seront de 8\u00b0C au plus bas et de 9\u00b0C au maximum. Des averses sont \u00e0 pr\u00e9voir demain soir. La ville sera de temps \u00e0 autre sous la pluie. Il va faire 8\u00b0C en moyenne. Un vent de sud-est rafra\u00eechira l\u00e9g\u00e8rement l&rsquo;atmosph\u00e8re.<\/p>\n<p>Une am\u00e9lioration est pr\u00e9vue les jours qui suivent. Il fera 5\u00b0C en moyenne pour des journ\u00e9es avec une m\u00e9t\u00e9o ensoleill\u00e9e.<\/p>\n<p><\/p>\n","protected":false},"excerpt":{"rendered":"Le soleil appara\u00eet l\u00e9g\u00e8rement aujourd&rsquo;hui. Ces \u00e9claircies devraient faire plaisir aux habitants de Marseille. On pr\u00e9voit des temp\u00e9ratures&hellip;\n","protected":false},"author":2,"featured_media":631194,"comment_status":"","ping_status":"","sticky":false,"template":"","format":"standard","meta":{"footnotes":""},"categories":[2814],"tags":[1111,11,1777,674,1011,27,884,12,2119,882,25],"class_list":{"0":"post-631193","1":"post","2":"type-post","3":"status-publish","4":"format-standard","5":"has-post-thumbnail","7":"category-marseille","8":"tag-actu","9":"tag-actualites","10":"tag-eu","11":"tag-europe","12":"tag-fr","13":"tag-france","14":"tag-marseille","15":"tag-news","16":"tag-previsions-meteo","17":"tag-provence-alpes-cote-dazur","18":"tag-republique-francaise"},"share_on_mastodon":{"url":"https:\/\/pubeurope.com\/@fr\/115811942652548793","error":""},"_links":{"self":[{"href":"https:\/\/www.europesays.com\/fr\/wp-json\/wp\/v2\/posts\/631193","targetHints":{"allow":["GET"]}}],"collection":[{"href":"https:\/\/www.europesays.com\/fr\/wp-json\/wp\/v2\/posts"}],"about":[{"href":"https:\/\/www.europesays.com\/fr\/wp-json\/wp\/v2\/types\/post"}],"author":[{"embeddable":true,"href":"https:\/\/www.europesays.com\/fr\/wp-json\/wp\/v2\/users\/2"}],"replies":[{"embeddable":true,"href":"https:\/\/www.europesays.com\/fr\/wp-json\/wp\/v2\/comments?post=631193"}],"version-history":[{"count":0,"href":"https:\/\/www.europesays.com\/fr\/wp-json\/wp\/v2\/posts\/631193\/revisions"}],"wp:featuredmedia":[{"embeddable":true,"href":"https:\/\/www.europesays.com\/fr\/wp-json\/wp\/v2\/media\/631194"}],"wp:attachment":[{"href":"https:\/\/www.europesays.com\/fr\/wp-json\/wp\/v2\/media?parent=631193"}],"wp:term":[{"taxonomy":"category","embeddable":true,"href":"https:\/\/www.europesays.com\/fr\/wp-json\/wp\/v2\/categories?post=631193"},{"taxonomy":"post_tag","embeddable":true,"href":"https:\/\/www.europesays.com\/fr\/wp-json\/wp\/v2\/tags?post=631193"}],"curies":[{"name":"wp","href":"https:\/\/api.w.org\/{rel}","templated":true}]}}