{"id":631195,"date":"2025-12-31T02:59:13","date_gmt":"2025-12-31T02:59:13","guid":{"rendered":"https:\/\/www.europesays.com\/fr\/631195\/"},"modified":"2025-12-31T02:59:13","modified_gmt":"2025-12-31T02:59:13","slug":"une-rafale-de-tirs-a-larme-automatique-secoue-ce-quartier-pres-de-lyon","status":"publish","type":"post","link":"https:\/\/www.europesays.com\/fr\/631195\/","title":{"rendered":"Une rafale de tirs \u00e0 l\u2019arme automatique secoue ce quartier pr\u00e8s de Lyon"},"content":{"rendered":"<p itemprop=\"description\"><strong>La nuit a \u00e9t\u00e9 brutalement interrompue par des tirs nourris.<\/strong><\/p>\n<p>Peu avant minuit, dans la nuit de dimanche \u00e0 lundi, une s\u00e9rie de coups de feu \u00e0 l\u2019arme automatique a \u00e9clat\u00e9 rue du 8-Mai-1945, dans le quartier de Haute-Roche, \u00e0 Oullins-Pierre-B\u00e9nite.<\/p>\n<p>\u00c0 l\u2019arriv\u00e9e des forces de l\u2019ordre, 27 douilles jonchaient le sol, pr\u00e9cise le\u00a0Progr\u00e8s. L\u2019une d\u2019elles a travers\u00e9 le rideau m\u00e9tallique d\u2019un commerce alimentaire situ\u00e9 \u00e0 proximit\u00e9. Par chance, aucune victime n\u2019a \u00e9t\u00e9 signal\u00e9e.<\/p>\n<p>Selon les premiers \u00e9l\u00e9ments, un point de deal proche pourrait avoir \u00e9t\u00e9 vis\u00e9, alors qu\u2019il \u00e9tait vraisemblablement ferm\u00e9. Les \u00e9tuis d\u00e9couverts, de calibre 7,62, laissent ainsi penser qu\u2019une arme de type Kalachnikov a pu \u00eatre utilis\u00e9e.<\/p>\n<p>La police technique et scientifique a proc\u00e9d\u00e9 aux constatations d\u2019usage. Les images de vid\u00e9osurveillance ont \u00e9t\u00e9 exploit\u00e9es et plusieurs riverains ont \u00e9t\u00e9 entendus. Le ou les auteurs sont activement recherch\u00e9s. Ils pourraient avoir pris la fuite \u00e0 bord d\u2019un v\u00e9hicule de couleur noire.<br \/>Une enqu\u00eate de police est en cours.<\/p>\n","protected":false},"excerpt":{"rendered":"La nuit a \u00e9t\u00e9 brutalement interrompue par des tirs nourris. Peu avant minuit, dans la nuit de dimanche&hellip;\n","protected":false},"author":2,"featured_media":631196,"comment_status":"","ping_status":"","sticky":false,"template":"","format":"standard","meta":{"footnotes":""},"categories":[1889],"tags":[1111,11,2813,2190,2430,1109,251,1112,2811,1777,674,118,1011,27,1922,1110,1114,2428,2810,12,241,316,25,2812,517,800],"class_list":{"0":"post-631195","1":"post","2":"type-post","3":"status-publish","4":"format-standard","5":"has-post-thumbnail","7":"category-lyon","8":"tag-actu","9":"tag-actualites","10":"tag-article","11":"tag-asvel","12":"tag-auvergne-rhone-alpes","13":"tag-breves","14":"tag-culture","15":"tag-depeches","16":"tag-economique","17":"tag-eu","18":"tag-europe","19":"tag-faits-divers","20":"tag-fr","21":"tag-france","22":"tag-info","23":"tag-informations","24":"tag-infos","25":"tag-lyon","26":"tag-lyonmag","27":"tag-news","28":"tag-ol","29":"tag-politique","30":"tag-republique-francaise","31":"tag-sociale","32":"tag-sport","33":"tag-transports"},"share_on_mastodon":{"url":"https:\/\/pubeurope.com\/@fr\/115811946620523837","error":""},"_links":{"self":[{"href":"https:\/\/www.europesays.com\/fr\/wp-json\/wp\/v2\/posts\/631195","targetHints":{"allow":["GET"]}}],"collection":[{"href":"https:\/\/www.europesays.com\/fr\/wp-json\/wp\/v2\/posts"}],"about":[{"href":"https:\/\/www.europesays.com\/fr\/wp-json\/wp\/v2\/types\/post"}],"author":[{"embeddable":true,"href":"https:\/\/www.europesays.com\/fr\/wp-json\/wp\/v2\/users\/2"}],"replies":[{"embeddable":true,"href":"https:\/\/www.europesays.com\/fr\/wp-json\/wp\/v2\/comments?post=631195"}],"version-history":[{"count":0,"href":"https:\/\/www.europesays.com\/fr\/wp-json\/wp\/v2\/posts\/631195\/revisions"}],"wp:featuredmedia":[{"embeddable":true,"href":"https:\/\/www.europesays.com\/fr\/wp-json\/wp\/v2\/media\/631196"}],"wp:attachment":[{"href":"https:\/\/www.europesays.com\/fr\/wp-json\/wp\/v2\/media?parent=631195"}],"wp:term":[{"taxonomy":"category","embeddable":true,"href":"https:\/\/www.europesays.com\/fr\/wp-json\/wp\/v2\/categories?post=631195"},{"taxonomy":"post_tag","embeddable":true,"href":"https:\/\/www.europesays.com\/fr\/wp-json\/wp\/v2\/tags?post=631195"}],"curies":[{"name":"wp","href":"https:\/\/api.w.org\/{rel}","templated":true}]}}