{"id":631211,"date":"2025-12-31T03:08:26","date_gmt":"2025-12-31T03:08:26","guid":{"rendered":"https:\/\/www.europesays.com\/fr\/631211\/"},"modified":"2025-12-31T03:08:26","modified_gmt":"2025-12-31T03:08:26","slug":"lukraine-rejette-les-accusations-russes-moscou-ne-fournit-aucune-preuve-dune-attaque-de-drone","status":"publish","type":"post","link":"https:\/\/www.europesays.com\/fr\/631211\/","title":{"rendered":"L\u2019Ukraine rejette les accusations russes, Moscou ne fournit aucune preuve d\u2019une attaque de drone"},"content":{"rendered":"<p>Vous avez rat\u00e9 les derniers \u00e9v\u00e9nements sur la <a href=\"https:\/\/www.20minutes.fr\/monde\/ukraine\/\" class=\"c-link c-link--is-underlined\" target=\"_blank\" rel=\"noopener\">guerre en Ukraine<\/a>\u00a0? 20 Minutes fait le point pour vous tous les soirs. Voici l\u2019essentiel de ce mardi 30\u00a0d\u00e9cembre, au 1.406e jour du conflit.<\/p>\n<p>Le fait du jour<\/p>\n<p>Kiev a <a href=\"https:\/\/www.20minutes.fr\/monde\/ukraine\/4193728-20251230-guerre-ukraine-apres-attaque-presumee-contre-residence-poutine-kiev-attend-preuves\" class=\"c-link c-link--is-underlined\" target=\"_blank\" rel=\"noopener\">point\u00e9 mardi l\u2019absence de preuves<\/a> \u00e9tayant les accusations de Moscou sur <a href=\"https:\/\/www.20minutes.fr\/monde\/ukraine\/4193638-20251229-guerre-ukraine-residence-poutine-ciblee-drones-trump-denonce-attaque-contre-maison\" class=\"c-link c-link--is-underlined\" target=\"_blank\" rel=\"noopener\">une attaque ukrainienne de drones<\/a> contre une r\u00e9sidence de <a href=\"https:\/\/www.20minutes.fr\/monde\/vladimir_poutine\/\" class=\"c-link c-link--is-underlined\" target=\"_blank\" rel=\"noopener\">Vladimir Poutine<\/a>, tandis que Moscou a averti qu\u2019elle allait durcir sa position dans les pourparlers sur la fin du conflit.<\/p>\n<p>Ce soudain regain de tension diplomatique intervient peu apr\u00e8s des <a href=\"https:\/\/www.20minutes.fr\/monde\/ukraine\/4193561-20251229-guerre-ukraine-etats-unis-propose-kiev-garanties-solides-moins-15-ans\" class=\"c-link c-link--is-underlined\" target=\"_blank\" rel=\"noopener\">d\u00e9clarations am\u00e9ricaines et ukrainiennes<\/a> faisant \u00e9tat de progr\u00e8s dans les discussions en vue d\u2019un accord pouvant faire cesser l\u2019invasion russe de l\u2019Ukraine.<\/p>\n<p>Et ces accusations jettent le doute sur la poursuite des tractations diplomatiques engag\u00e9es depuis novembre pour tenter de mettre fin au conflit le plus meurtrier en Europe depuis la Seconde Guerre mondiale.<\/p>\n<p>La d\u00e9claration du jour<\/p>\n<blockquote class=\"mx-m@xs mx-xxl@md color-ultramarine c-citation\">\n<p class=\"font-weight-regular@xs text-italic font-source-serif-pro text-l@xs c-citation__content\">\u00ab\u00a0Les cons\u00e9quences (de cette attaque) se traduiront par un durcissement de la position de n\u00e9gociation de la F\u00e9d\u00e9ration de Russie.\u00a0\u00bb<\/p>\n<\/blockquote>\n<p>Lors de son briefing quotidien mardi, le porte-parole du Kremlin Dmitri Peskov n\u2019a pas fourni de preuve, assurant que les drones avaient tous \u00e9t\u00e9 abattus et qu\u2019il faudrait de ce fait s\u2019adresser au minist\u00e8re russe de la D\u00e9fense concernant la pr\u00e9sence d\u2019\u00e9ventuels d\u00e9bris.<\/p>\n<p>\u00ab\u00a0Les autorit\u00e9s russes elles-m\u00eames disent tout et son contraire sur ce qui s\u2019est r\u00e9ellement produit\u00a0\u00bb, a soulign\u00e9 l\u2019entourage d\u2019<a href=\"https:\/\/www.20minutes.fr\/politique\/emmanuel-macron\/\" class=\"c-link c-link--is-underlined\" target=\"_blank\" rel=\"noopener\">Emmanuel Macron<\/a>, ajoutant qu\u2019il n\u2019y a \u00ab\u00a0aucune preuve solide\u00a0\u00bb de cette attaque, \u00ab\u00a0y compris apr\u00e8s recoupement des informations avec nos partenaires\u00a0\u00bb.<\/p>\n<\/p>\n<p>Le chiffre du jour<\/p>\n<p>60. Sur le terrain, les bombardements entre les deux camps se poursuivent. Dans la nuit de lundi \u00e0 mardi, l\u2019Ukraine a \u00e9t\u00e9 vis\u00e9e par deux missiles et soixante drones russes, selon l\u2019arm\u00e9e de l\u2019air ukrainienne.<\/p>\n<p>Les autorit\u00e9s de la r\u00e9gion de Tcherniguiv dans le nord de l\u2019Ukraine ont par ailleurs ordonn\u00e9 mardi l\u2019\u00e9vacuation de 14 villages proches de la fronti\u00e8re avec la Bi\u00e9lorussie et la Russie, en raison de bombardements russes quotidiens.<\/p>\n<p>Dans la matin\u00e9e, la grande ville ukrainienne de Zaporijjia (sud) a, elle, \u00e9t\u00e9 frapp\u00e9e par trois bombes a\u00e9riennes russes, selon les autorit\u00e9s locales. Une femme a \u00e9t\u00e9 bless\u00e9e et plusieurs maisons et immeubles r\u00e9sidentiels endommag\u00e9s. Une frappe de drone russe a tu\u00e9 mardi un homme dans le village de Vesselyanka, pr\u00e8s de Zaporijjia, a indiqu\u00e9 le gouverneur, Ivan Fedorov.<\/p>\n<p>La tendance<\/p>\n<p>Le pr\u00e9sident ukrainien <a href=\"https:\/\/www.20minutes.fr\/monde\/volodymyr-zelensky\/\" class=\"c-link c-link--is-underlined\" target=\"_blank\" rel=\"noopener\">Volodymyr Zelensky<\/a> a annonc\u00e9 mardi qu\u2019une r\u00e9union avec les dirigeants des pays alli\u00e9s de Kiev \u00e9tait pr\u00e9vue la semaine prochaine en France, dans le cadre des pourparlers visant \u00e0 mettre fin \u00e0 l\u2019invasion russe de l\u2019Ukraine.<\/p>\n<p><a href=\"https:\/\/www.20minutes.fr\/monde\/ukraine\/\" class=\"c-link c-btn c-btn--primary\" target=\"_blank\" rel=\"noopener\">Notre dossier sur la guerre en Ukraine<\/a><\/p>\n<p>Cette r\u00e9union, planifi\u00e9e \u00ab\u00a0pour le 6\u00a0janvier\u00a0\u00bb, devrait \u00eatre pr\u00e9c\u00e9d\u00e9e d\u2019une rencontre en Ukraine au niveau des conseillers \u00e0 la s\u00e9curit\u00e9 des pays alli\u00e9s de <a href=\"https:\/\/www.20minutes.fr\/dossier\/kiev\" target=\"_blank\" class=\"c-link c-link--is-underlined\" rel=\"noopener\">Kiev<\/a>, a ajout\u00e9 sur X le dirigeant ukrainien. \u00ab\u00a0Nous la pr\u00e9voyons pour le 3\u00a0janvier\u00a0\u00bb, a-t-il pr\u00e9cis\u00e9.<\/p>\n<p>Ces r\u00e9unions auront pour but de \u00ab\u00a0passer en revue tous les documents, tous les travaux pr\u00e9paratoires et les points suppl\u00e9mentaires\u00a0\u00bb, a pr\u00e9cis\u00e9 Volodymyr Zelensky lors d\u2019une conf\u00e9rence en ligne avec des journalistes.<\/p>\n","protected":false},"excerpt":{"rendered":"Vous avez rat\u00e9 les derniers \u00e9v\u00e9nements sur la guerre en Ukraine\u00a0? 20 Minutes fait le point pour vous&hellip;\n","protected":false},"author":2,"featured_media":631212,"comment_status":"","ping_status":"","sticky":false,"template":"","format":"standard","meta":{"footnotes":""},"categories":[1590],"tags":[47,11,1777,674,131,4997,4998,74,1916,12,132,220,135,134],"class_list":{"0":"post-631211","1":"post","2":"type-post","3":"status-publish","4":"format-standard","5":"has-post-thumbnail","7":"category-ukraine","8":"tag-actualite","9":"tag-actualites","10":"tag-eu","11":"tag-europe","12":"tag-guerre-en-ukraine","13":"tag-kiev-kyiv","14":"tag-kremlin","15":"tag-monde","16":"tag-moscou","17":"tag-news","18":"tag-russie","19":"tag-ukraine","20":"tag-vladimir-poutine","21":"tag-volodymyr-zelensky"},"share_on_mastodon":{"url":"https:\/\/pubeurope.com\/@fr\/115811981883764868","error":""},"_links":{"self":[{"href":"https:\/\/www.europesays.com\/fr\/wp-json\/wp\/v2\/posts\/631211","targetHints":{"allow":["GET"]}}],"collection":[{"href":"https:\/\/www.europesays.com\/fr\/wp-json\/wp\/v2\/posts"}],"about":[{"href":"https:\/\/www.europesays.com\/fr\/wp-json\/wp\/v2\/types\/post"}],"author":[{"embeddable":true,"href":"https:\/\/www.europesays.com\/fr\/wp-json\/wp\/v2\/users\/2"}],"replies":[{"embeddable":true,"href":"https:\/\/www.europesays.com\/fr\/wp-json\/wp\/v2\/comments?post=631211"}],"version-history":[{"count":0,"href":"https:\/\/www.europesays.com\/fr\/wp-json\/wp\/v2\/posts\/631211\/revisions"}],"wp:featuredmedia":[{"embeddable":true,"href":"https:\/\/www.europesays.com\/fr\/wp-json\/wp\/v2\/media\/631212"}],"wp:attachment":[{"href":"https:\/\/www.europesays.com\/fr\/wp-json\/wp\/v2\/media?parent=631211"}],"wp:term":[{"taxonomy":"category","embeddable":true,"href":"https:\/\/www.europesays.com\/fr\/wp-json\/wp\/v2\/categories?post=631211"},{"taxonomy":"post_tag","embeddable":true,"href":"https:\/\/www.europesays.com\/fr\/wp-json\/wp\/v2\/tags?post=631211"}],"curies":[{"name":"wp","href":"https:\/\/api.w.org\/{rel}","templated":true}]}}